{"id":13250,"date":"2022-01-26T17:10:08","date_gmt":"2022-01-26T20:10:08","guid":{"rendered":"https:\/\/radiorevelacionfm.cl\/?p=13250"},"modified":"2022-01-26T17:10:08","modified_gmt":"2022-01-26T20:10:08","slug":"en-puerto-guadal-continuan-talleres-de-tenencia-responsable-de-mascotas","status":"publish","type":"post","link":"https:\/\/radiorevelacionfm.cl\/?p=13250","title":{"rendered":"En Puerto Guadal contin\u00faan talleres de tenencia responsable de mascotas"},"content":{"rendered":"<div class=\"flex_column av_one_full  flex_column_div av-zero-column-padding first  avia-builder-el-0  el_before_av_one_full  avia-builder-el-first  \" style='border-radius:0px; '><div  class='avia-image-container  av-styling-    avia-builder-el-1  avia-builder-el-no-sibling  avia-align-center '  itemprop=\"image\" itemscope=\"itemscope\" itemtype=\"https:\/\/schema.org\/ImageObject\"  ><div class='avia-image-container-inner'><div class='avia-image-overlay-wrap'><img decoding=\"async\" class='wp-image-13251 avia-img-lazy-loading-not-13251 avia_image' src=\"https:\/\/radiorevelacionfm.cl\/wp-content\/uploads\/2022\/01\/Mascotas_Guadal-1-1.jpg\" alt='' title='Mascotas_Guadal (1) (1)' height=\"600\" width=\"800\"  itemprop=\"thumbnailUrl\" srcset=\"https:\/\/radiorevelacionfm.cl\/wp-content\/uploads\/2022\/01\/Mascotas_Guadal-1-1.jpg 800w, https:\/\/radiorevelacionfm.cl\/wp-content\/uploads\/2022\/01\/Mascotas_Guadal-1-1-300x225.jpg 300w, https:\/\/radiorevelacionfm.cl\/wp-content\/uploads\/2022\/01\/Mascotas_Guadal-1-1-768x576.jpg 768w, https:\/\/radiorevelacionfm.cl\/wp-content\/uploads\/2022\/01\/Mascotas_Guadal-1-1-705x529.jpg 705w, https:\/\/radiorevelacionfm.cl\/wp-content\/uploads\/2022\/01\/Mascotas_Guadal-1-1-600x450.jpg 600w\" sizes=\"(max-width: 800px) 100vw, 800px\" \/><\/div><\/div><\/div><\/div><div class=\"flex_column av_one_full  flex_column_div av-zero-column-padding first  avia-builder-el-2  el_after_av_one_full  el_before_av_one_full  column-top-margin\" style='border-radius:0px; '><section class=\"av_textblock_section \"  itemscope=\"itemscope\" itemtype=\"https:\/\/schema.org\/BlogPosting\" itemprop=\"blogPost\" ><div class='avia_textblock  '   itemprop=\"text\" ><p style=\"text-align: center;\"><span style=\"font-size: 18pt;\"><b><span lang=\"ES\">En Puerto Guadal contin<\/span><\/b><b><span lang=\"X-NONE\">\u00faan talleres de\u00a0<\/span><\/b><b><span lang=\"ES\">tenencia responsable de mascotas<\/span><\/b><\/span><\/p>\n<div id=\"gtx-trans\" style=\"position: absolute; left: -50px; top: 4.31534px;\">\n<div class=\"gtx-trans-icon\"><\/div>\n<\/div>\n<\/div><\/section><\/div><div class=\"flex_column av_one_full  flex_column_div av-zero-column-padding first  avia-builder-el-4  el_after_av_one_full  el_before_av_hr  column-top-margin\" style='border-radius:0px; '><section class=\"av_textblock_section \"  itemscope=\"itemscope\" itemtype=\"https:\/\/schema.org\/BlogPosting\" itemprop=\"blogPost\" ><div class='avia_textblock  '   itemprop=\"text\" ><p class=\"v1MsoNormal\" style=\"text-align: justify;\"><span lang=\"ES\">Con una\u00a0<\/span><span lang=\"X-NONE\">positiva participaci\u00f3n de la comunidad local se desarroll\u00f3 el 22 de enero el segundo\u00a0<\/span><span lang=\"ES\">taller de tenencia responsable de mascotas, que impulsa en Puerto Guadal la Agrupaci\u00f3n \u00ab<i>Brigada Lo \u00fanico que tengo<\/i>\u00bb de Chile Chico.\u00a0\u00a0La actividad se enmarca en el proyecto \u00ab<i>Educar para Cuidar y Disfrutar con Nuestras Mascotas<\/i>\u00ab, que cuenta con recursos de la Subsecretar\u00eda de Desarrollo Regional y Administrativo (Subdere) y la colaboraci\u00f3n de la Junta de Vecinos N8 de Puerto Guadal y la Municipalidad de Chile Chico.\u00a0<\/span><\/p>\n<p class=\"v1MsoNormal\" style=\"text-align: justify;\"><span lang=\"ES\">Una veintena de vecinos y vecinas, junto con sus perros y gatos, concurrieron a la sede comunitaria de la localidad, para participar de la charla\u00a0<\/span><span lang=\"X-NONE\">de la\u00a0<\/span><span lang=\"ES\">veterinaria Franc\u00edn Herrera Villegas.\u00a0\u00a0En la ocasi<\/span><span lang=\"X-NONE\">\u00f3n la profesional se refiri\u00f3 a las principales enfermedades de las mascotas y sus ciclos reproductivos, adem\u00e1s de los aspectos involucrados en los procedimientos de esterilizaci\u00f3n.\u00a0<\/span><\/p>\n<p class=\"v1MsoNormal\" style=\"text-align: justify;\"><span lang=\"X-NONE\">La jornada incluy\u00f3 la entrega a las y los asistentes del libro \u00ab<i>Las aventuras de No\u00e9<\/i>\u00ab,\u00a0<\/span><span lang=\"ES\">editado por la Fundaci\u00f3n Arca, ade<\/span><span lang=\"X-NONE\">m\u00e1s de peluches e implementos para las mascotas.<\/span><\/p>\n<p class=\"v1MsoNormal\" style=\"text-align: justify;\"><span lang=\"ES\">El proyecto incluye asimismo el programa \u00ab<i>Como perros y gatos<\/i>\u00bb que conduce la periodista Kay Mu\u00f1oz Lazo y que se emite todos los viernes a las 11 horas por Radio La Perla del Lago.\u00a0\u00a0\u00a0Tambi<\/span><span lang=\"X-NONE\">\u00e9n\u00a0<\/span><span lang=\"ES\">contempla difusi\u00f3n de infograf\u00edas en redes sociales y c\u00e1psulas en la misma emisora.<\/span><\/p>\n<p class=\"v1MsoNormal\" style=\"text-align: justify;\"><span lang=\"ES\">El pr<\/span><span lang=\"X-NONE\">\u00f3ximo taller ser\u00e1 el\u00a0<b>s\u00e1bado 19 de febrero<\/b>, a las 15:30 horas, en la sede comunitaria de Puerto Guadal. En paralelo, Franc\u00edn Herrera realizar\u00e1 ese fin de semana atenciones particulares de esterilizaci\u00f3n.<\/span><\/p>\n<p class=\"v1MsoNormal\" style=\"text-align: justify;\"><span lang=\"ES\">Inscripciones para e<\/span><span lang=\"X-NONE\">l taller\u00a0<\/span><span lang=\"ES\">se pueden realizar al correo\u00a0<a href=\"mailto:juntavecinosguadal@gmail.com\" rel=\"noreferrer\">juntavecinosguadal@gmail.com<\/a>, al whatsapp +56982487037 o en la p\u00e1gina de Facebook de la\u00a0<a href=\"https:\/\/www.facebook.com\/Junta-de-vecinos-No-8-Puerto-Guadal-1088518024672626\" target=\"_blank\" rel=\"noopener noreferrer\">Junta de Vecinos N8 de Puerto Guadal<\/a>.<\/span><\/p>\n<\/div><\/section><\/div><div  style='height:50px' class='hr hr-invisible   avia-builder-el-6  el_after_av_one_full  el_before_av_social_share '><span class='hr-inner ' ><span class='hr-inner-style'><\/span><\/span><\/div><\/p>\n<div  class='av-social-sharing-box  avia-builder-el-7  el_after_av_hr  el_before_av_hr  '><div class='av-share-box'><h5 class='av-share-link-description av-no-toc '>Compartir esta noticia<\/h5><ul class='av-share-box-list noLightbox'><li class='av-share-link av-social-link-facebook' ><a target=\"_blank\" aria-label=\"Compartir en Facebook\" href='https:\/\/www.facebook.com\/sharer.php?u=https:\/\/radiorevelacionfm.cl\/?p=13250&#038;t=En%20Puerto%20Guadal%20contin%C3%BAan%20talleres%20de%20tenencia%20responsable%20de%20mascotas' aria-hidden='false' data-av_icon='\ue8f3' data-av_iconfont='entypo-fontello' title='' data-avia-related-tooltip='Compartir en Facebook' rel=\"noopener\"><span class='avia_hidden_link_text'>Compartir en Facebook<\/span><\/a><\/li><li class='av-share-link av-social-link-twitter' ><a target=\"_blank\" aria-label=\"Compartir en Twitter\" href='https:\/\/twitter.com\/share?text=En%20Puerto%20Guadal%20contin%C3%BAan%20talleres%20de%20tenencia%20responsable%20de%20mascotas&#038;url=https:\/\/radiorevelacionfm.cl\/?p=13250' aria-hidden='false' data-av_icon='\ue8f1' data-av_iconfont='entypo-fontello' title='' data-avia-related-tooltip='Compartir en Twitter' rel=\"noopener\"><span class='avia_hidden_link_text'>Compartir en Twitter<\/span><\/a><\/li><li class='av-share-link av-social-link-whatsapp' ><a target=\"_blank\" aria-label=\"Compartir en Whatsapp\" href='https:\/\/api.whatsapp.com\/send?text=https:\/\/radiorevelacionfm.cl\/?p=13250' aria-hidden='false' data-av_icon='\uf232' data-av_iconfont='entypo-fontello' title='' data-avia-related-tooltip='Compartir en Whatsapp' rel=\"noopener\"><span class='avia_hidden_link_text'>Compartir en Whatsapp<\/span><\/a><\/li><li class='av-share-link av-social-link-linkedin' ><a target=\"_blank\" aria-label=\"Compartir en LinkedIn\" href='https:\/\/linkedin.com\/shareArticle?mini=true&#038;title=En%20Puerto%20Guadal%20contin%C3%BAan%20talleres%20de%20tenencia%20responsable%20de%20mascotas&#038;url=https:\/\/radiorevelacionfm.cl\/?p=13250' aria-hidden='false' data-av_icon='\ue8fc' data-av_iconfont='entypo-fontello' title='' data-avia-related-tooltip='Compartir en LinkedIn' rel=\"noopener\"><span class='avia_hidden_link_text'>Compartir en LinkedIn<\/span><\/a><\/li><li class='av-share-link av-social-link-mail' ><a  aria-label=\"Compartir por correo\" href='mailto:?subject=En%20Puerto%20Guadal%20contin%C3%BAan%20talleres%20de%20tenencia%20responsable%20de%20mascotas&#038;body=https:\/\/radiorevelacionfm.cl\/?p=13250' aria-hidden='false' data-av_icon='\ue805' data-av_iconfont='entypo-fontello' title='' data-avia-related-tooltip='Compartir por correo'><span class='avia_hidden_link_text'>Compartir por correo<\/span><\/a><\/li><\/ul><\/div><\/div>\n<div  style='height:50px' class='hr hr-invisible   avia-builder-el-8  el_after_av_social_share  el_before_av_comments_list '><span class='hr-inner ' ><span class='hr-inner-style'><\/span><\/span><\/div>\n<div  class='av-buildercomment  av-blog-meta-html-info-disabled av-blog-meta-tag-disabled  '><\/div>\n","protected":false},"excerpt":{"rendered":"","protected":false},"author":1,"featured_media":13251,"comment_status":"open","ping_status":"open","sticky":false,"template":"","format":"standard","meta":{"footnotes":""},"categories":[38],"tags":[],"class_list":["post-13250","post","type-post","status-publish","format-standard","has-post-thumbnail","hentry","category-regional"],"jetpack_featured_media_url":"https:\/\/radiorevelacionfm.cl\/wp-content\/uploads\/2022\/01\/Mascotas_Guadal-1-1.jpg","_links":{"self":[{"href":"https:\/\/radiorevelacionfm.cl\/index.php?rest_route=\/wp\/v2\/posts\/13250","targetHints":{"allow":["GET"]}}],"collection":[{"href":"https:\/\/radiorevelacionfm.cl\/index.php?rest_route=\/wp\/v2\/posts"}],"about":[{"href":"https:\/\/radiorevelacionfm.cl\/index.php?rest_route=\/wp\/v2\/types\/post"}],"author":[{"embeddable":true,"href":"https:\/\/radiorevelacionfm.cl\/index.php?rest_route=\/wp\/v2\/users\/1"}],"replies":[{"embeddable":true,"href":"https:\/\/radiorevelacionfm.cl\/index.php?rest_route=%2Fwp%2Fv2%2Fcomments&post=13250"}],"version-history":[{"count":2,"href":"https:\/\/radiorevelacionfm.cl\/index.php?rest_route=\/wp\/v2\/posts\/13250\/revisions"}],"predecessor-version":[{"id":13260,"href":"https:\/\/radiorevelacionfm.cl\/index.php?rest_route=\/wp\/v2\/posts\/13250\/revisions\/13260"}],"wp:featuredmedia":[{"embeddable":true,"href":"https:\/\/radiorevelacionfm.cl\/index.php?rest_route=\/wp\/v2\/media\/13251"}],"wp:attachment":[{"href":"https:\/\/radiorevelacionfm.cl\/index.php?rest_route=%2Fwp%2Fv2%2Fmedia&parent=13250"}],"wp:term":[{"taxonomy":"category","embeddable":true,"href":"https:\/\/radiorevelacionfm.cl\/index.php?rest_route=%2Fwp%2Fv2%2Fcategories&post=13250"},{"taxonomy":"post_tag","embeddable":true,"href":"https:\/\/radiorevelacionfm.cl\/index.php?rest_route=%2Fwp%2Fv2%2Ftags&post=13250"}],"curies":[{"name":"wp","href":"https:\/\/api.w.org\/{rel}","templated":true}]}}