{"id":13247,"date":"2022-01-27T09:37:53","date_gmt":"2022-01-27T12:37:53","guid":{"rendered":"https:\/\/radiorevelacionfm.cl\/?p=13247"},"modified":"2022-01-27T09:37:53","modified_gmt":"2022-01-27T12:37:53","slug":"avanza-mocion-que-permitira-que-huerfanos-por-la-pandemia-reciban-pensiones-de-gracia","status":"publish","type":"post","link":"https:\/\/radiorevelacionfm.cl\/?p=13247","title":{"rendered":"Avanza moci\u00f3n que permitir\u00e1 que hu\u00e9rfanos por la pandemia reciban pensiones de gracia"},"content":{"rendered":"<div class=\"flex_column av_one_full  flex_column_div av-zero-column-padding first  avia-builder-el-0  el_before_av_one_full  avia-builder-el-first  \" style='border-radius:0px; '><div  class='avia-image-container  av-styling-    avia-builder-el-1  avia-builder-el-no-sibling  avia-align-center '  itemprop=\"image\" itemscope=\"itemscope\" itemtype=\"https:\/\/schema.org\/ImageObject\"  ><div class='avia-image-container-inner'><div class='avia-image-overlay-wrap'><img decoding=\"async\" class='wp-image-13248 avia-img-lazy-loading-not-13248 avia_image' src=\"https:\/\/radiorevelacionfm.cl\/wp-content\/uploads\/2022\/01\/Covid19-1-1-1.jpg\" alt='' title='Covid19-1 (1) (1)' height=\"600\" width=\"900\"  itemprop=\"thumbnailUrl\" srcset=\"https:\/\/radiorevelacionfm.cl\/wp-content\/uploads\/2022\/01\/Covid19-1-1-1.jpg 900w, https:\/\/radiorevelacionfm.cl\/wp-content\/uploads\/2022\/01\/Covid19-1-1-1-300x200.jpg 300w, https:\/\/radiorevelacionfm.cl\/wp-content\/uploads\/2022\/01\/Covid19-1-1-1-768x512.jpg 768w, https:\/\/radiorevelacionfm.cl\/wp-content\/uploads\/2022\/01\/Covid19-1-1-1-705x470.jpg 705w, https:\/\/radiorevelacionfm.cl\/wp-content\/uploads\/2022\/01\/Covid19-1-1-1-600x400.jpg 600w\" sizes=\"(max-width: 900px) 100vw, 900px\" \/><\/div><\/div><\/div><\/div><div class=\"flex_column av_one_full  flex_column_div av-zero-column-padding first  avia-builder-el-2  el_after_av_one_full  el_before_av_one_full  column-top-margin\" style='border-radius:0px; '><section class=\"av_textblock_section \"  itemscope=\"itemscope\" itemtype=\"https:\/\/schema.org\/BlogPosting\" itemprop=\"blogPost\" ><div class='avia_textblock  '   itemprop=\"text\" ><p style=\"text-align: center;\"><strong><span style=\"font-size: 18pt;\">Avanza moci\u00f3n que permitir\u00e1 que hu\u00e9rfanos por la pandemia reciban pensiones de gracia<\/span><\/strong><\/p>\n<div id=\"gtx-trans\" style=\"position: absolute; left: -50px; top: 4.31534px;\">\n<div class=\"gtx-trans-icon\"><\/div>\n<\/div>\n<\/div><\/section><\/div><div class=\"flex_column av_one_full  flex_column_div av-zero-column-padding first  avia-builder-el-4  el_after_av_one_full  el_before_av_hr  column-top-margin\" style='border-radius:0px; '><section class=\"av_textblock_section \"  itemscope=\"itemscope\" itemtype=\"https:\/\/schema.org\/BlogPosting\" itemprop=\"blogPost\" ><div class='avia_textblock  '   itemprop=\"text\" ><p style=\"text-align: justify;\">El texto dispone que los menores de edad o hasta los 24 a\u00f1os si se mantiene como estudiante y cuyos cuidadores legales hayan fallecido por causa del COVID-19 podr\u00e1n invocar la causal habilitante para solicitar pensiones de gracia. Asimismo, se precisa que el beneficio no ser\u00e1 incompatible con ning\u00fan otro beneficio o prestaci\u00f3n de seguridad social.<\/p>\n<p style=\"text-align: justify;\">El Senado respald\u00f3 el otorgamiento de pensiones de gracia por el presidente de la Rep\u00fablica, para incorporar espec\u00edficamente a los hijos de personas fallecidas por COVID-19. Ahora, la propuesta debe ser analizada por la C\u00e1mara de Diputados y Diputadas.<\/p>\n<p style=\"text-align: justify;\">La moci\u00f3n,\u00a0se sit\u00faa en el contexto de las tr\u00e1gicas consecuencias de la pandemia por Covid, la que, hasta julio de 2021 se tradujo en la muerte de m\u00e1s de 34.000 personas, la mayor parte, sostenedores de sus respectivos grupos familiares, a lo cual se suma el hecho conocido que, en forma progresiva la edad de las personas fallecidas por dicha enfermedad ha comenzado a disminuir, por lo que es esperable un aumento en el n\u00famero de ni\u00f1os, ni\u00f1as y adolescentes que queden y que han quedado en situaci\u00f3n de orfandad.<\/p>\n<p style=\"text-align: justify;\">Con todo, se precisa que\u00a0\u201cdurante el a\u00f1o 2022, los menores de edad o hasta los 24 a\u00f1os si se mantiene como estudiante regular, en cualquier nivel, en instituciones o establecimientos educacionales reconocidos por el Estado, cuyos cuidadores legales hayan fallecido por causa del COVID-19, a contar de marzo de 2020, puedan invocar la causal habilitante para solicitar pensiones de gracia, establecida en el art\u00edculo 2\u00b0, literal b), de la ley N\u00b018.056, que \u201cestablece normas generales sobre otorgamiento de pensiones de gracia por el Presidente de la Rep\u00fablica\u201d, y que permite su otorgamiento a las \u201cpersonas afectadas por accidente o cat\u00e1strofe, respecto de las cuales existan circunstancias extraordinarias que justifiquen el otorgamiento de una pensi\u00f3n\u201d.<\/p>\n<p style=\"text-align: justify;\">Asimismo, dispone que el otorgamiento de este beneficio no ser\u00e1 incompatible con ning\u00fan otro beneficio o prestaci\u00f3n de seguridad social.<\/p>\n<\/div><\/section><\/div><div  style='height:50px' class='hr hr-invisible   avia-builder-el-6  el_after_av_one_full  el_before_av_social_share '><span class='hr-inner ' ><span class='hr-inner-style'><\/span><\/span><\/div><\/p>\n<div  class='av-social-sharing-box  avia-builder-el-7  el_after_av_hr  el_before_av_hr  '><div class='av-share-box'><h5 class='av-share-link-description av-no-toc '>Compartir esta noticia<\/h5><ul class='av-share-box-list noLightbox'><li class='av-share-link av-social-link-facebook' ><a target=\"_blank\" aria-label=\"Compartir en Facebook\" href='https:\/\/www.facebook.com\/sharer.php?u=https:\/\/radiorevelacionfm.cl\/?p=13247&#038;t=Avanza%20moci%C3%B3n%20que%20permitir%C3%A1%20que%20hu%C3%A9rfanos%20por%20la%20pandemia%20reciban%20pensiones%20de%20gracia' aria-hidden='false' data-av_icon='\ue8f3' data-av_iconfont='entypo-fontello' title='' data-avia-related-tooltip='Compartir en Facebook' rel=\"noopener\"><span class='avia_hidden_link_text'>Compartir en Facebook<\/span><\/a><\/li><li class='av-share-link av-social-link-twitter' ><a target=\"_blank\" aria-label=\"Compartir en Twitter\" href='https:\/\/twitter.com\/share?text=Avanza%20moci%C3%B3n%20que%20permitir%C3%A1%20que%20hu%C3%A9rfanos%20por%20la%20pandemia%20reciban%20pensiones%20de%20gracia&#038;url=https:\/\/radiorevelacionfm.cl\/?p=13247' aria-hidden='false' data-av_icon='\ue8f1' data-av_iconfont='entypo-fontello' title='' data-avia-related-tooltip='Compartir en Twitter' rel=\"noopener\"><span class='avia_hidden_link_text'>Compartir en Twitter<\/span><\/a><\/li><li class='av-share-link av-social-link-whatsapp' ><a target=\"_blank\" aria-label=\"Compartir en Whatsapp\" href='https:\/\/api.whatsapp.com\/send?text=https:\/\/radiorevelacionfm.cl\/?p=13247' aria-hidden='false' data-av_icon='\uf232' data-av_iconfont='entypo-fontello' title='' data-avia-related-tooltip='Compartir en Whatsapp' rel=\"noopener\"><span class='avia_hidden_link_text'>Compartir en Whatsapp<\/span><\/a><\/li><li class='av-share-link av-social-link-linkedin' ><a target=\"_blank\" aria-label=\"Compartir en LinkedIn\" href='https:\/\/linkedin.com\/shareArticle?mini=true&#038;title=Avanza%20moci%C3%B3n%20que%20permitir%C3%A1%20que%20hu%C3%A9rfanos%20por%20la%20pandemia%20reciban%20pensiones%20de%20gracia&#038;url=https:\/\/radiorevelacionfm.cl\/?p=13247' aria-hidden='false' data-av_icon='\ue8fc' data-av_iconfont='entypo-fontello' title='' data-avia-related-tooltip='Compartir en LinkedIn' rel=\"noopener\"><span class='avia_hidden_link_text'>Compartir en LinkedIn<\/span><\/a><\/li><li class='av-share-link av-social-link-mail' ><a  aria-label=\"Compartir por correo\" href='mailto:?subject=Avanza%20moci%C3%B3n%20que%20permitir%C3%A1%20que%20hu%C3%A9rfanos%20por%20la%20pandemia%20reciban%20pensiones%20de%20gracia&#038;body=https:\/\/radiorevelacionfm.cl\/?p=13247' aria-hidden='false' data-av_icon='\ue805' data-av_iconfont='entypo-fontello' title='' data-avia-related-tooltip='Compartir por correo'><span class='avia_hidden_link_text'>Compartir por correo<\/span><\/a><\/li><\/ul><\/div><\/div>\n<div  style='height:50px' class='hr hr-invisible   avia-builder-el-8  el_after_av_social_share  el_before_av_comments_list '><span class='hr-inner ' ><span class='hr-inner-style'><\/span><\/span><\/div>\n<div  class='av-buildercomment  av-blog-meta-html-info-disabled av-blog-meta-tag-disabled  '><\/div>\n","protected":false},"excerpt":{"rendered":"","protected":false},"author":1,"featured_media":13248,"comment_status":"open","ping_status":"open","sticky":false,"template":"","format":"standard","meta":{"footnotes":""},"categories":[35],"tags":[],"class_list":["post-13247","post","type-post","status-publish","format-standard","has-post-thumbnail","hentry","category-politica"],"jetpack_featured_media_url":"https:\/\/radiorevelacionfm.cl\/wp-content\/uploads\/2022\/01\/Covid19-1-1-1.jpg","_links":{"self":[{"href":"https:\/\/radiorevelacionfm.cl\/index.php?rest_route=\/wp\/v2\/posts\/13247","targetHints":{"allow":["GET"]}}],"collection":[{"href":"https:\/\/radiorevelacionfm.cl\/index.php?rest_route=\/wp\/v2\/posts"}],"about":[{"href":"https:\/\/radiorevelacionfm.cl\/index.php?rest_route=\/wp\/v2\/types\/post"}],"author":[{"embeddable":true,"href":"https:\/\/radiorevelacionfm.cl\/index.php?rest_route=\/wp\/v2\/users\/1"}],"replies":[{"embeddable":true,"href":"https:\/\/radiorevelacionfm.cl\/index.php?rest_route=%2Fwp%2Fv2%2Fcomments&post=13247"}],"version-history":[{"count":2,"href":"https:\/\/radiorevelacionfm.cl\/index.php?rest_route=\/wp\/v2\/posts\/13247\/revisions"}],"predecessor-version":[{"id":13279,"href":"https:\/\/radiorevelacionfm.cl\/index.php?rest_route=\/wp\/v2\/posts\/13247\/revisions\/13279"}],"wp:featuredmedia":[{"embeddable":true,"href":"https:\/\/radiorevelacionfm.cl\/index.php?rest_route=\/wp\/v2\/media\/13248"}],"wp:attachment":[{"href":"https:\/\/radiorevelacionfm.cl\/index.php?rest_route=%2Fwp%2Fv2%2Fmedia&parent=13247"}],"wp:term":[{"taxonomy":"category","embeddable":true,"href":"https:\/\/radiorevelacionfm.cl\/index.php?rest_route=%2Fwp%2Fv2%2Fcategories&post=13247"},{"taxonomy":"post_tag","embeddable":true,"href":"https:\/\/radiorevelacionfm.cl\/index.php?rest_route=%2Fwp%2Fv2%2Ftags&post=13247"}],"curies":[{"name":"wp","href":"https:\/\/api.w.org\/{rel}","templated":true}]}}