{"id":13243,"date":"2022-01-26T15:49:06","date_gmt":"2022-01-26T18:49:06","guid":{"rendered":"https:\/\/radiorevelacionfm.cl\/?p=13243"},"modified":"2022-01-26T15:49:06","modified_gmt":"2022-01-26T18:49:06","slug":"comunidad-de-cerro-castillo-expone-sus-necesidades-a-la-gobernadora-regional","status":"publish","type":"post","link":"https:\/\/radiorevelacionfm.cl\/?p=13243","title":{"rendered":"Comunidad de Cerro Castillo expone sus necesidades a la Gobernadora Regional"},"content":{"rendered":"<div class=\"flex_column av_one_full  flex_column_div av-zero-column-padding first  avia-builder-el-0  el_before_av_one_full  avia-builder-el-first  \" style='border-radius:0px; '><div  class='avia-image-container  av-styling-    avia-builder-el-1  avia-builder-el-no-sibling  avia-align-center '  itemprop=\"image\" itemscope=\"itemscope\" itemtype=\"https:\/\/schema.org\/ImageObject\"  ><div class='avia-image-container-inner'><div class='avia-image-overlay-wrap'><img decoding=\"async\" class='wp-image-13244 avia-img-lazy-loading-not-13244 avia_image' src=\"https:\/\/radiorevelacionfm.cl\/wp-content\/uploads\/2022\/01\/1-foto-1-1.jpeg\" alt='' title='1 foto (1) (1)' height=\"600\" width=\"900\"  itemprop=\"thumbnailUrl\" srcset=\"https:\/\/radiorevelacionfm.cl\/wp-content\/uploads\/2022\/01\/1-foto-1-1.jpeg 900w, https:\/\/radiorevelacionfm.cl\/wp-content\/uploads\/2022\/01\/1-foto-1-1-300x200.jpeg 300w, https:\/\/radiorevelacionfm.cl\/wp-content\/uploads\/2022\/01\/1-foto-1-1-768x512.jpeg 768w, https:\/\/radiorevelacionfm.cl\/wp-content\/uploads\/2022\/01\/1-foto-1-1-705x470.jpeg 705w, https:\/\/radiorevelacionfm.cl\/wp-content\/uploads\/2022\/01\/1-foto-1-1-600x400.jpeg 600w\" sizes=\"(max-width: 900px) 100vw, 900px\" \/><\/div><\/div><\/div><\/div><div class=\"flex_column av_one_full  flex_column_div av-zero-column-padding first  avia-builder-el-2  el_after_av_one_full  el_before_av_one_full  column-top-margin\" style='border-radius:0px; '><section class=\"av_textblock_section \"  itemscope=\"itemscope\" itemtype=\"https:\/\/schema.org\/BlogPosting\" itemprop=\"blogPost\" ><div class='avia_textblock  '   itemprop=\"text\" ><p style=\"text-align: center;\"><strong><span style=\"font-size: 18pt;\">Comunidad de Cerro Castillo expone sus necesidades a la Gobernadora Regional <\/span><\/strong><\/p>\n<div id=\"gtx-trans\" style=\"position: absolute; left: -50px; top: 4.31534px;\">\n<div class=\"gtx-trans-icon\"><\/div>\n<\/div>\n<\/div><\/section><\/div><div class=\"flex_column av_one_full  flex_column_div av-zero-column-padding first  avia-builder-el-4  el_after_av_one_full  el_before_av_hr  column-top-margin\" style='border-radius:0px; '><section class=\"av_textblock_section \"  itemscope=\"itemscope\" itemtype=\"https:\/\/schema.org\/BlogPosting\" itemprop=\"blogPost\" ><div class='avia_textblock  '   itemprop=\"text\" ><p style=\"text-align: justify;\">Una concurrida reuni\u00f3n tuvieron los vecinos y vecinas de Cerro Castillo junto a la Gobernadora Regional, quien fue convocada por la concejala Marcia Alvares a revisar las urgencias de este territorio estrat\u00e9gico para la regi\u00f3n de Ays\u00e9n.<\/p>\n<p style=\"text-align: justify;\">Dentro de las tem\u00e1ticas abordadas en esta instancia abierta y ciudadana, est\u00e1n los desaf\u00edos en conectividad y reimpulso tur\u00edstico que necesitan dentro de la zona.<\/p>\n<p style=\"text-align: justify;\">Para la concejala Alvares, la visita reafirma el trabajo conjunto que tanto autoridades locales como regionales deben seguir realizando en pos del desarrollo de los territorios.<\/p>\n<p style=\"text-align: justify;\">\u00abLa Gobernadora Mac\u00edas pudo escuchar nuestras problem\u00e1ticas, demandas de hace muchos a\u00f1os y se lleva nuestra confianza depositada en ella para poder apoyarnos en lo que es gesti\u00f3n. Gracias a su visita pudimos abordar diversos puntos, cada uno muy importante obviamente. Algunos asociados al sector turismo, otros al sector campesino y a los caminos vecinales; el eterno problema que tenemos siempre con Vialidad\u00bb, coment\u00f3 en la oportunidad la concejala.<\/p>\n<p style=\"text-align: justify;\">Tambi\u00e9n se hizo parte de la convocatoria representantes de diversas instituciones, entre ellos Claudio Pacheco, director de la 11\u00aa Compa\u00f1\u00eda de Bomberos en Formaci\u00f3n de la Villa Cerro Castillo.<\/p>\n<p style=\"text-align: justify;\">\u00abLa reuni\u00f3n fue muy buena, hab\u00eda mucha informaci\u00f3n relevante para la comunidad que igual nosotros como Bomberos estamos atentos todos sus proyectos y todo lo que uno puede postular a futuro. Es una excelente iniciativa venir a localidades para presentar estos proyectos que de repente se ven tan lejanos, por los medios de comunicaci\u00f3n para difundirlo y extenderlo, fue una muy buena iniciativa\u00bb, afirm\u00f3.<\/p>\n<p style=\"text-align: justify;\">Dentro de los asistentes que tambi\u00e9n destacaron la instancia estuvo Flor V\u00e1squez, pobladora de Villa Cerro Castillo.<\/p>\n<p style=\"text-align: justify;\">\u00abYo creo que las respuestas son correctas, va a ser una muy buena Gobernadora. Primera vez que veo una Gobernadora que da soluciones porque ella sabe, no miente, porque algunas personas o autoridades vienen, sinceramente vienen a mentir, pero ella no, ella dio una respuesta que tiene que dar y todo lo que ten\u00eda que decir lo trajo bien claro\u00bb, coment\u00f3 en la oportunidad.<\/p>\n<p style=\"text-align: justify;\">Finalmente, este es el trabajo al que estar\u00e1 abocado el Gobierno Regional durante la gesti\u00f3n, afirm\u00f3 la m\u00e1xima autoridad de la regi\u00f3n de Ays\u00e9n.<\/p>\n<p style=\"text-align: justify;\">\u00abLa ciudadan\u00eda pide mayor presencia de las instituciones del Estado, mayor espacio de participaci\u00f3n ciudadana y el compromiso con nuestra econom\u00eda local. Nosotros reafirmamos el compromiso con nuestros emprendedores, con nuestros artesanos y artesanas, con todas aquellas personas que hacen su vida aqu\u00ed en el d\u00eda a d\u00eda. Generamos varios compromisos tambi\u00e9n con la Asociaci\u00f3n Gremial del sector que lleva un trabajo desde hace muchos a\u00f1os, donde de manera colaborativa han logrado mantener el trabajo rural con todo lo complejo que hoy d\u00eda resulta y con todos los esfuerzos que nosotros debemos hacer para que efectivamente el desarrollo rural\u00bb.<\/p>\n<\/div><\/section><\/div><div  style='height:50px' class='hr hr-invisible   avia-builder-el-6  el_after_av_one_full  el_before_av_social_share '><span class='hr-inner ' ><span class='hr-inner-style'><\/span><\/span><\/div><\/p>\n<div  class='av-social-sharing-box  avia-builder-el-7  el_after_av_hr  el_before_av_hr  '><div class='av-share-box'><h5 class='av-share-link-description av-no-toc '>Compartir esta noticia<\/h5><ul class='av-share-box-list noLightbox'><li class='av-share-link av-social-link-facebook' ><a target=\"_blank\" aria-label=\"Compartir en Facebook\" href='https:\/\/www.facebook.com\/sharer.php?u=https:\/\/radiorevelacionfm.cl\/?p=13243&#038;t=Comunidad%20de%20Cerro%20Castillo%20expone%20sus%20necesidades%20a%20la%20Gobernadora%20Regional' aria-hidden='false' data-av_icon='\ue8f3' data-av_iconfont='entypo-fontello' title='' data-avia-related-tooltip='Compartir en Facebook' rel=\"noopener\"><span class='avia_hidden_link_text'>Compartir en Facebook<\/span><\/a><\/li><li class='av-share-link av-social-link-twitter' ><a target=\"_blank\" aria-label=\"Compartir en Twitter\" href='https:\/\/twitter.com\/share?text=Comunidad%20de%20Cerro%20Castillo%20expone%20sus%20necesidades%20a%20la%20Gobernadora%20Regional&#038;url=https:\/\/radiorevelacionfm.cl\/?p=13243' aria-hidden='false' data-av_icon='\ue8f1' data-av_iconfont='entypo-fontello' title='' data-avia-related-tooltip='Compartir en Twitter' rel=\"noopener\"><span class='avia_hidden_link_text'>Compartir en Twitter<\/span><\/a><\/li><li class='av-share-link av-social-link-whatsapp' ><a target=\"_blank\" aria-label=\"Compartir en Whatsapp\" href='https:\/\/api.whatsapp.com\/send?text=https:\/\/radiorevelacionfm.cl\/?p=13243' aria-hidden='false' data-av_icon='\uf232' data-av_iconfont='entypo-fontello' title='' data-avia-related-tooltip='Compartir en Whatsapp' rel=\"noopener\"><span class='avia_hidden_link_text'>Compartir en Whatsapp<\/span><\/a><\/li><li class='av-share-link av-social-link-linkedin' ><a target=\"_blank\" aria-label=\"Compartir en LinkedIn\" href='https:\/\/linkedin.com\/shareArticle?mini=true&#038;title=Comunidad%20de%20Cerro%20Castillo%20expone%20sus%20necesidades%20a%20la%20Gobernadora%20Regional&#038;url=https:\/\/radiorevelacionfm.cl\/?p=13243' aria-hidden='false' data-av_icon='\ue8fc' data-av_iconfont='entypo-fontello' title='' data-avia-related-tooltip='Compartir en LinkedIn' rel=\"noopener\"><span class='avia_hidden_link_text'>Compartir en LinkedIn<\/span><\/a><\/li><li class='av-share-link av-social-link-mail' ><a  aria-label=\"Compartir por correo\" href='mailto:?subject=Comunidad%20de%20Cerro%20Castillo%20expone%20sus%20necesidades%20a%20la%20Gobernadora%20Regional&#038;body=https:\/\/radiorevelacionfm.cl\/?p=13243' aria-hidden='false' data-av_icon='\ue805' data-av_iconfont='entypo-fontello' title='' data-avia-related-tooltip='Compartir por correo'><span class='avia_hidden_link_text'>Compartir por correo<\/span><\/a><\/li><\/ul><\/div><\/div>\n<div  style='height:50px' class='hr hr-invisible   avia-builder-el-8  el_after_av_social_share  el_before_av_comments_list '><span class='hr-inner ' ><span class='hr-inner-style'><\/span><\/span><\/div>\n<div  class='av-buildercomment  av-blog-meta-html-info-disabled av-blog-meta-tag-disabled  '><\/div>\n","protected":false},"excerpt":{"rendered":"","protected":false},"author":1,"featured_media":13244,"comment_status":"open","ping_status":"open","sticky":false,"template":"","format":"standard","meta":{"footnotes":""},"categories":[38],"tags":[],"class_list":["post-13243","post","type-post","status-publish","format-standard","has-post-thumbnail","hentry","category-regional"],"jetpack_featured_media_url":"https:\/\/radiorevelacionfm.cl\/wp-content\/uploads\/2022\/01\/1-foto-1-1.jpeg","_links":{"self":[{"href":"https:\/\/radiorevelacionfm.cl\/index.php?rest_route=\/wp\/v2\/posts\/13243","targetHints":{"allow":["GET"]}}],"collection":[{"href":"https:\/\/radiorevelacionfm.cl\/index.php?rest_route=\/wp\/v2\/posts"}],"about":[{"href":"https:\/\/radiorevelacionfm.cl\/index.php?rest_route=\/wp\/v2\/types\/post"}],"author":[{"embeddable":true,"href":"https:\/\/radiorevelacionfm.cl\/index.php?rest_route=\/wp\/v2\/users\/1"}],"replies":[{"embeddable":true,"href":"https:\/\/radiorevelacionfm.cl\/index.php?rest_route=%2Fwp%2Fv2%2Fcomments&post=13243"}],"version-history":[{"count":2,"href":"https:\/\/radiorevelacionfm.cl\/index.php?rest_route=\/wp\/v2\/posts\/13243\/revisions"}],"predecessor-version":[{"id":13246,"href":"https:\/\/radiorevelacionfm.cl\/index.php?rest_route=\/wp\/v2\/posts\/13243\/revisions\/13246"}],"wp:featuredmedia":[{"embeddable":true,"href":"https:\/\/radiorevelacionfm.cl\/index.php?rest_route=\/wp\/v2\/media\/13244"}],"wp:attachment":[{"href":"https:\/\/radiorevelacionfm.cl\/index.php?rest_route=%2Fwp%2Fv2%2Fmedia&parent=13243"}],"wp:term":[{"taxonomy":"category","embeddable":true,"href":"https:\/\/radiorevelacionfm.cl\/index.php?rest_route=%2Fwp%2Fv2%2Fcategories&post=13243"},{"taxonomy":"post_tag","embeddable":true,"href":"https:\/\/radiorevelacionfm.cl\/index.php?rest_route=%2Fwp%2Fv2%2Ftags&post=13243"}],"curies":[{"name":"wp","href":"https:\/\/api.w.org\/{rel}","templated":true}]}}