{"id":13238,"date":"2022-01-26T15:34:00","date_gmt":"2022-01-26T18:34:00","guid":{"rendered":"https:\/\/radiorevelacionfm.cl\/?p=13238"},"modified":"2022-01-26T15:34:35","modified_gmt":"2022-01-26T18:34:35","slug":"municipio-intensifica-medidas-de-seguridad-para-cumplir-disposiciones-gubernamentales-en-el-aniversario-de-puerto-aysen","status":"publish","type":"post","link":"https:\/\/radiorevelacionfm.cl\/?p=13238","title":{"rendered":"Intensifican medidas de seguridad para cumplir disposiciones gubernamentales en el Aniversario de Puerto Ays\u00e9n"},"content":{"rendered":"<div class=\"flex_column av_one_full  flex_column_div av-zero-column-padding first  avia-builder-el-0  el_before_av_one_full  avia-builder-el-first  \" style='border-radius:0px; '><div  class='avia-image-container  av-styling-    avia-builder-el-1  avia-builder-el-no-sibling  avia-align-center '  itemprop=\"image\" itemscope=\"itemscope\" itemtype=\"https:\/\/schema.org\/ImageObject\"  ><div class='avia-image-container-inner'><div class='avia-image-overlay-wrap'><img decoding=\"async\" class='wp-image-13239 avia-img-lazy-loading-not-13239 avia_image' src=\"https:\/\/radiorevelacionfm.cl\/wp-content\/uploads\/2022\/01\/img-medidasani3-1-1.jpeg\" alt='' title='img-medidasani3 (1) (1)' height=\"600\" width=\"800\"  itemprop=\"thumbnailUrl\" srcset=\"https:\/\/radiorevelacionfm.cl\/wp-content\/uploads\/2022\/01\/img-medidasani3-1-1.jpeg 800w, https:\/\/radiorevelacionfm.cl\/wp-content\/uploads\/2022\/01\/img-medidasani3-1-1-300x225.jpeg 300w, https:\/\/radiorevelacionfm.cl\/wp-content\/uploads\/2022\/01\/img-medidasani3-1-1-768x576.jpeg 768w, https:\/\/radiorevelacionfm.cl\/wp-content\/uploads\/2022\/01\/img-medidasani3-1-1-705x529.jpeg 705w, https:\/\/radiorevelacionfm.cl\/wp-content\/uploads\/2022\/01\/img-medidasani3-1-1-600x450.jpeg 600w\" sizes=\"(max-width: 800px) 100vw, 800px\" \/><\/div><\/div><\/div><\/div>\n<div class=\"flex_column av_one_full  flex_column_div av-zero-column-padding first  avia-builder-el-2  el_after_av_one_full  el_before_av_one_full  column-top-margin\" style='border-radius:0px; '><section class=\"av_textblock_section \"  itemscope=\"itemscope\" itemtype=\"https:\/\/schema.org\/BlogPosting\" itemprop=\"blogPost\" ><div class='avia_textblock  '   itemprop=\"text\" ><p style=\"text-align: center;\"><strong><span style=\"font-size: 18pt;\">Intensifican medidas de seguridad para cumplir disposiciones gubernamentales en el Aniversario de Puerto Ays\u00e9n<\/span><\/strong><\/p>\n<div id=\"gtx-trans\" style=\"position: absolute; left: -50px; top: 4.31534px;\">\n<div class=\"gtx-trans-icon\"><\/div>\n<\/div>\n<\/div><\/section><\/div><div class=\"flex_column av_one_full  flex_column_div av-zero-column-padding first  avia-builder-el-4  el_after_av_one_full  el_before_av_hr  column-top-margin\" style='border-radius:0px; '><section class=\"av_textblock_section \"  itemscope=\"itemscope\" itemtype=\"https:\/\/schema.org\/BlogPosting\" itemprop=\"blogPost\" ><div class='avia_textblock  '   itemprop=\"text\" ><p style=\"text-align: justify;\">Con motivo de dar fiel cumplimiento a todas las medidas de resguardo solicitadas por el Ministerio de Salud para el desarrollo de eventos masivos y tras variadas jornadas de coordinaci\u00f3n local. La Ilustre Municipalidad de Ays\u00e9n informa los cambios efectuados a la tradicional actividad de Show correspondiente al Aniversario de Puerto Ays\u00e9n. Hito que en su nonag\u00e9sima cuarta versi\u00f3n requerir\u00e1 contar con Pase de Movilidad al ingreso de la ex Isla D\u00edaz, as\u00ed como tambi\u00e9n, por aforos, no poseer\u00e1 venta de alimentos en el lugar ni estacionamientos. Cabe destacar la colaboraci\u00f3n que brindar\u00e1n las polic\u00edas y bomberos para evitar situaciones de riesgo a los asistentes.<\/p>\n<p style=\"text-align: justify;\">Ante este escenario, Marco Co\u00f1uecar, director de Seguridad P\u00fablica y Convivencia del municipio aysenino destac\u00f3 una de la \u00faltimas instancias desarrolladas con miras a los show de los artistas nacionales, Z\u00fambale Primo y Los V\u00e1squez a desarrollarse los d\u00edas 27 y 28 de enero, respectivamente. \u201cPor ello, pedirle a los vecinos tranquilidad, que podamos tener un evento familiar, nosotros como Direcci\u00f3n de Seguridad P\u00fablica vamos a poner todos nuestros esfuerzos y todo el personal para efectuar actividades preventivas en la ex Isla D\u00edaz. En ese sentido, comentarles que la PDI, Carabineros, Bomberos que de alguna u otra forma velamos por la gente estaremos trabajando mancomunadamente\u201d.<\/p>\n<p style=\"text-align: justify;\">Adem\u00e1s, el personero municipal realiz\u00f3 un llamado a la comunidad por el cumplimiento de las normativas sanitarias exigidas por el Ministerio de Salud. \u201cEl Pase de Movilidad ser\u00e1 exigido por personal municipal entonces esperar que la comunidad cumpla y entienda porque estas medidas que son nuevas para Ays\u00e9n tienen como fin el resguardo. Hace dos a\u00f1os que no ten\u00edamos estos eventos y eso significar\u00e1 un esfuerzo adicional, en este caso ir con tiempo, se iniciar\u00e1 el proceso de apertura a las 18:00 horas para que la gente pueda ingresar, con ello para pueda tener mayor espacio y gente en el evento no se permitir\u00e1n los estacionamientos\u201d.<\/p>\n<p style=\"text-align: justify;\">Por su parte, el Capit\u00e1n Jaime Esparza de la 2da Comisar\u00eda de Carabineros de Puerto Ays\u00e9n, realiz\u00f3 un hincapi\u00e9 en los servicios preventivos que generar\u00e1 la polic\u00eda uniformada y que se diferencian de las acciones tradicionales, \u201cpara abordar todo lo que significa el apoyo para las actividades y festejos de estas fechas en directa coordinaci\u00f3n con el municipio y las distintas instituciones que tienen relaci\u00f3n a la materia. Si va a conducir por favor no beba y llamar a disfrutar la actividad en tranquilidad\u201d.<\/p>\n<p style=\"text-align: justify;\">En tanto, el Comisario Rodrigo Badillo, quien se desempe\u00f1a como subjefe de la brigada de delitos medio ambientales y patrimonio cultural de Ays\u00e9n, destac\u00f3 la organizaci\u00f3n generada en la instancia de coordinaci\u00f3n para alcanzar los lineamientos requeridos para llevar adelante de la mejor forma este evento masivo, \u201cnosotros como polic\u00eda de investigaciones efectivamente estamos enfocados a la parte investigativa y disponer de servicios para poder disponer de servicios para la reacci\u00f3n en caso de cualquier cosa y ayuda que necesiten\u201d, explic\u00f3 el funcionario policial.<\/p>\n<p style=\"text-align: justify;\">Finalmente, el Comandante del Cuerpo de Bomberos de Puerto Ays\u00e9n, Luis Mart\u00ednez, indic\u00f3 que \u201cnos han pedido participar para poder aportar con nuestra experiencia a la seguridad y en eso estamos por supuesto como instituci\u00f3n llanos a participar en estos eventos que habr\u00e1n, as\u00ed es que, vamos a disponer de un par de unidades que estar\u00e1n apoyando en caso de emergencias como incendios o apoyos a salud tambi\u00e9n. Eso es lo que hace nuestra instituci\u00f3n, somos parte de la comunidad y hoy si nos han pedido la contribuci\u00f3n en materia de seguridad estamos encantados\u201d, sentenci\u00f3 el representante bomberil.<\/p>\n<\/div><\/section><\/div><\/p>\n<div  style='height:50px' class='hr hr-invisible   avia-builder-el-6  el_after_av_one_full  el_before_av_social_share '><span class='hr-inner ' ><span class='hr-inner-style'><\/span><\/span><\/div>\n<div  class='av-social-sharing-box  avia-builder-el-7  el_after_av_hr  el_before_av_hr  '><div class='av-share-box'><h5 class='av-share-link-description av-no-toc '>Compartir esta noticia<\/h5><ul class='av-share-box-list noLightbox'><li class='av-share-link av-social-link-facebook' ><a target=\"_blank\" aria-label=\"Compartir en Facebook\" href='https:\/\/www.facebook.com\/sharer.php?u=https:\/\/radiorevelacionfm.cl\/?p=13238&#038;t=Intensifican%20medidas%20de%20seguridad%20para%20cumplir%20disposiciones%20gubernamentales%20en%20el%20Aniversario%20de%20Puerto%20Ays%C3%A9n' aria-hidden='false' data-av_icon='\ue8f3' data-av_iconfont='entypo-fontello' title='' data-avia-related-tooltip='Compartir en Facebook' rel=\"noopener\"><span class='avia_hidden_link_text'>Compartir en Facebook<\/span><\/a><\/li><li class='av-share-link av-social-link-twitter' ><a target=\"_blank\" aria-label=\"Compartir en Twitter\" href='https:\/\/twitter.com\/share?text=Intensifican%20medidas%20de%20seguridad%20para%20cumplir%20disposiciones%20gubernamentales%20en%20el%20Aniversario%20de%20Puerto%20Ays%C3%A9n&#038;url=https:\/\/radiorevelacionfm.cl\/?p=13238' aria-hidden='false' data-av_icon='\ue8f1' data-av_iconfont='entypo-fontello' title='' data-avia-related-tooltip='Compartir en Twitter' rel=\"noopener\"><span class='avia_hidden_link_text'>Compartir en Twitter<\/span><\/a><\/li><li class='av-share-link av-social-link-whatsapp' ><a target=\"_blank\" aria-label=\"Compartir en Whatsapp\" href='https:\/\/api.whatsapp.com\/send?text=https:\/\/radiorevelacionfm.cl\/?p=13238' aria-hidden='false' data-av_icon='\uf232' data-av_iconfont='entypo-fontello' title='' data-avia-related-tooltip='Compartir en Whatsapp' rel=\"noopener\"><span class='avia_hidden_link_text'>Compartir en Whatsapp<\/span><\/a><\/li><li class='av-share-link av-social-link-linkedin' ><a target=\"_blank\" aria-label=\"Compartir en LinkedIn\" href='https:\/\/linkedin.com\/shareArticle?mini=true&#038;title=Intensifican%20medidas%20de%20seguridad%20para%20cumplir%20disposiciones%20gubernamentales%20en%20el%20Aniversario%20de%20Puerto%20Ays%C3%A9n&#038;url=https:\/\/radiorevelacionfm.cl\/?p=13238' aria-hidden='false' data-av_icon='\ue8fc' data-av_iconfont='entypo-fontello' title='' data-avia-related-tooltip='Compartir en LinkedIn' rel=\"noopener\"><span class='avia_hidden_link_text'>Compartir en LinkedIn<\/span><\/a><\/li><li class='av-share-link av-social-link-mail' ><a  aria-label=\"Compartir por correo\" href='mailto:?subject=Intensifican%20medidas%20de%20seguridad%20para%20cumplir%20disposiciones%20gubernamentales%20en%20el%20Aniversario%20de%20Puerto%20Ays%C3%A9n&#038;body=https:\/\/radiorevelacionfm.cl\/?p=13238' aria-hidden='false' data-av_icon='\ue805' data-av_iconfont='entypo-fontello' title='' data-avia-related-tooltip='Compartir por correo'><span class='avia_hidden_link_text'>Compartir por correo<\/span><\/a><\/li><\/ul><\/div><\/div>\n<div  style='height:50px' class='hr hr-invisible   avia-builder-el-8  el_after_av_social_share  el_before_av_comments_list '><span class='hr-inner ' ><span class='hr-inner-style'><\/span><\/span><\/div>\n<div  class='av-buildercomment  av-blog-meta-html-info-disabled av-blog-meta-tag-disabled  '><\/div>\n","protected":false},"excerpt":{"rendered":"","protected":false},"author":1,"featured_media":13239,"comment_status":"open","ping_status":"open","sticky":false,"template":"","format":"standard","meta":{"footnotes":""},"categories":[38],"tags":[],"class_list":["post-13238","post","type-post","status-publish","format-standard","has-post-thumbnail","hentry","category-regional"],"jetpack_featured_media_url":"https:\/\/radiorevelacionfm.cl\/wp-content\/uploads\/2022\/01\/img-medidasani3-1-1.jpeg","_links":{"self":[{"href":"https:\/\/radiorevelacionfm.cl\/index.php?rest_route=\/wp\/v2\/posts\/13238","targetHints":{"allow":["GET"]}}],"collection":[{"href":"https:\/\/radiorevelacionfm.cl\/index.php?rest_route=\/wp\/v2\/posts"}],"about":[{"href":"https:\/\/radiorevelacionfm.cl\/index.php?rest_route=\/wp\/v2\/types\/post"}],"author":[{"embeddable":true,"href":"https:\/\/radiorevelacionfm.cl\/index.php?rest_route=\/wp\/v2\/users\/1"}],"replies":[{"embeddable":true,"href":"https:\/\/radiorevelacionfm.cl\/index.php?rest_route=%2Fwp%2Fv2%2Fcomments&post=13238"}],"version-history":[{"count":3,"href":"https:\/\/radiorevelacionfm.cl\/index.php?rest_route=\/wp\/v2\/posts\/13238\/revisions"}],"predecessor-version":[{"id":13241,"href":"https:\/\/radiorevelacionfm.cl\/index.php?rest_route=\/wp\/v2\/posts\/13238\/revisions\/13241"}],"wp:featuredmedia":[{"embeddable":true,"href":"https:\/\/radiorevelacionfm.cl\/index.php?rest_route=\/wp\/v2\/media\/13239"}],"wp:attachment":[{"href":"https:\/\/radiorevelacionfm.cl\/index.php?rest_route=%2Fwp%2Fv2%2Fmedia&parent=13238"}],"wp:term":[{"taxonomy":"category","embeddable":true,"href":"https:\/\/radiorevelacionfm.cl\/index.php?rest_route=%2Fwp%2Fv2%2Fcategories&post=13238"},{"taxonomy":"post_tag","embeddable":true,"href":"https:\/\/radiorevelacionfm.cl\/index.php?rest_route=%2Fwp%2Fv2%2Ftags&post=13238"}],"curies":[{"name":"wp","href":"https:\/\/api.w.org\/{rel}","templated":true}]}}