{"id":13233,"date":"2022-01-26T12:48:36","date_gmt":"2022-01-26T15:48:36","guid":{"rendered":"https:\/\/radiorevelacionfm.cl\/?p=13233"},"modified":"2022-01-26T12:48:36","modified_gmt":"2022-01-26T15:48:36","slug":"dirigentes-de-la-feria-victor-domingo-silva-lamentan-poco-avance-en-desafectacion-de-terreno-que-les-permitiria-construir-sala-de-ventas","status":"publish","type":"post","link":"https:\/\/radiorevelacionfm.cl\/?p=13233","title":{"rendered":"Dirigentes de la feria V\u00edctor Domingo Silva lamentan poco avance en desafectaci\u00f3n de terreno que les permitir\u00eda construir sala de ventas"},"content":{"rendered":"<div class=\"flex_column av_one_full  flex_column_div av-zero-column-padding first  avia-builder-el-0  el_before_av_one_full  avia-builder-el-first  \" style='border-radius:0px; '><div  class='avia-image-container  av-styling-    avia-builder-el-1  avia-builder-el-no-sibling  avia-align-center '  itemprop=\"image\" itemscope=\"itemscope\" itemtype=\"https:\/\/schema.org\/ImageObject\"  ><div class='avia-image-container-inner'><div class='avia-image-overlay-wrap'><img decoding=\"async\" class='wp-image-13235 avia-img-lazy-loading-not-13235 avia_image' src=\"https:\/\/radiorevelacionfm.cl\/wp-content\/uploads\/2022\/01\/REU-feriantes-1-1.jpeg\" alt='' title='REU feriantes (1) (1)' height=\"600\" width=\"800\"  itemprop=\"thumbnailUrl\" srcset=\"https:\/\/radiorevelacionfm.cl\/wp-content\/uploads\/2022\/01\/REU-feriantes-1-1.jpeg 800w, https:\/\/radiorevelacionfm.cl\/wp-content\/uploads\/2022\/01\/REU-feriantes-1-1-300x225.jpeg 300w, https:\/\/radiorevelacionfm.cl\/wp-content\/uploads\/2022\/01\/REU-feriantes-1-1-768x576.jpeg 768w, https:\/\/radiorevelacionfm.cl\/wp-content\/uploads\/2022\/01\/REU-feriantes-1-1-705x529.jpeg 705w, https:\/\/radiorevelacionfm.cl\/wp-content\/uploads\/2022\/01\/REU-feriantes-1-1-600x450.jpeg 600w\" sizes=\"(max-width: 800px) 100vw, 800px\" \/><\/div><\/div><\/div><\/div><div class=\"flex_column av_one_full  flex_column_div av-zero-column-padding first  avia-builder-el-2  el_after_av_one_full  el_before_av_one_full  column-top-margin\" style='border-radius:0px; '><section class=\"av_textblock_section \"  itemscope=\"itemscope\" itemtype=\"https:\/\/schema.org\/BlogPosting\" itemprop=\"blogPost\" ><div class='avia_textblock  '   itemprop=\"text\" ><p style=\"text-align: center;\"><span style=\"font-size: 18pt;\"><b><span lang=\"ES\">Dirigentes de la feria V\u00edctor Domingo Silva lamentan poco avance en desafectaci\u00f3n de terreno que les permitir\u00eda construir sala de ventas<\/span><\/b><\/span><\/p>\n<div id=\"gtx-trans\" style=\"position: absolute; left: -50px; top: 4.31534px;\">\n<div class=\"gtx-trans-icon\"><\/div>\n<\/div>\n<\/div><\/section><\/div><div class=\"flex_column av_one_full  flex_column_div av-zero-column-padding first  avia-builder-el-4  el_after_av_one_full  el_before_av_hr  column-top-margin\" style='border-radius:0px; '><section class=\"av_textblock_section \"  itemscope=\"itemscope\" itemtype=\"https:\/\/schema.org\/BlogPosting\" itemprop=\"blogPost\" ><div class='avia_textblock  '   itemprop=\"text\" ><p style=\"font-weight: 400; text-align: justify;\">Luego de reunirse con un grupo de dirigentes y socios de la Feria V\u00edctor Domingo Silva, el diputado Miguel \u00c1ngel Calisto realiz\u00f3 un llamado al Gobierno para poder agilizar el proceso de regularizaci\u00f3n y desafecci\u00f3n de un terreno que permita a los feriantes poder construir una sala de ventas, asegurando que \u201cnos duele que durante este Gobierno que ya est\u00e1 terminando, no haya habido avances sustantivos en este tema\u201d.<\/p>\n<p style=\"font-weight: 400; text-align: justify;\">Seg\u00fan el diputado Calisto, \u201cnos reunimos con las socias y socios de la feria V\u00edctor Domingo Silva, son muchas personas que han estado trabajando por m\u00e1s de 30 a\u00f1os. De un tiempo a esta parte, hemos estado solicitando la regularizaci\u00f3n de un terreno para poder instalar un centro de ventas que permita atender a la comunidad. Necesitamos la desafectaci\u00f3n de este espacio en la feria, para que se traspase al Municipio y puedan construir esta infraestructura\u201d.<\/p>\n<p style=\"font-weight: 400; text-align: justify;\">Calisto agreg\u00f3 que \u201cesto es fundamental, porque es necesario que los y las feriantes puedan tener todas las comodidades y resguardos, especialmente en invierno cuando tienen que trabajar con bajas temperaturas, lluvia o nieve, especialmente porque hay muchos que son adultos mayores\u201d.<\/p>\n<p style=\"font-weight: 400; text-align: justify;\">\u201cPor eso nos duele que durante este Gobierno que est\u00e1 terminando no haya habido avances sustantivos respecto de la transferencia definitiva de este terreno, de la desafectaci\u00f3n para construir este edificio. Hubo avances, pero a\u00fan no tenemos la desafectaci\u00f3n total. Nosotros esperamos que esto se haga durante el primer semestre de este a\u00f1o\u201d, indic\u00f3.<\/p>\n<p style=\"font-weight: 400; text-align: justify;\">El legislador argument\u00f3 que \u201cfue una muy buena reuni\u00f3n con las dirigentes y socios, porque queremos que este proyecto se logre durante este a\u00f1o. Tambi\u00e9n hemos tenido la comunicaci\u00f3n con el Municipio para el mejoramiento de las condiciones actuales, pero tambi\u00e9n para preparar el proyecto definitivo de un futuro centro de ventas en este lugar\u201d.<\/p>\n<p style=\"font-weight: 400; text-align: justify;\">Seg\u00fan Roxana Medina, Presidenta de la agrupaci\u00f3n laboral feria V\u00edctor Domingo Silva, indic\u00f3 que \u201cla Feria el d\u00eda s\u00e1bado inicia sus trabajos a las 6 de la ma\u00f1ana, y finaliza la venta a eso de las 16 o 17 horas. Son m\u00e1s de 10 horas de trabajo, donde el p\u00fablico de la ciudad de Coyhaique nos reconoce. Ese es el motivo por el que se necesita el espacio f\u00edsico, muchas de nuestras socias, que hoy superan los 75 a\u00f1os, recuerdan que hac\u00edan sus mesones en la nieve y ten\u00edan que hacer fuego debajo de un pino\u201d.<\/p>\n<p style=\"font-weight: 400; text-align: justify;\">La dirigenta agreg\u00f3 que \u201cesas mujeres comenzaron pidiendo un quiosco, en el mismo sector donde estamos solicitando a Bienes Nacionales que nos entregue el terreno, el que servir\u00e1 no s\u00f3lo a las personas que componen la organizaci\u00f3n, sino tambi\u00e9n a los le\u00f1eros que trabajan alrededor, como tambi\u00e9n a los vecinos que se ven afectados por tener sus veredas ocupadas\u201d.<\/p>\n<p style=\"font-weight: 400; text-align: justify;\">\u201cSiempre hemos contado con el apoyo del diputado Miguel \u00c1ngel Calisto, desde que era consejero. En este segundo periodo, no ha dejado de asesorarnos, de atendernos y ayudarnos en todas las instancias que se puedan, pero ya no tenemos a quien m\u00e1s recurrir. Estamos preparando, junto al apoyo de su equipo, un viaje a Santiago para dar a conocer presencialmente nuestro trabajo\u201d.<\/p>\n<p style=\"font-weight: 400; text-align: justify;\">Finalmente, la dirigenta se\u00f1al\u00f3 que \u201cnecesitamos un espacio digno de trabajo, teniendo el terreno, podemos avanzar en una construcci\u00f3n. Tenemos socias que hace 46 a\u00f1os no han dejado de ir un d\u00eda s\u00e1bado.\u00a0 Cuando avanzamos, siempre hay alg\u00fan punto t\u00e9cnico, y ah\u00ed est\u00e1 Miguel \u00c1ngel para orientarnos. Necesitamos ese terreno, no es un capricho, es dignidad\u201d.<\/p>\n<\/div><\/section><\/div><div  style='height:50px' class='hr hr-invisible   avia-builder-el-6  el_after_av_one_full  el_before_av_social_share '><span class='hr-inner ' ><span class='hr-inner-style'><\/span><\/span><\/div><\/p>\n<div  class='av-social-sharing-box  avia-builder-el-7  el_after_av_hr  el_before_av_hr  '><div class='av-share-box'><h5 class='av-share-link-description av-no-toc '>Compartir esta noticia<\/h5><ul class='av-share-box-list noLightbox'><li class='av-share-link av-social-link-facebook' ><a target=\"_blank\" aria-label=\"Compartir en Facebook\" href='https:\/\/www.facebook.com\/sharer.php?u=https:\/\/radiorevelacionfm.cl\/?p=13233&#038;t=Dirigentes%20de%20la%20feria%20V%C3%ADctor%20Domingo%20Silva%20lamentan%20poco%20avance%20en%20desafectaci%C3%B3n%20de%20terreno%20que%20les%20permitir%C3%ADa%20construir%20sala%20de%20ventas' aria-hidden='false' data-av_icon='\ue8f3' data-av_iconfont='entypo-fontello' title='' data-avia-related-tooltip='Compartir en Facebook' rel=\"noopener\"><span class='avia_hidden_link_text'>Compartir en Facebook<\/span><\/a><\/li><li class='av-share-link av-social-link-twitter' ><a target=\"_blank\" aria-label=\"Compartir en Twitter\" href='https:\/\/twitter.com\/share?text=Dirigentes%20de%20la%20feria%20V%C3%ADctor%20Domingo%20Silva%20lamentan%20poco%20avance%20en%20desafectaci%C3%B3n%20de%20terreno%20que%20les%20permitir%C3%ADa%20construir%20sala%20de%20ventas&#038;url=https:\/\/radiorevelacionfm.cl\/?p=13233' aria-hidden='false' data-av_icon='\ue8f1' data-av_iconfont='entypo-fontello' title='' data-avia-related-tooltip='Compartir en Twitter' rel=\"noopener\"><span class='avia_hidden_link_text'>Compartir en Twitter<\/span><\/a><\/li><li class='av-share-link av-social-link-whatsapp' ><a target=\"_blank\" aria-label=\"Compartir en Whatsapp\" href='https:\/\/api.whatsapp.com\/send?text=https:\/\/radiorevelacionfm.cl\/?p=13233' aria-hidden='false' data-av_icon='\uf232' data-av_iconfont='entypo-fontello' title='' data-avia-related-tooltip='Compartir en Whatsapp' rel=\"noopener\"><span class='avia_hidden_link_text'>Compartir en Whatsapp<\/span><\/a><\/li><li class='av-share-link av-social-link-linkedin' ><a target=\"_blank\" aria-label=\"Compartir en LinkedIn\" href='https:\/\/linkedin.com\/shareArticle?mini=true&#038;title=Dirigentes%20de%20la%20feria%20V%C3%ADctor%20Domingo%20Silva%20lamentan%20poco%20avance%20en%20desafectaci%C3%B3n%20de%20terreno%20que%20les%20permitir%C3%ADa%20construir%20sala%20de%20ventas&#038;url=https:\/\/radiorevelacionfm.cl\/?p=13233' aria-hidden='false' data-av_icon='\ue8fc' data-av_iconfont='entypo-fontello' title='' data-avia-related-tooltip='Compartir en LinkedIn' rel=\"noopener\"><span class='avia_hidden_link_text'>Compartir en LinkedIn<\/span><\/a><\/li><li class='av-share-link av-social-link-mail' ><a  aria-label=\"Compartir por correo\" href='mailto:?subject=Dirigentes%20de%20la%20feria%20V%C3%ADctor%20Domingo%20Silva%20lamentan%20poco%20avance%20en%20desafectaci%C3%B3n%20de%20terreno%20que%20les%20permitir%C3%ADa%20construir%20sala%20de%20ventas&#038;body=https:\/\/radiorevelacionfm.cl\/?p=13233' aria-hidden='false' data-av_icon='\ue805' data-av_iconfont='entypo-fontello' title='' data-avia-related-tooltip='Compartir por correo'><span class='avia_hidden_link_text'>Compartir por correo<\/span><\/a><\/li><\/ul><\/div><\/div>\n<div  style='height:50px' class='hr hr-invisible   avia-builder-el-8  el_after_av_social_share  el_before_av_comments_list '><span class='hr-inner ' ><span class='hr-inner-style'><\/span><\/span><\/div>\n<div  class='av-buildercomment  av-blog-meta-html-info-disabled av-blog-meta-tag-disabled  '><\/div>\n","protected":false},"excerpt":{"rendered":"","protected":false},"author":1,"featured_media":13235,"comment_status":"open","ping_status":"open","sticky":false,"template":"","format":"standard","meta":{"footnotes":""},"categories":[38],"tags":[],"class_list":["post-13233","post","type-post","status-publish","format-standard","has-post-thumbnail","hentry","category-regional"],"jetpack_featured_media_url":"https:\/\/radiorevelacionfm.cl\/wp-content\/uploads\/2022\/01\/REU-feriantes-1-1.jpeg","_links":{"self":[{"href":"https:\/\/radiorevelacionfm.cl\/index.php?rest_route=\/wp\/v2\/posts\/13233","targetHints":{"allow":["GET"]}}],"collection":[{"href":"https:\/\/radiorevelacionfm.cl\/index.php?rest_route=\/wp\/v2\/posts"}],"about":[{"href":"https:\/\/radiorevelacionfm.cl\/index.php?rest_route=\/wp\/v2\/types\/post"}],"author":[{"embeddable":true,"href":"https:\/\/radiorevelacionfm.cl\/index.php?rest_route=\/wp\/v2\/users\/1"}],"replies":[{"embeddable":true,"href":"https:\/\/radiorevelacionfm.cl\/index.php?rest_route=%2Fwp%2Fv2%2Fcomments&post=13233"}],"version-history":[{"count":2,"href":"https:\/\/radiorevelacionfm.cl\/index.php?rest_route=\/wp\/v2\/posts\/13233\/revisions"}],"predecessor-version":[{"id":13237,"href":"https:\/\/radiorevelacionfm.cl\/index.php?rest_route=\/wp\/v2\/posts\/13233\/revisions\/13237"}],"wp:featuredmedia":[{"embeddable":true,"href":"https:\/\/radiorevelacionfm.cl\/index.php?rest_route=\/wp\/v2\/media\/13235"}],"wp:attachment":[{"href":"https:\/\/radiorevelacionfm.cl\/index.php?rest_route=%2Fwp%2Fv2%2Fmedia&parent=13233"}],"wp:term":[{"taxonomy":"category","embeddable":true,"href":"https:\/\/radiorevelacionfm.cl\/index.php?rest_route=%2Fwp%2Fv2%2Fcategories&post=13233"},{"taxonomy":"post_tag","embeddable":true,"href":"https:\/\/radiorevelacionfm.cl\/index.php?rest_route=%2Fwp%2Fv2%2Ftags&post=13233"}],"curies":[{"name":"wp","href":"https:\/\/api.w.org\/{rel}","templated":true}]}}