{"id":13229,"date":"2022-01-26T11:03:03","date_gmt":"2022-01-26T14:03:03","guid":{"rendered":"https:\/\/radiorevelacionfm.cl\/?p=13229"},"modified":"2022-01-26T11:03:03","modified_gmt":"2022-01-26T14:03:03","slug":"avances-en-diversificacion-productiva-y-alcance-territorial-en-aysen","status":"publish","type":"post","link":"https:\/\/radiorevelacionfm.cl\/?p=13229","title":{"rendered":"Avances en diversificaci\u00f3n productiva y alcance territorial en Ays\u00e9n"},"content":{"rendered":"<div class=\"flex_column av_one_full  flex_column_div av-zero-column-padding first  avia-builder-el-0  el_before_av_one_full  avia-builder-el-first  \" style='border-radius:0px; '><div  class='avia-image-container  av-styling-    avia-builder-el-1  avia-builder-el-no-sibling  avia-align-center '  itemprop=\"image\" itemscope=\"itemscope\" itemtype=\"https:\/\/schema.org\/ImageObject\"  ><div class='avia-image-container-inner'><div class='avia-image-overlay-wrap'><img decoding=\"async\" class='wp-image-13230 avia-img-lazy-loading-not-13230 avia_image' src=\"https:\/\/radiorevelacionfm.cl\/wp-content\/uploads\/2022\/01\/Indap1.3-1-1.jpg\" alt='' title='Indap1.3 (1) (1)' height=\"600\" width=\"900\"  itemprop=\"thumbnailUrl\" srcset=\"https:\/\/radiorevelacionfm.cl\/wp-content\/uploads\/2022\/01\/Indap1.3-1-1.jpg 900w, https:\/\/radiorevelacionfm.cl\/wp-content\/uploads\/2022\/01\/Indap1.3-1-1-300x200.jpg 300w, https:\/\/radiorevelacionfm.cl\/wp-content\/uploads\/2022\/01\/Indap1.3-1-1-768x512.jpg 768w, https:\/\/radiorevelacionfm.cl\/wp-content\/uploads\/2022\/01\/Indap1.3-1-1-705x470.jpg 705w, https:\/\/radiorevelacionfm.cl\/wp-content\/uploads\/2022\/01\/Indap1.3-1-1-600x400.jpg 600w\" sizes=\"(max-width: 900px) 100vw, 900px\" \/><\/div><\/div><\/div><\/div><div class=\"flex_column av_one_full  flex_column_div av-zero-column-padding first  avia-builder-el-2  el_after_av_one_full  el_before_av_one_full  column-top-margin\" style='border-radius:0px; '><section class=\"av_textblock_section \"  itemscope=\"itemscope\" itemtype=\"https:\/\/schema.org\/BlogPosting\" itemprop=\"blogPost\" ><div class='avia_textblock  '   itemprop=\"text\" ><p style=\"text-align: center;\"><strong><span style=\"font-size: 18pt;\">Avances en diversificaci\u00f3n productiva y alcance territorial en Ays\u00e9n<\/span><\/strong><\/p>\n<h1><\/h1>\n<div id=\"gtx-trans\" style=\"position: absolute; left: -50px; top: 4.31534px;\">\n<div class=\"gtx-trans-icon\"><\/div>\n<\/div>\n<\/div><\/section><\/div><div class=\"flex_column av_one_full  flex_column_div av-zero-column-padding first  avia-builder-el-4  el_after_av_one_full  el_before_av_hr  column-top-margin\" style='border-radius:0px; '><section class=\"av_textblock_section \"  itemscope=\"itemscope\" itemtype=\"https:\/\/schema.org\/BlogPosting\" itemprop=\"blogPost\" ><div class='avia_textblock  '   itemprop=\"text\" ><p style=\"text-align: justify;\">Desde hace d\u00e9cadas el desarrollo productivo rural ha estado marcado por un importante acento en la ganader\u00eda, seguido por el cultivo de hortalizas; mientras que la fruticultura destacaba por ser un rubro que s\u00f3lo se desarrollaba en temporadas espec\u00edficas, y con una marcada dependencia estacional y clim\u00e1tica.<\/p>\n<p style=\"text-align: justify;\">Sin embargo, los tiempos han cambiado, ya en el a\u00f1o 2016 INDAP Ays\u00e9n desarroll\u00f3 un estudio sobre el potencial de desarrollo de la fruticultura \u00a0regional, denominado \u201cZonas de potencial frut\u00edcola en la regi\u00f3n de Ays\u00e9n en base a tecnolog\u00edas\u201d, en el cual uno de los resultados que m\u00e1s llamaron la atenci\u00f3n, fue que no solamente el microclima de Chile Chico, otorgaba las condiciones para el desarrollo de este rubro, sino que el Cambio Clim\u00e1tico evidenciado por m\u00e1s de dos d\u00e9cadas, de alguna manera podr\u00eda actuar de manera positiva para impulsar el rubro en la regi\u00f3n de Ays\u00e9n, en un escenario donde el rubro frut\u00edcola ya existe. Lo que se ha visto reflejado en localidades como: Ma\u00f1ihuales, Cisnes, Lago Verde, entre otras, que cumplen con condiciones de humedad y temperatura, permitiendo avanzar en estas lides.<\/p>\n<p style=\"text-align: justify;\">Este estudio fue la primera l\u00ednea base que proyectaba la implementaci\u00f3n de un programas frutales con impacto en las cuatro provincias, y que hoy ha superado con creces las expectativas.<\/p>\n<p style=\"text-align: justify;\">Bajo este contexto, se plasman los cimientos que llevan a la ejecuci\u00f3n del Programa \u201cFomento al Desarrollo Frut\u00edcola de la Agricultura Familiar Campesina (AFC)\u201d, financiado por el Gobierno Regional de Ays\u00e9n, cuyo objetivo central ha sido promover el conocimiento, las habilidades y actitudes, as\u00ed como tambi\u00e9n proveer los medios para que la Agricultura Familiar Campesina pueda incursionar con \u00e9xito en el rubro frut\u00edcola en el marco de un proceso de diversificaci\u00f3n productiva sustentable, tecnificaci\u00f3n y sobre todo innovaci\u00f3n.<\/p>\n<p style=\"text-align: justify;\">Durante tres a\u00f1os de implementaci\u00f3n, se ha realizado una inversi\u00f3n de $658.350.00 millones de pesos, ejecutados en 36 meses (ampliado hasta abril de 2022), lo que sumado al aporte de privados (usuarios) bordear\u00eda los M$400,\u00a0 y que adem\u00e1s, dado el inter\u00e9s de los usuarios, el apoyo t\u00e9cnico de Prodesal y el trabajo territorial se han incorporado comunas como: Guaitecas, Villa O\u00b4Higgins y Tortel, resultado de un arduo trabajo en terreno de sus profesionales, se ha logrado consolidar el programa en todas las comunas de la regi\u00f3n de Ays\u00e9n.<\/p>\n<p style=\"text-align: justify;\">En cuanto a la cobertura de este, fueron incorporados con asistencia t\u00e9cnica para 105 usuarios desde Melinka (Guaitecas) hasta Villa O\u00b4Higgins, sin contar quienes tambi\u00e9n participaron de oyentes, en charlas, d\u00edas de campo, seminarios y otras instancias.<\/p>\n<p style=\"text-align: justify;\">En este sentido uno de los aspectos a destacar ha sido el preponderante rol de la mujer, alcanzando una participaci\u00f3n en el programa del 65%, logrando empoderarse, generar ingresos y aportar a sus familias, adem\u00e1s de producir fruta fresca en territorios donde antes exist\u00eda un gran d\u00e9ficit.<\/p>\n<p style=\"text-align: justify;\"><strong>D\u00edas de Campo<\/strong><\/p>\n<p style=\"text-align: justify;\">Una de las iniciativas destacables han sido los denominados \u201cD\u00edas de Campo\u201d, instancia de aprendizaje, en la cual expertos en cultivos de han compartido sus conocimientos in situ, logrando descentralizar y democratizar la informaci\u00f3n en diversos lugares, como el caso de Marina Gambardella que visit\u00f3 la localidad de Puerto Tranquilo o Ivette Seguel en la Junta.<\/p>\n<p style=\"text-align: justify;\">Sin embargo, las condiciones de la Pandemia cambiaron el escenario presencial por el virtual, por lo que las acciones en terreno, fueron remplazadas por Seminarios Virtuales, fue as\u00ed como se cont\u00f3 con m\u00e1s de 12 charlas t\u00e9cnicas sobre cultivo de: ar\u00e1ndano, murtilla, frutillas y frambuesas, con expositores de la talla de Nelson Gonz\u00e1lez, Ingeniero, Magister en biotecnolog\u00eda y Ciencias Agrarias en la Universidad de Agroparistech de Francia; \u00a0Marina Gambardella, \u00a0profesora titular de la Universidad Cat\u00f3lica de Chile, Doctora e Ingeniera Agr\u00f3noma y experta en berries; Ivette Seguel Ben\u00edtez, bi\u00f3loga, Magister en Ciencias Menci\u00f3n Mejoramiento Vegetal y Abel Gonz\u00e1lez, \u00a0Ing. Agr\u00f3nomo, Magister en Gesti\u00f3n Agropecuaria en especialidad Fruticultura de la Universidad de la Frontera, investigador del Inia Carillanca, quien adem\u00e1s ha \u00a0trabajado por \u00a0m\u00e1s de 15 a\u00f1os en proyectos asociados a Ar\u00e1ndanos.<\/p>\n<p style=\"text-align: justify;\"><strong>Innovaci\u00f3n y Tecnolog\u00eda<\/strong><\/p>\n<p style=\"text-align: justify;\">Y c\u00f3mo otra manera de fortalecer este trabajo durante el a\u00f1o tambi\u00e9n se sistematiz\u00f3 de manera bibliogr\u00e1fica dos manuales: en primer lugar \u201cManual de Mesotuneles\u201d y tambi\u00e9n otro relacionado con el \u201cCultivo de frutillas\u201d. Se trata de 300 ejemplares, que cuentan con ilustraciones y fotograf\u00edas, que permitir\u00e1n ser un apoyo en materia de consultas para los productores y otros interesados por aprender y conocer respecto de estos rubros, informaci\u00f3n que tambi\u00e9n se fortaleci\u00f3 con la emisi\u00f3n de capsulas radiales sobre cultivos, escuchadas en m\u00e1s de nueve localidades de la regi\u00f3n.<\/p>\n<p style=\"text-align: justify;\">Un programa que, si bien es cierto, posee un impacto territorial importante y un logro en materia de diversificaci\u00f3n productiva en una zona tan extrema y de condiciones clim\u00e1ticas tan adversas en ocasiones, pero que, con la implementaci\u00f3n de tecnolog\u00eda, se ha logrado hacer frente a dichos escenarios. En este contexto, es importante destacar la incorporaci\u00f3n de Mesotuneles desde Melinka a Villa O\u00b4Higgins, estructuras para el cultivo de frutillas en altura, sistemas de cortinas de viento e instalaciones meteorol\u00f3gicas, que han sido fundamentales para el desarrollo de ciertos frutales que antes era imposible cultivar, como son las frutillas, vides almendros, casta\u00f1os, murtillas, llegando a incorporarse cerca de 15 nuevas especies lo que significa una gran apuesta por la diversidad de la oferta de frutales en la regi\u00f3n de Ays\u00e9n.<\/p>\n<p style=\"text-align: justify;\"><strong>Del aprendizaje a la pr\u00e1ctica<\/strong><\/p>\n<p style=\"text-align: justify;\">Jessy Rebolledo, horticultora de Ma\u00f1ihuales, de la comuna de Ays\u00e9n, es una de las beneficiadas con el Programa de Frutales de INDAP Ays\u00e9n. En la visita que realizamos junto al Jefe de Area de la comuna de Ays\u00e9n, Sebasti\u00e1n Monsalve; la usuaria comenta el apoyo que ha recibido de INDAP en cuanto a la asistencia t\u00e9cnica por parte de los profesionales del Programa de Frutales, permiti\u00e9ndole sacar el m\u00e1ximo de provecho a la parcela que recibi\u00f3 hace un tiempo atr\u00e1s como \u00a0herencia, y el cual indica: \u201cnadie antes daba un peso porque era muy mallinoso\u201d\u00a0\u201cTuve la suerte de hacerme usuaria de Indap y ah\u00ed me empezaron a asesorar. Pas\u00e9 a\u00f1os limpiando este lugar y ellos me asesoraron con la orientaci\u00f3n de lo que podr\u00eda llegar a hacer en este terreno y hoy, con el tema de las frutillas y el invernadero he podido salir adelante. Sinceramente agradezco la voluntad y la asesor\u00eda\u201d, finaliz\u00f3.<\/p>\n<\/div><\/section><\/div><div  style='height:50px' class='hr hr-invisible   avia-builder-el-6  el_after_av_one_full  el_before_av_social_share '><span class='hr-inner ' ><span class='hr-inner-style'><\/span><\/span><\/div><\/p>\n<div  class='av-social-sharing-box  avia-builder-el-7  el_after_av_hr  el_before_av_hr  '><div class='av-share-box'><h5 class='av-share-link-description av-no-toc '>Compartir esta noticia<\/h5><ul class='av-share-box-list noLightbox'><li class='av-share-link av-social-link-facebook' ><a target=\"_blank\" aria-label=\"Compartir en Facebook\" href='https:\/\/www.facebook.com\/sharer.php?u=https:\/\/radiorevelacionfm.cl\/?p=13229&#038;t=Avances%20en%20diversificaci%C3%B3n%20productiva%20y%20alcance%20territorial%20en%20Ays%C3%A9n' aria-hidden='false' data-av_icon='\ue8f3' data-av_iconfont='entypo-fontello' title='' data-avia-related-tooltip='Compartir en Facebook' rel=\"noopener\"><span class='avia_hidden_link_text'>Compartir en Facebook<\/span><\/a><\/li><li class='av-share-link av-social-link-twitter' ><a target=\"_blank\" aria-label=\"Compartir en Twitter\" href='https:\/\/twitter.com\/share?text=Avances%20en%20diversificaci%C3%B3n%20productiva%20y%20alcance%20territorial%20en%20Ays%C3%A9n&#038;url=https:\/\/radiorevelacionfm.cl\/?p=13229' aria-hidden='false' data-av_icon='\ue8f1' data-av_iconfont='entypo-fontello' title='' data-avia-related-tooltip='Compartir en Twitter' rel=\"noopener\"><span class='avia_hidden_link_text'>Compartir en Twitter<\/span><\/a><\/li><li class='av-share-link av-social-link-whatsapp' ><a target=\"_blank\" aria-label=\"Compartir en Whatsapp\" href='https:\/\/api.whatsapp.com\/send?text=https:\/\/radiorevelacionfm.cl\/?p=13229' aria-hidden='false' data-av_icon='\uf232' data-av_iconfont='entypo-fontello' title='' data-avia-related-tooltip='Compartir en Whatsapp' rel=\"noopener\"><span class='avia_hidden_link_text'>Compartir en Whatsapp<\/span><\/a><\/li><li class='av-share-link av-social-link-linkedin' ><a target=\"_blank\" aria-label=\"Compartir en LinkedIn\" href='https:\/\/linkedin.com\/shareArticle?mini=true&#038;title=Avances%20en%20diversificaci%C3%B3n%20productiva%20y%20alcance%20territorial%20en%20Ays%C3%A9n&#038;url=https:\/\/radiorevelacionfm.cl\/?p=13229' aria-hidden='false' data-av_icon='\ue8fc' data-av_iconfont='entypo-fontello' title='' data-avia-related-tooltip='Compartir en LinkedIn' rel=\"noopener\"><span class='avia_hidden_link_text'>Compartir en LinkedIn<\/span><\/a><\/li><li class='av-share-link av-social-link-mail' ><a  aria-label=\"Compartir por correo\" href='mailto:?subject=Avances%20en%20diversificaci%C3%B3n%20productiva%20y%20alcance%20territorial%20en%20Ays%C3%A9n&#038;body=https:\/\/radiorevelacionfm.cl\/?p=13229' aria-hidden='false' data-av_icon='\ue805' data-av_iconfont='entypo-fontello' title='' data-avia-related-tooltip='Compartir por correo'><span class='avia_hidden_link_text'>Compartir por correo<\/span><\/a><\/li><\/ul><\/div><\/div>\n<div  style='height:50px' class='hr hr-invisible   avia-builder-el-8  el_after_av_social_share  el_before_av_comments_list '><span class='hr-inner ' ><span class='hr-inner-style'><\/span><\/span><\/div>\n<div  class='av-buildercomment  av-blog-meta-html-info-disabled av-blog-meta-tag-disabled  '><\/div>\n","protected":false},"excerpt":{"rendered":"","protected":false},"author":1,"featured_media":13230,"comment_status":"open","ping_status":"open","sticky":false,"template":"","format":"standard","meta":{"footnotes":""},"categories":[58],"tags":[],"class_list":["post-13229","post","type-post","status-publish","format-standard","has-post-thumbnail","hentry","category-agricultura"],"jetpack_featured_media_url":"https:\/\/radiorevelacionfm.cl\/wp-content\/uploads\/2022\/01\/Indap1.3-1-1.jpg","_links":{"self":[{"href":"https:\/\/radiorevelacionfm.cl\/index.php?rest_route=\/wp\/v2\/posts\/13229","targetHints":{"allow":["GET"]}}],"collection":[{"href":"https:\/\/radiorevelacionfm.cl\/index.php?rest_route=\/wp\/v2\/posts"}],"about":[{"href":"https:\/\/radiorevelacionfm.cl\/index.php?rest_route=\/wp\/v2\/types\/post"}],"author":[{"embeddable":true,"href":"https:\/\/radiorevelacionfm.cl\/index.php?rest_route=\/wp\/v2\/users\/1"}],"replies":[{"embeddable":true,"href":"https:\/\/radiorevelacionfm.cl\/index.php?rest_route=%2Fwp%2Fv2%2Fcomments&post=13229"}],"version-history":[{"count":2,"href":"https:\/\/radiorevelacionfm.cl\/index.php?rest_route=\/wp\/v2\/posts\/13229\/revisions"}],"predecessor-version":[{"id":13232,"href":"https:\/\/radiorevelacionfm.cl\/index.php?rest_route=\/wp\/v2\/posts\/13229\/revisions\/13232"}],"wp:featuredmedia":[{"embeddable":true,"href":"https:\/\/radiorevelacionfm.cl\/index.php?rest_route=\/wp\/v2\/media\/13230"}],"wp:attachment":[{"href":"https:\/\/radiorevelacionfm.cl\/index.php?rest_route=%2Fwp%2Fv2%2Fmedia&parent=13229"}],"wp:term":[{"taxonomy":"category","embeddable":true,"href":"https:\/\/radiorevelacionfm.cl\/index.php?rest_route=%2Fwp%2Fv2%2Fcategories&post=13229"},{"taxonomy":"post_tag","embeddable":true,"href":"https:\/\/radiorevelacionfm.cl\/index.php?rest_route=%2Fwp%2Fv2%2Ftags&post=13229"}],"curies":[{"name":"wp","href":"https:\/\/api.w.org\/{rel}","templated":true}]}}