{"id":13224,"date":"2022-01-26T10:18:19","date_gmt":"2022-01-26T13:18:19","guid":{"rendered":"https:\/\/radiorevelacionfm.cl\/?p=13224"},"modified":"2022-01-26T10:18:19","modified_gmt":"2022-01-26T13:18:19","slug":"muestra-de-campeones-cuequeros-deleito-a-la-comunidad-como-parte-de-las-actividades-del-verano-en-aysen","status":"publish","type":"post","link":"https:\/\/radiorevelacionfm.cl\/?p=13224","title":{"rendered":"Muestra de Campeones Cuequeros deleit\u00f3 a la comunidad como parte de las actividades del Verano en Ays\u00e9n"},"content":{"rendered":"<div class=\"flex_column av_one_full  flex_column_div av-zero-column-padding first  avia-builder-el-0  el_before_av_one_full  avia-builder-el-first  \" style='border-radius:0px; '><div  class='avia-image-container  av-styling-    avia-builder-el-1  avia-builder-el-no-sibling  avia-align-center '  itemprop=\"image\" itemscope=\"itemscope\" itemtype=\"https:\/\/schema.org\/ImageObject\"  ><div class='avia-image-container-inner'><div class='avia-image-overlay-wrap'><img decoding=\"async\" class='wp-image-13225 avia-img-lazy-loading-not-13225 avia_image' src=\"https:\/\/radiorevelacionfm.cl\/wp-content\/uploads\/2022\/01\/img-cuecamuestra4-1_optimized.jpeg\" alt='' title='img-cuecamuestra4-(1)_optimized' height=\"600\" width=\"800\"  itemprop=\"thumbnailUrl\" srcset=\"https:\/\/radiorevelacionfm.cl\/wp-content\/uploads\/2022\/01\/img-cuecamuestra4-1_optimized.jpeg 800w, https:\/\/radiorevelacionfm.cl\/wp-content\/uploads\/2022\/01\/img-cuecamuestra4-1_optimized-300x225.jpeg 300w, https:\/\/radiorevelacionfm.cl\/wp-content\/uploads\/2022\/01\/img-cuecamuestra4-1_optimized-768x576.jpeg 768w, https:\/\/radiorevelacionfm.cl\/wp-content\/uploads\/2022\/01\/img-cuecamuestra4-1_optimized-705x529.jpeg 705w, https:\/\/radiorevelacionfm.cl\/wp-content\/uploads\/2022\/01\/img-cuecamuestra4-1_optimized-600x450.jpeg 600w\" sizes=\"(max-width: 800px) 100vw, 800px\" \/><\/div><\/div><\/div><\/div><div class=\"flex_column av_one_full  flex_column_div av-zero-column-padding first  avia-builder-el-2  el_after_av_one_full  el_before_av_one_full  column-top-margin\" style='border-radius:0px; '><section class=\"av_textblock_section \"  itemscope=\"itemscope\" itemtype=\"https:\/\/schema.org\/BlogPosting\" itemprop=\"blogPost\" ><div class='avia_textblock  '   itemprop=\"text\" ><p style=\"text-align: center;\"><strong><span style=\"font-size: 18pt;\">Muestra de Campeones Cuequeros deleit\u00f3 a la comunidad como parte de las actividades del Verano en Ays\u00e9n<\/span><\/strong><\/p>\n<div id=\"gtx-trans\" style=\"position: absolute; left: -50px; top: 4.31534px;\">\n<div class=\"gtx-trans-icon\"><\/div>\n<\/div>\n<\/div><\/section><\/div><div class=\"flex_column av_one_full  flex_column_div av-zero-column-padding first  avia-builder-el-4  el_after_av_one_full  el_before_av_hr  column-top-margin\" style='border-radius:0px; '><section class=\"av_textblock_section \"  itemscope=\"itemscope\" itemtype=\"https:\/\/schema.org\/BlogPosting\" itemprop=\"blogPost\" ><div class='avia_textblock  '   itemprop=\"text\" ><p style=\"text-align: justify;\">Con una amplia recepci\u00f3n y con m\u00e1s de 15 parejas galardonadas en distintos encuentros nacionales, la Ilustre Municipalidad de Ays\u00e9n desarroll\u00f3 la primera Muestra de Campeones Cuequeros 2022. Evento que congreg\u00f3 a familias de distintos puntos de la regi\u00f3n para efectuar una intensa demostraci\u00f3n folcl\u00f3rica de la cual tambi\u00e9n result\u00f3 ganadora una joven pareja para representar a la Regi\u00f3n de Ays\u00e9n en el encuentro nacional a disputarse en Arica si las condiciones sanitarias as\u00ed lo permiten.<\/p>\n<p style=\"text-align: justify;\">Frente al desarrollo de esta actividad, el alcalde de la comuna de Ays\u00e9n, Julio Uribe Alvarado, destac\u00f3 la materializaci\u00f3n de esta muestra de campeones regionales y locales que permiti\u00f3 unir a la familia aysenina entorno a los interpretes folcl\u00f3ricos. \u201cPor supuesto estas actividades hay que seguirlas haciendo, tenemos muchos ni\u00f1os y j\u00f3venes que est\u00e1n trabajando en esta disciplina folcl\u00f3rica que es encantadora y que la gente la sigue. Esperar a que podamos hacer muchos m\u00e1s eventos durante este a\u00f1o, potenciar el folclor que es una de las l\u00edneas de cultura que llevamos\u201d enfatiz\u00f3 el l\u00edder comunal.<\/p>\n<p style=\"text-align: justify;\">Por su parte, el integrante de la pareja ganadora en el encuentro, Hugo Schutz, manifest\u00f3 el amor que siente por el baile nacional, aclarando que lleva un tiempo bastante largo de trayectoria para perfeccionarse \u201cestamos bastante contentos con la acci\u00f3n de la municipalidad porque est\u00e1 entregando mucho apoyo a todo lo que es cultura y hoy tuvimos la participaci\u00f3n de Carabineros, de grupos de cueca amenizando, tambi\u00e9n hubieron muchas parejas representantes en la muestra as\u00ed es que estamos bastante contentos con todo lo que est\u00e1 haciendo la comuna de Ays\u00e9n\u201d.<\/p>\n<p style=\"text-align: justify;\">En tanto, su par campeona, Karina Gajardo, realiz\u00f3 una evaluaci\u00f3n positiva de la instancia organizada por la casa edilicia de Ays\u00e9n con motivo de las actividades de Verano y puntualiz\u00f3 en el la alegr\u00eda que siente al tener apoyo familiar \u201cy mientras podamos seguir entregando alegr\u00eda al p\u00fablico que ni siquiera nos conoce eso para nosotros es maravilloso y un pago que tenemos nosotros\u201d.<\/p>\n<p style=\"text-align: justify;\">Finalmente, Eduviges Ranquehue, madre de uno de los participantes de la muestra indic\u00f3 que estas instancias permiten a los j\u00f3venes presentar su trabajo, darse a conocer y practicar en el caso de quienes deben ir a un encuentro nacional. En su caso particular, su hijo posee la asesor\u00eda de los profesores Camila Zapata y Carlos Mancilla para las respectivas presentaciones que realiza e inst\u00f3 a los dem\u00e1s padres a brindar el apoyo necesario a sus hijos cuando existan gustos como los representados en el folclor.<\/p>\n<\/div><\/section><\/div><div  style='height:50px' class='hr hr-invisible   avia-builder-el-6  el_after_av_one_full  el_before_av_social_share '><span class='hr-inner ' ><span class='hr-inner-style'><\/span><\/span><\/div><\/p>\n<div  class='av-social-sharing-box  avia-builder-el-7  el_after_av_hr  el_before_av_hr  '><div class='av-share-box'><h5 class='av-share-link-description av-no-toc '>Compartir esta noticia<\/h5><ul class='av-share-box-list noLightbox'><li class='av-share-link av-social-link-facebook' ><a target=\"_blank\" aria-label=\"Compartir en Facebook\" href='https:\/\/www.facebook.com\/sharer.php?u=https:\/\/radiorevelacionfm.cl\/?p=13224&#038;t=Muestra%20de%20Campeones%20Cuequeros%20deleit%C3%B3%20a%20la%20comunidad%20como%20parte%20de%20las%20actividades%20del%20Verano%20en%20Ays%C3%A9n' aria-hidden='false' data-av_icon='\ue8f3' data-av_iconfont='entypo-fontello' title='' data-avia-related-tooltip='Compartir en Facebook' rel=\"noopener\"><span class='avia_hidden_link_text'>Compartir en Facebook<\/span><\/a><\/li><li class='av-share-link av-social-link-twitter' ><a target=\"_blank\" aria-label=\"Compartir en Twitter\" href='https:\/\/twitter.com\/share?text=Muestra%20de%20Campeones%20Cuequeros%20deleit%C3%B3%20a%20la%20comunidad%20como%20parte%20de%20las%20actividades%20del%20Verano%20en%20Ays%C3%A9n&#038;url=https:\/\/radiorevelacionfm.cl\/?p=13224' aria-hidden='false' data-av_icon='\ue8f1' data-av_iconfont='entypo-fontello' title='' data-avia-related-tooltip='Compartir en Twitter' rel=\"noopener\"><span class='avia_hidden_link_text'>Compartir en Twitter<\/span><\/a><\/li><li class='av-share-link av-social-link-whatsapp' ><a target=\"_blank\" aria-label=\"Compartir en Whatsapp\" href='https:\/\/api.whatsapp.com\/send?text=https:\/\/radiorevelacionfm.cl\/?p=13224' aria-hidden='false' data-av_icon='\uf232' data-av_iconfont='entypo-fontello' title='' data-avia-related-tooltip='Compartir en Whatsapp' rel=\"noopener\"><span class='avia_hidden_link_text'>Compartir en Whatsapp<\/span><\/a><\/li><li class='av-share-link av-social-link-linkedin' ><a target=\"_blank\" aria-label=\"Compartir en LinkedIn\" href='https:\/\/linkedin.com\/shareArticle?mini=true&#038;title=Muestra%20de%20Campeones%20Cuequeros%20deleit%C3%B3%20a%20la%20comunidad%20como%20parte%20de%20las%20actividades%20del%20Verano%20en%20Ays%C3%A9n&#038;url=https:\/\/radiorevelacionfm.cl\/?p=13224' aria-hidden='false' data-av_icon='\ue8fc' data-av_iconfont='entypo-fontello' title='' data-avia-related-tooltip='Compartir en LinkedIn' rel=\"noopener\"><span class='avia_hidden_link_text'>Compartir en LinkedIn<\/span><\/a><\/li><li class='av-share-link av-social-link-mail' ><a  aria-label=\"Compartir por correo\" href='mailto:?subject=Muestra%20de%20Campeones%20Cuequeros%20deleit%C3%B3%20a%20la%20comunidad%20como%20parte%20de%20las%20actividades%20del%20Verano%20en%20Ays%C3%A9n&#038;body=https:\/\/radiorevelacionfm.cl\/?p=13224' aria-hidden='false' data-av_icon='\ue805' data-av_iconfont='entypo-fontello' title='' data-avia-related-tooltip='Compartir por correo'><span class='avia_hidden_link_text'>Compartir por correo<\/span><\/a><\/li><\/ul><\/div><\/div>\n<div  style='height:50px' class='hr hr-invisible   avia-builder-el-8  el_after_av_social_share  el_before_av_comments_list '><span class='hr-inner ' ><span class='hr-inner-style'><\/span><\/span><\/div>\n<div  class='av-buildercomment  av-blog-meta-html-info-disabled av-blog-meta-tag-disabled  '><\/div>\n","protected":false},"excerpt":{"rendered":"","protected":false},"author":1,"featured_media":13225,"comment_status":"open","ping_status":"open","sticky":false,"template":"","format":"standard","meta":{"footnotes":""},"categories":[38],"tags":[],"class_list":["post-13224","post","type-post","status-publish","format-standard","has-post-thumbnail","hentry","category-regional"],"jetpack_featured_media_url":"https:\/\/radiorevelacionfm.cl\/wp-content\/uploads\/2022\/01\/img-cuecamuestra4-1_optimized.jpeg","_links":{"self":[{"href":"https:\/\/radiorevelacionfm.cl\/index.php?rest_route=\/wp\/v2\/posts\/13224","targetHints":{"allow":["GET"]}}],"collection":[{"href":"https:\/\/radiorevelacionfm.cl\/index.php?rest_route=\/wp\/v2\/posts"}],"about":[{"href":"https:\/\/radiorevelacionfm.cl\/index.php?rest_route=\/wp\/v2\/types\/post"}],"author":[{"embeddable":true,"href":"https:\/\/radiorevelacionfm.cl\/index.php?rest_route=\/wp\/v2\/users\/1"}],"replies":[{"embeddable":true,"href":"https:\/\/radiorevelacionfm.cl\/index.php?rest_route=%2Fwp%2Fv2%2Fcomments&post=13224"}],"version-history":[{"count":2,"href":"https:\/\/radiorevelacionfm.cl\/index.php?rest_route=\/wp\/v2\/posts\/13224\/revisions"}],"predecessor-version":[{"id":13228,"href":"https:\/\/radiorevelacionfm.cl\/index.php?rest_route=\/wp\/v2\/posts\/13224\/revisions\/13228"}],"wp:featuredmedia":[{"embeddable":true,"href":"https:\/\/radiorevelacionfm.cl\/index.php?rest_route=\/wp\/v2\/media\/13225"}],"wp:attachment":[{"href":"https:\/\/radiorevelacionfm.cl\/index.php?rest_route=%2Fwp%2Fv2%2Fmedia&parent=13224"}],"wp:term":[{"taxonomy":"category","embeddable":true,"href":"https:\/\/radiorevelacionfm.cl\/index.php?rest_route=%2Fwp%2Fv2%2Fcategories&post=13224"},{"taxonomy":"post_tag","embeddable":true,"href":"https:\/\/radiorevelacionfm.cl\/index.php?rest_route=%2Fwp%2Fv2%2Ftags&post=13224"}],"curies":[{"name":"wp","href":"https:\/\/api.w.org\/{rel}","templated":true}]}}