{"id":13221,"date":"2022-01-26T09:39:26","date_gmt":"2022-01-26T12:39:26","guid":{"rendered":"https:\/\/radiorevelacionfm.cl\/?p=13221"},"modified":"2022-01-26T09:39:26","modified_gmt":"2022-01-26T12:39:26","slug":"sence-aysen-invita-a-inscribirse-a-diplomados-totalmente-gratuitos","status":"publish","type":"post","link":"https:\/\/radiorevelacionfm.cl\/?p=13221","title":{"rendered":"SENCE Ays\u00e9n invita a inscribirse a diplomados totalmente gratuitos"},"content":{"rendered":"<div class=\"flex_column av_one_full  flex_column_div av-zero-column-padding first  avia-builder-el-0  el_before_av_one_full  avia-builder-el-first  \" style='border-radius:0px; '><div  class='avia-image-container  av-styling-    avia-builder-el-1  avia-builder-el-no-sibling  avia-align-center '  itemprop=\"image\" itemscope=\"itemscope\" itemtype=\"https:\/\/schema.org\/ImageObject\"  ><div class='avia-image-container-inner'><div class='avia-image-overlay-wrap'><img decoding=\"async\" class='wp-image-13222 avia-img-lazy-loading-not-13222 avia_image' src=\"https:\/\/radiorevelacionfm.cl\/wp-content\/uploads\/2022\/01\/diplomados-1_optimized.jpg\" alt='' title='diplomados-(1)_optimized' height=\"600\" width=\"1569\"  itemprop=\"thumbnailUrl\" srcset=\"https:\/\/radiorevelacionfm.cl\/wp-content\/uploads\/2022\/01\/diplomados-1_optimized.jpg 1569w, https:\/\/radiorevelacionfm.cl\/wp-content\/uploads\/2022\/01\/diplomados-1_optimized-300x115.jpg 300w, https:\/\/radiorevelacionfm.cl\/wp-content\/uploads\/2022\/01\/diplomados-1_optimized-1030x394.jpg 1030w, https:\/\/radiorevelacionfm.cl\/wp-content\/uploads\/2022\/01\/diplomados-1_optimized-768x294.jpg 768w, https:\/\/radiorevelacionfm.cl\/wp-content\/uploads\/2022\/01\/diplomados-1_optimized-1536x587.jpg 1536w, https:\/\/radiorevelacionfm.cl\/wp-content\/uploads\/2022\/01\/diplomados-1_optimized-1500x574.jpg 1500w, https:\/\/radiorevelacionfm.cl\/wp-content\/uploads\/2022\/01\/diplomados-1_optimized-705x270.jpg 705w, https:\/\/radiorevelacionfm.cl\/wp-content\/uploads\/2022\/01\/diplomados-1_optimized-600x229.jpg 600w\" sizes=\"(max-width: 1569px) 100vw, 1569px\" \/><\/div><\/div><\/div><\/div><div class=\"flex_column av_one_full  flex_column_div av-zero-column-padding first  avia-builder-el-2  el_after_av_one_full  el_before_av_one_full  column-top-margin\" style='border-radius:0px; '><section class=\"av_textblock_section \"  itemscope=\"itemscope\" itemtype=\"https:\/\/schema.org\/BlogPosting\" itemprop=\"blogPost\" ><div class='avia_textblock  '   itemprop=\"text\" ><p style=\"text-align: center;\"><span style=\"font-size: 18pt;\"><b><span lang=\"ES-CL\">SENCE Ays\u00e9n invita a inscribirse a diplomados totalmente gratuitos<\/span><\/b><\/span><\/p>\n<div id=\"gtx-trans\" style=\"position: absolute; left: -50px; top: 4.31534px;\">\n<div class=\"gtx-trans-icon\"><\/div>\n<\/div>\n<\/div><\/section><\/div><div class=\"flex_column av_one_full  flex_column_div av-zero-column-padding first  avia-builder-el-4  el_after_av_one_full  el_before_av_hr  column-top-margin\" style='border-radius:0px; '><section class=\"av_textblock_section \"  itemscope=\"itemscope\" itemtype=\"https:\/\/schema.org\/BlogPosting\" itemprop=\"blogPost\" ><div class='avia_textblock  '   itemprop=\"text\" ><p class=\"v1MsoNormal\" style=\"text-align: justify;\"><span lang=\"ES-CL\">Hasta este 31 de enero estar\u00e1n disponibles las inscripciones a los diplomados \u00abSociedad Digital\u00bb, que podr\u00e1n realizarse hasta marzo del 2022, son producto de una alianza p\u00fablico-privada que entregar\u00e1 cupos gratuitos que permitir\u00e1n cursar, en un per\u00edodo de 3 meses, alguna de las 4 rutas formativas online sobre: Emprendimiento Social y Marketing Personal, Marketing Digital y Gesti\u00f3n\u00a0Estrat\u00e9gica, Comunicaci\u00f3n en Entornos Digitales y\/o Dise\u00f1o y Programaci\u00f3n Web.<\/span><\/p>\n<p class=\"v1MsoNormal\" style=\"text-align: justify;\"><span lang=\"ES-CL\">La iniciativa de Fundaci\u00f3n Telef\u00f3nica Movistar y AIEP, en conjunto con el Ministerio de la Mujer y el Servicio Nacional de Capacitaci\u00f3n y Empleo, SENCE, nace con el objetivo de extender a toda la sociedad el \u00e9xito que tuvieron los diplomados \u00abMujer Innova\u00bb.\u00a0As\u00ed, al igual que sus predecesores, estos buscan entregar herramientas y perfeccionar los conocimientos en materia digital de las personas que emprenden y de todas aquellas que quieren aprender o reconvertirse en diferentes \u00e1mbitos laborales, para hacer frente a los cambios producto de la contingencia mundial.<\/span><\/p>\n<p class=\"v1MsoNormal\" style=\"text-align: justify;\"><span lang=\"ES-CL\">Al respecto la directora regional del SENCE Ays\u00e9n, Katherine Kingma, se\u00f1al\u00f3 que\u00a0\u00abInvitamos a quienes est\u00e9n interesados en seguir acrecentando sus conocimientos en estas materias a aprovechar estos 4 diplomados, son totalmente gratuitos y al momento de buscar un trabajo o mejorar los conocimientos en su propio negocio es muy bueno, sabemos que todo est\u00e1 cambiando a la era digital y es por eso la relevancia de estos diplomados. Para postular, ingresa con tu clave \u00fanica a\u00a0<\/span><span lang=\"ES\"><a href=\"http:\/\/www.fundaciontelefonica.cl\/\" target=\"_blank\" rel=\"noopener noreferrer\"><span lang=\"ES-CL\">www.fundaciontelefonica.cl<\/span><\/a><\/span><span lang=\"ES-CL\">\u00a0y\u00a0<\/span><span lang=\"ES-CL\">busca el banner con los Diplomados de Sociedad Digital<\/span><span lang=\"ES-CL\">. Estos diplomados no solo son una gran oportunidad, sino que tambi\u00e9n un aporte para el pa\u00eds y la econom\u00eda, permitiendo a su vez mitigar en parte, las brechas que existen entre mujeres y hombres\u00bb se\u00f1al\u00f3.<\/span><\/p>\n<p class=\"v1MsoNormal\" style=\"text-align: justify;\"><span lang=\"ES-CL\">Por su parte, la Seremi del Trabajo y Previsi\u00f3n Social de Ays\u00e9n, Andrea Ponce, valor\u00f3 esta iniciativa y destac\u00f3 el esfuerzo del Gobierno en ir innovando y creando cada vez mejores ofertas en materia de capacitaci\u00f3n con estos diplomados, comentando \u00abUno de los sello que hemos tenido en este Gobierno es la adaptaci\u00f3n y eso se ve reflejado precisamente en el trabajo que el Ministerio del Trabajo y Previsi\u00f3n Social ha realizado a trav\u00e9s de Sence, adaptando sus programas y creando alianzas para enfrentar los nuevos desaf\u00edos, como la digitalizaci\u00f3n y el gran salto que ha significado en las comunicaciones y en el trabajo debido a la pandemia. Los trabajos y las ofertas laborales est\u00e1n cambiando, y ello se ve por ejemplo, en la alta demanda de programadores y trabajadores con formaci\u00f3n en esa \u00e1rea. Estos diplomados son una respuesta a las necesidades que requieren los emprendimientos y las empresas, y conocimientos que deben tener tanto trabajadores como emprendedores para seguir avanzando y encontrando nuevas oportunidades de desarrollo. Los insto a postular a los Diplomados y a mejorar sus conocimientos, aprovechando adem\u00e1s que son sin costo\u00bb inst\u00f3 la titular del trabajo de Ays\u00e9n.<\/span><\/p>\n<p class=\"v1MsoNormal\" style=\"text-align: justify;\"><span lang=\"ES-CL\">Finalmente, la Seremi de la Mujer y Equidad de G\u00e9nero de Ays\u00e9n, Barbara Ort\u00fazar, agreg\u00f3 \u00abEs importante dar a conocer que el Ministerio de Mujer y Equidad de G\u00e9nero junto al Ministerio del Trabajo y Previsi\u00f3n Social y Sence, se han convertido en grandes aliados para fortalecer a las mujeres trabajadoras y emprendedoras. Ya lo hemos dicho en diversas ocasiones, durante esta pandemia las mujeres son uno de los grupos que ha sido m\u00e1s afectado, y por ello, es esencial que se creen iniciativas como estos diplomados gratuitos, que las impulsen, capaciten y apoyen para mitigar en parte, la dif\u00edcil situaci\u00f3n. Las mujeres son las primeras en perder el trabajo cuando hay crisis y con esto queremos contribuir para que puedan tener nuevas herramientas para enfrentar la reactivaci\u00f3n econ\u00f3mica. Invitamos a las mujeres de nuestra Regi\u00f3n de Ays\u00e9n para que se motiven y que se inscriban lo antes posible, ya que son cupos limitados\u00bb concluy\u00f3.<\/span><\/p>\n<p class=\"v1MsoNormal\" style=\"text-align: justify;\"><strong><span lang=\"ES-CL\">Descripci\u00f3n de los diplomados<\/span><\/strong><\/p>\n<p class=\"v1MsoNormal\" style=\"text-align: justify;\"><span lang=\"ES-CL\">Diplomado Emprendimiento Social y Marketing Personal:\u00a0<\/span><span lang=\"ES-CL\">dirigido a emprendedores\/as, que por su ubicaci\u00f3n geogr\u00e1fica y\/o sus exigencias laborales, requieren de flexibilidad horaria para cursar sus estudios.<\/span><\/p>\n<p class=\"v1MsoNormal\" style=\"text-align: justify;\"><span lang=\"ES-CL\">Diplomado Marketing Digital y Gesti\u00f3n Estrat\u00e9gica: dirigido a personas con inter\u00e9s en aprender o profundizar sus conocimientos acerca del desarrollo de estrategias de marketing digital, a trav\u00e9s de la formaci\u00f3n de un Diplomado en marketing digital, que les permita realizar anal\u00edtica web y Growth Hacking.<\/span><\/p>\n<p class=\"v1MsoNormal\" style=\"text-align: justify;\"><span lang=\"ES-CL\">Comunicaci\u00f3n en Entornos Digitales: para quienes tengan el inter\u00e9s de comunicarse en entornos digitales, aprovechando el potencial de las redes sociales, utilizando herramientas con car\u00e1cter digital y entornos virtuales, lo cual se incorporar\u00e1 dentro de su plan de comunicaci\u00f3n.<\/span><\/p>\n<p class=\"v1MsoNormal\" style=\"text-align: justify;\"><span lang=\"ES-CL\">Diplomado Dise\u00f1o y Programaci\u00f3n Web: dirigido a personas que tengan inter\u00e9s en iniciarse en el dise\u00f1o y programaci\u00f3n Web, con el fin de crear sitios web y personalizarlos.<\/span><\/p>\n<p class=\"v1MsoNormal\" style=\"text-align: left;\"><span lang=\"ES-CL\">Quienes deseen postular, deber\u00e1n ingresar en el siguiente link con su clave \u00fanica \u00a0<\/span><span lang=\"ES\"><a href=\"https:\/\/www.fundaciontelefonica.cl\/empleabilidad\/diplomados-sociedad-digital\/\" target=\"_blank\" rel=\"noopener noreferrer\"><span lang=\"ES-CL\">https:\/\/www.fundaciontelefonica.cl\/empleabilidad\/diplomados-sociedad-digital\/<\/span><\/a><\/span><\/p>\n<\/div><\/section><\/div><div  style='height:50px' class='hr hr-invisible   avia-builder-el-6  el_after_av_one_full  el_before_av_social_share '><span class='hr-inner ' ><span class='hr-inner-style'><\/span><\/span><\/div><\/p>\n<div  class='av-social-sharing-box  avia-builder-el-7  el_after_av_hr  el_before_av_hr  '><div class='av-share-box'><h5 class='av-share-link-description av-no-toc '>Compartir esta noticia<\/h5><ul class='av-share-box-list noLightbox'><li class='av-share-link av-social-link-facebook' ><a target=\"_blank\" aria-label=\"Compartir en Facebook\" href='https:\/\/www.facebook.com\/sharer.php?u=https:\/\/radiorevelacionfm.cl\/?p=13221&#038;t=SENCE%20Ays%C3%A9n%20invita%20a%20inscribirse%20a%20diplomados%20totalmente%20gratuitos' aria-hidden='false' data-av_icon='\ue8f3' data-av_iconfont='entypo-fontello' title='' data-avia-related-tooltip='Compartir en Facebook' rel=\"noopener\"><span class='avia_hidden_link_text'>Compartir en Facebook<\/span><\/a><\/li><li class='av-share-link av-social-link-twitter' ><a target=\"_blank\" aria-label=\"Compartir en Twitter\" href='https:\/\/twitter.com\/share?text=SENCE%20Ays%C3%A9n%20invita%20a%20inscribirse%20a%20diplomados%20totalmente%20gratuitos&#038;url=https:\/\/radiorevelacionfm.cl\/?p=13221' aria-hidden='false' data-av_icon='\ue8f1' data-av_iconfont='entypo-fontello' title='' data-avia-related-tooltip='Compartir en Twitter' rel=\"noopener\"><span class='avia_hidden_link_text'>Compartir en Twitter<\/span><\/a><\/li><li class='av-share-link av-social-link-whatsapp' ><a target=\"_blank\" aria-label=\"Compartir en Whatsapp\" href='https:\/\/api.whatsapp.com\/send?text=https:\/\/radiorevelacionfm.cl\/?p=13221' aria-hidden='false' data-av_icon='\uf232' data-av_iconfont='entypo-fontello' title='' data-avia-related-tooltip='Compartir en Whatsapp' rel=\"noopener\"><span class='avia_hidden_link_text'>Compartir en Whatsapp<\/span><\/a><\/li><li class='av-share-link av-social-link-linkedin' ><a target=\"_blank\" aria-label=\"Compartir en LinkedIn\" href='https:\/\/linkedin.com\/shareArticle?mini=true&#038;title=SENCE%20Ays%C3%A9n%20invita%20a%20inscribirse%20a%20diplomados%20totalmente%20gratuitos&#038;url=https:\/\/radiorevelacionfm.cl\/?p=13221' aria-hidden='false' data-av_icon='\ue8fc' data-av_iconfont='entypo-fontello' title='' data-avia-related-tooltip='Compartir en LinkedIn' rel=\"noopener\"><span class='avia_hidden_link_text'>Compartir en LinkedIn<\/span><\/a><\/li><li class='av-share-link av-social-link-mail' ><a  aria-label=\"Compartir por correo\" href='mailto:?subject=SENCE%20Ays%C3%A9n%20invita%20a%20inscribirse%20a%20diplomados%20totalmente%20gratuitos&#038;body=https:\/\/radiorevelacionfm.cl\/?p=13221' aria-hidden='false' data-av_icon='\ue805' data-av_iconfont='entypo-fontello' title='' data-avia-related-tooltip='Compartir por correo'><span class='avia_hidden_link_text'>Compartir por correo<\/span><\/a><\/li><\/ul><\/div><\/div>\n<div  style='height:50px' class='hr hr-invisible   avia-builder-el-8  el_after_av_social_share  el_before_av_comments_list '><span class='hr-inner ' ><span class='hr-inner-style'><\/span><\/span><\/div>\n<div  class='av-buildercomment  av-blog-meta-html-info-disabled av-blog-meta-tag-disabled  '><\/div>\n","protected":false},"excerpt":{"rendered":"","protected":false},"author":1,"featured_media":13222,"comment_status":"open","ping_status":"open","sticky":false,"template":"","format":"standard","meta":{"footnotes":""},"categories":[38],"tags":[],"class_list":["post-13221","post","type-post","status-publish","format-standard","has-post-thumbnail","hentry","category-regional"],"jetpack_featured_media_url":"https:\/\/radiorevelacionfm.cl\/wp-content\/uploads\/2022\/01\/diplomados-1_optimized.jpg","_links":{"self":[{"href":"https:\/\/radiorevelacionfm.cl\/index.php?rest_route=\/wp\/v2\/posts\/13221","targetHints":{"allow":["GET"]}}],"collection":[{"href":"https:\/\/radiorevelacionfm.cl\/index.php?rest_route=\/wp\/v2\/posts"}],"about":[{"href":"https:\/\/radiorevelacionfm.cl\/index.php?rest_route=\/wp\/v2\/types\/post"}],"author":[{"embeddable":true,"href":"https:\/\/radiorevelacionfm.cl\/index.php?rest_route=\/wp\/v2\/users\/1"}],"replies":[{"embeddable":true,"href":"https:\/\/radiorevelacionfm.cl\/index.php?rest_route=%2Fwp%2Fv2%2Fcomments&post=13221"}],"version-history":[{"count":2,"href":"https:\/\/radiorevelacionfm.cl\/index.php?rest_route=\/wp\/v2\/posts\/13221\/revisions"}],"predecessor-version":[{"id":13227,"href":"https:\/\/radiorevelacionfm.cl\/index.php?rest_route=\/wp\/v2\/posts\/13221\/revisions\/13227"}],"wp:featuredmedia":[{"embeddable":true,"href":"https:\/\/radiorevelacionfm.cl\/index.php?rest_route=\/wp\/v2\/media\/13222"}],"wp:attachment":[{"href":"https:\/\/radiorevelacionfm.cl\/index.php?rest_route=%2Fwp%2Fv2%2Fmedia&parent=13221"}],"wp:term":[{"taxonomy":"category","embeddable":true,"href":"https:\/\/radiorevelacionfm.cl\/index.php?rest_route=%2Fwp%2Fv2%2Fcategories&post=13221"},{"taxonomy":"post_tag","embeddable":true,"href":"https:\/\/radiorevelacionfm.cl\/index.php?rest_route=%2Fwp%2Fv2%2Ftags&post=13221"}],"curies":[{"name":"wp","href":"https:\/\/api.w.org\/{rel}","templated":true}]}}