{"id":13215,"date":"2022-01-25T17:42:28","date_gmt":"2022-01-25T20:42:28","guid":{"rendered":"https:\/\/radiorevelacionfm.cl\/?p=13215"},"modified":"2022-01-25T17:42:28","modified_gmt":"2022-01-25T20:42:28","slug":"ministro-moreno-por-aprobacion-de-reforma-al-codigo-de-aguas-en-el-congreso-esta-no-es-solo-una-reforma-es-la-ley-del-agua-que-nos-permitira-enfrentar-la-enorme-crisis-climatica-que-estamos","status":"publish","type":"post","link":"https:\/\/radiorevelacionfm.cl\/?p=13215","title":{"rendered":"Ministro Moreno por aprobaci\u00f3n de reforma al C\u00f3digo de Aguas en el Congreso: \u201cEsta no es s\u00f3lo una reforma, es la ley del agua que nos permitir\u00e1 enfrentar la enorme crisis clim\u00e1tica que estamos viviendo\u201d"},"content":{"rendered":"<div class=\"flex_column av_one_full  flex_column_div av-zero-column-padding first  avia-builder-el-0  el_before_av_one_full  avia-builder-el-first  \" style='border-radius:0px; '><div  class='avia-image-container  av-styling-    avia-builder-el-1  avia-builder-el-no-sibling  avia-align-center '  itemprop=\"image\" itemscope=\"itemscope\" itemtype=\"https:\/\/schema.org\/ImageObject\"  ><div class='avia-image-container-inner'><div class='avia-image-overlay-wrap'><img decoding=\"async\" class='wp-image-13216 avia-img-lazy-loading-not-13216 avia_image' src=\"https:\/\/radiorevelacionfm.cl\/wp-content\/uploads\/2022\/01\/MOP-aprobacion-Codigo-de-Aguas-31-12.01.2022-1-1.jpg\" alt='' title='MOP aprobaci\u00f3n C\u00f3digo de Aguas 31 12.01.2022 (1) (1)' height=\"600\" width=\"962\"  itemprop=\"thumbnailUrl\" srcset=\"https:\/\/radiorevelacionfm.cl\/wp-content\/uploads\/2022\/01\/MOP-aprobacion-Codigo-de-Aguas-31-12.01.2022-1-1.jpg 962w, https:\/\/radiorevelacionfm.cl\/wp-content\/uploads\/2022\/01\/MOP-aprobacion-Codigo-de-Aguas-31-12.01.2022-1-1-300x187.jpg 300w, https:\/\/radiorevelacionfm.cl\/wp-content\/uploads\/2022\/01\/MOP-aprobacion-Codigo-de-Aguas-31-12.01.2022-1-1-768x479.jpg 768w, https:\/\/radiorevelacionfm.cl\/wp-content\/uploads\/2022\/01\/MOP-aprobacion-Codigo-de-Aguas-31-12.01.2022-1-1-705x440.jpg 705w, https:\/\/radiorevelacionfm.cl\/wp-content\/uploads\/2022\/01\/MOP-aprobacion-Codigo-de-Aguas-31-12.01.2022-1-1-600x374.jpg 600w\" sizes=\"(max-width: 962px) 100vw, 962px\" \/><\/div><\/div><\/div><\/div><div class=\"flex_column av_one_full  flex_column_div av-zero-column-padding first  avia-builder-el-2  el_after_av_one_full  el_before_av_one_full  column-top-margin\" style='border-radius:0px; '><section class=\"av_textblock_section \"  itemscope=\"itemscope\" itemtype=\"https:\/\/schema.org\/BlogPosting\" itemprop=\"blogPost\" ><div class='avia_textblock  '   itemprop=\"text\" ><p style=\"text-align: center;\"><strong><span style=\"font-size: 18pt;\">Ministro Moreno por aprobaci\u00f3n de reforma al C\u00f3digo de Aguas en el Congreso: <\/span><\/strong><strong><span style=\"font-size: 18pt;\">\u201cEsta no es s\u00f3lo una reforma, es la ley del agua que nos permitir\u00e1 enfrentar la <\/span><\/strong><strong><span style=\"font-size: 18pt;\">enorme crisis clim\u00e1tica que estamos viviendo\u201d<\/span><\/strong><\/p>\n<div id=\"gtx-trans\" style=\"position: absolute; left: -50px; top: 4.31534px;\">\n<div class=\"gtx-trans-icon\"><\/div>\n<\/div>\n<\/div><\/section><\/div><div class=\"flex_column av_one_full  flex_column_div av-zero-column-padding first  avia-builder-el-4  el_after_av_one_full  el_before_av_hr  column-top-margin\" style='border-radius:0px; '><section class=\"av_textblock_section \"  itemscope=\"itemscope\" itemtype=\"https:\/\/schema.org\/BlogPosting\" itemprop=\"blogPost\" ><div class='avia_textblock  '   itemprop=\"text\" ><p style=\"text-align: justify;\">Este mes, despu\u00e9s de m\u00e1s de una d\u00e9cada de tramitaci\u00f3n en el Congreso, se aprob\u00f3 en forma un\u00e1nime en el Senado el proyecto de ley que reforma el C\u00f3digo de Aguas. Con esto, la iniciativa que modifica el C\u00f3digo de Aguas de 1981, sorte\u00f3 su \u00faltimo tr\u00e1mite legislativo para ser promulgada como Ley.<\/p>\n<p style=\"text-align: justify;\">\u201cEstamos muy contentos, porque el Congreso ha aprobado por unanimidad la reforma al C\u00f3digo de Aguas. Ahora ser\u00e1 enviado al Presidente de la Rep\u00fablica para que pueda ser promulgada y de esta forma estamos dando un salto enorme en materia de nuestras capacidades para poder gestionar el agua. Se trata de un C\u00f3digo moderno, que le da atribuciones a las autoridades para poder tomar las decisiones duras y dif\u00edciles que se deben tomar. Esta no es s\u00f3lo una reforma, es la ley del agua que nos permitir\u00e1 enfrentar la enorme crisis clim\u00e1tica que estamos viviendo\u201d, afirm\u00f3 el ministro de Obras P\u00fablicas, Alfredo Moreno, tras la aprobaci\u00f3n del informe de la Comisi\u00f3n Mixta del proyecto del ley en la Sala del Senado.<\/p>\n<p style=\"text-align: justify;\">Por su parte, el Secretario Regional Ministerial de Obras P\u00fablicas (s) en la regi\u00f3n de Ays\u00e9n, El\u00edas Fern\u00e1ndez Ni\u00f1o Azocar afirm\u00f3 estar muy contento por este importante logro y destac\u00f3 que \u201c\u00e9ste permitir\u00e1 fortalecer la institucionalidad del agua y los recursos h\u00eddricos con los que contamos como regi\u00f3n, lo que se encuentra en sinton\u00eda con el trabajo que como DGA hemos estado realizando al alero de la Mesa Nacional del Agua en materia de glaciares y cuencas a trav\u00e9s de los Planes Estrat\u00e9gicos de Gesti\u00f3n H\u00eddrica\u201d.<\/p>\n<p style=\"text-align: justify;\">El ministro Moreno sobre la iniciativa explic\u00f3 que dentro de las principales atribuciones del nuevo C\u00f3digo de Aguas esta poder priorizar el consumo humano, el cuidado de los ecosistemas y darle seguridad h\u00eddrica a quienes reciben los derechos de agua, adem\u00e1s de evitar el no uso y tambi\u00e9n la especulaci\u00f3n. \u201cEste c\u00f3digo incorpora cosas tan importantes como que es un bien nacional de uso p\u00fablico, es decir que el agua\u00a0 pertenece a la ciudadan\u00eda toda; por otro lado, tambi\u00e9n castiga el no uso, incluso con el t\u00e9rmino de los derechos, prioriza el consumo humano y define que se entiende por ello, no solamente el consumo para la bebida, sino que tambi\u00e9n el saneamiento y todo lo que son\u00a0 los usos de subsistencia\u201d.<\/p>\n<p style=\"text-align: justify;\">\u201cEste era un proyecto que llevaba 11 a\u00f1os de tramitaci\u00f3n, que adem\u00e1s era muy conflictivo, generaba muchas diferencias, que ten\u00eda mucha carga ideol\u00f3gica, y que sin embargo, en un trabajo conjunto y transversal que hemos desarrollado durante los \u00faltimos meses, casi un a\u00f1o y medio, ha dado resultados, por eso quiero agradecer a todos los diputados, senadores y asesores, quienes trabajaron para que esto finalmente se hiciera realidad. Esto es un ejemplo para entender que en vez de tener peleas entre nosotros, podemos utilizar toda nuestra energ\u00eda en trabajar juntos para enfrentar los grandes desaf\u00edos, como el tremendo desaf\u00edo de la adaptaci\u00f3n al cambio clim\u00e1tico que va a permanecer por mucho tiempo\u201d, agreg\u00f3 el ministro del MOP.<\/p>\n<p style=\"text-align: justify;\">Tal como indic\u00f3 el ministro Moreno, el proyecto de ley que reforma el C\u00f3digo de Aguas incluye m\u00e1s de 100 modificaciones a ese cuerpo legal, en lo principal reconoce el acceso al agua y saneamiento como un derecho humano con car\u00e1cter de esencial e irrenunciable; considera al agua como un bien nacional de uso p\u00fablico cuyo dominio y uso pertenecen a todo los habitantes; los derechos de aprovechamiento de aguas se constituir\u00e1n en funci\u00f3n del inter\u00e9s p\u00fablico, que incluye el resguardo del consumo humano y el saneamiento, la preservaci\u00f3n del ecosistema, la disponibilidad de las aguas, la sustentabilidad acu\u00edfera y, en general, aquellas acciones destinadas a promover un equilibrio entre eficiencia y seguridad en los usos productivos.<\/p>\n<p style=\"text-align: justify;\">Adicionalmente, modifica los derechos de aprovechamiento de aguas; reconoce una nueva categor\u00eda de derecho para usos no extractivos o de uso en su fuente, restringe el uso de ciertos derechos de aprovechamiento de aguas en situaciones de escasez; establece causales de extinci\u00f3n y caducidad por la no inscripci\u00f3n en el Conservador de Bienes Ra\u00edces.<\/p>\n<p style=\"text-align: justify;\">Otras modificaciones importantes dan cuenta de que se habilita al presidente de la Rep\u00fablica para reservar el recurso para fines de preservaci\u00f3n ecosist\u00e9mica, mejoras en la potestad sancionatoria de la Direcci\u00f3n General de Aguas, incorporaci\u00f3n de disposiciones sobre aguas subterr\u00e1neas, gesti\u00f3n sustentable, entre diversas mociones que potencian la autoridad y potestad para requerir informaci\u00f3n sobre los derechos entregados.<\/p>\n<p style=\"text-align: justify;\">La moci\u00f3n parlamentaria ha debido sortear diferentes etapas desde su ingreso a tramitaci\u00f3n legislativa el 17 de marzo de 2011 sufriendo cambios tanto en primer como en segundo tr\u00e1mite constitucional: indicaciones sustitutivas presentadas en 2014 y 2017 durante el gobierno de Michelle Bachelet, y en 2019 y 2020 por el gobierno de Sebasti\u00e1n Pi\u00f1era.<\/p>\n<p style=\"text-align: justify;\"><strong><u>Principales reformas del C\u00f3digo de Aguas <\/u><\/strong><\/p>\n<ul style=\"text-align: justify;\">\n<li>Priorizaci\u00f3n del Consumo Humano: el acceso al agua potable y saneamiento es un Derecho humano esencial e irrenunciable que debe ser garantizado por el Estado. El cual prevalece tanto para el otorgamiento como para la limitaci\u00f3n al ejercicio de los derechos.<\/li>\n<li>Las agua en cualquier estado son bienes nacionales de uso p\u00fablico, en consecuencia su dominio y uso pertenece a todos los habitantes de la naci\u00f3n.<\/li>\n<li>Se crea una nueva instituci\u00f3n sobre los \u201cDerecho para uso en su fuente\u201d o destinado a conservaci\u00f3n. La DGA velar\u00e1 por la preservaci\u00f3n de la naturaleza y protecci\u00f3n del medio ambiente debiendo establecer un caudal ecol\u00f3gico m\u00ednimo.<\/li>\n<li>Los nuevos Derechos de Aprovechamiento de Aguas son temporales y se originan en una concesi\u00f3n. Se renuevan autom\u00e1ticamente en base a elementos objetivos. Tendr\u00e1n una duraci\u00f3n de 30 a\u00f1os, seg\u00fan la disponibilidad de la fuente de abastecimiento y\/o la sustentabilidad del acu\u00edfero.<\/li>\n<li>Los Derechos de Aprovechamiento de Aguas podr\u00e1n extinguirse por su no uso, sea total o parcialmente: en el caso de los derechos consuntivos, el plazo ser\u00e1 de 5 a\u00f1os y en el caso de los no consuntivos, ser\u00e1 de 10 a\u00f1os.<\/li>\n<li>Se establece la caducidad de los derechos por la no inscripci\u00f3n en el Conservador de Bienes Ra\u00edces. La regularizaci\u00f3n solo podr\u00e1 iniciarse dentro de los 5 a\u00f1os de publicada esta ley.<\/li>\n<li>Los derechos de aprovechamiento de aguas permiten hacer uso de ellos en lo que corresponda, pero en caso de que la fuente de abastecimiento no contenga la cantidad suficiente se llevara a cabo la reducci\u00f3n de su ejercicio y redistribuci\u00f3n de aguas superficiales en al\u00edcuotas por parte de la junta de vigilancia o la DGA, incluso cuando no hay decreto de escasez.<\/li>\n<li>No tendr\u00e1 derecho a ser indemnizado, quien reciba menos cantidad de agua que la correspondiente si esta fuera destinada a la protecci\u00f3n del consumo humano, saneamiento o el uso dom\u00e9stico de subsistencia.<\/li>\n<li>Los derechos de aprovechamiento constituidos antes de la publicaci\u00f3n de esta ley continuar\u00e1n estando vigentes, y solo podr\u00e1n extinguirse en caso de no uso efectivo y de no inscripci\u00f3n en el Registro de Propiedad de Aguas del CBR.<\/li>\n<li>Las aguas del minero (aguas halladas) podr\u00e1n ser utilizadas cuando sean necesarias para las faenas de explotaci\u00f3n. Estas deber\u00e1n ser informadas ante la DGA en un plazo de 90 d\u00edas corridos desde su hallazgo y su uso no puede poner en peligro la sustentabilidad de los acu\u00edferos, en caso contrario la DGA puede limitarlas.<\/li>\n<li>Toda cuenca del pa\u00eds deber\u00e1 contar con un Plan Estrat\u00e9gico de Recursos H\u00eddricos.<\/li>\n<\/ul>\n<\/div><\/section><\/div><div  style='height:50px' class='hr hr-invisible   avia-builder-el-6  el_after_av_one_full  el_before_av_social_share '><span class='hr-inner ' ><span class='hr-inner-style'><\/span><\/span><\/div><\/p>\n<div  class='av-social-sharing-box  avia-builder-el-7  el_after_av_hr  el_before_av_hr  '><div class='av-share-box'><h5 class='av-share-link-description av-no-toc '>Compartir esta noticia<\/h5><ul class='av-share-box-list noLightbox'><li class='av-share-link av-social-link-facebook' ><a target=\"_blank\" aria-label=\"Compartir en Facebook\" href='https:\/\/www.facebook.com\/sharer.php?u=https:\/\/radiorevelacionfm.cl\/?p=13215&#038;t=Ministro%20Moreno%20por%20aprobaci%C3%B3n%20de%20reforma%20al%20C%C3%B3digo%20de%20Aguas%20en%20el%20Congreso%3A%20%E2%80%9CEsta%20no%20es%20s%C3%B3lo%20una%20reforma%2C%20es%20la%20ley%20del%20agua%20que%20nos%20permitir%C3%A1%20enfrentar%20la%20enorme%20crisis%20clim%C3%A1tica%20que%20estamos%20viviendo%E2%80%9D' aria-hidden='false' data-av_icon='\ue8f3' data-av_iconfont='entypo-fontello' title='' data-avia-related-tooltip='Compartir en Facebook' rel=\"noopener\"><span class='avia_hidden_link_text'>Compartir en Facebook<\/span><\/a><\/li><li class='av-share-link av-social-link-twitter' ><a target=\"_blank\" aria-label=\"Compartir en Twitter\" href='https:\/\/twitter.com\/share?text=Ministro%20Moreno%20por%20aprobaci%C3%B3n%20de%20reforma%20al%20C%C3%B3digo%20de%20Aguas%20en%20el%20Congreso%3A%20%E2%80%9CEsta%20no%20es%20s%C3%B3lo%20una%20reforma%2C%20es%20la%20ley%20del%20agua%20que%20nos%20permitir%C3%A1%20enfrentar%20la%20enorme%20crisis%20clim%C3%A1tica%20que%20estamos%20viviendo%E2%80%9D&#038;url=https:\/\/radiorevelacionfm.cl\/?p=13215' aria-hidden='false' data-av_icon='\ue8f1' data-av_iconfont='entypo-fontello' title='' data-avia-related-tooltip='Compartir en Twitter' rel=\"noopener\"><span class='avia_hidden_link_text'>Compartir en Twitter<\/span><\/a><\/li><li class='av-share-link av-social-link-whatsapp' ><a target=\"_blank\" aria-label=\"Compartir en Whatsapp\" href='https:\/\/api.whatsapp.com\/send?text=https:\/\/radiorevelacionfm.cl\/?p=13215' aria-hidden='false' data-av_icon='\uf232' data-av_iconfont='entypo-fontello' title='' data-avia-related-tooltip='Compartir en Whatsapp' rel=\"noopener\"><span class='avia_hidden_link_text'>Compartir en Whatsapp<\/span><\/a><\/li><li class='av-share-link av-social-link-linkedin' ><a target=\"_blank\" aria-label=\"Compartir en LinkedIn\" href='https:\/\/linkedin.com\/shareArticle?mini=true&#038;title=Ministro%20Moreno%20por%20aprobaci%C3%B3n%20de%20reforma%20al%20C%C3%B3digo%20de%20Aguas%20en%20el%20Congreso%3A%20%E2%80%9CEsta%20no%20es%20s%C3%B3lo%20una%20reforma%2C%20es%20la%20ley%20del%20agua%20que%20nos%20permitir%C3%A1%20enfrentar%20la%20enorme%20crisis%20clim%C3%A1tica%20que%20estamos%20viviendo%E2%80%9D&#038;url=https:\/\/radiorevelacionfm.cl\/?p=13215' aria-hidden='false' data-av_icon='\ue8fc' data-av_iconfont='entypo-fontello' title='' data-avia-related-tooltip='Compartir en LinkedIn' rel=\"noopener\"><span class='avia_hidden_link_text'>Compartir en LinkedIn<\/span><\/a><\/li><li class='av-share-link av-social-link-mail' ><a  aria-label=\"Compartir por correo\" href='mailto:?subject=Ministro%20Moreno%20por%20aprobaci%C3%B3n%20de%20reforma%20al%20C%C3%B3digo%20de%20Aguas%20en%20el%20Congreso%3A%20%E2%80%9CEsta%20no%20es%20s%C3%B3lo%20una%20reforma%2C%20es%20la%20ley%20del%20agua%20que%20nos%20permitir%C3%A1%20enfrentar%20la%20enorme%20crisis%20clim%C3%A1tica%20que%20estamos%20viviendo%E2%80%9D&#038;body=https:\/\/radiorevelacionfm.cl\/?p=13215' aria-hidden='false' data-av_icon='\ue805' data-av_iconfont='entypo-fontello' title='' data-avia-related-tooltip='Compartir por correo'><span class='avia_hidden_link_text'>Compartir por correo<\/span><\/a><\/li><\/ul><\/div><\/div>\n<div  style='height:50px' class='hr hr-invisible   avia-builder-el-8  el_after_av_social_share  el_before_av_comments_list '><span class='hr-inner ' ><span class='hr-inner-style'><\/span><\/span><\/div>\n<div  class='av-buildercomment  av-blog-meta-html-info-disabled av-blog-meta-tag-disabled  '><\/div>\n","protected":false},"excerpt":{"rendered":"","protected":false},"author":1,"featured_media":13216,"comment_status":"open","ping_status":"open","sticky":false,"template":"","format":"standard","meta":{"footnotes":""},"categories":[39],"tags":[],"class_list":["post-13215","post","type-post","status-publish","format-standard","has-post-thumbnail","hentry","category-medio-ambiente"],"jetpack_featured_media_url":"https:\/\/radiorevelacionfm.cl\/wp-content\/uploads\/2022\/01\/MOP-aprobacion-Codigo-de-Aguas-31-12.01.2022-1-1.jpg","_links":{"self":[{"href":"https:\/\/radiorevelacionfm.cl\/index.php?rest_route=\/wp\/v2\/posts\/13215","targetHints":{"allow":["GET"]}}],"collection":[{"href":"https:\/\/radiorevelacionfm.cl\/index.php?rest_route=\/wp\/v2\/posts"}],"about":[{"href":"https:\/\/radiorevelacionfm.cl\/index.php?rest_route=\/wp\/v2\/types\/post"}],"author":[{"embeddable":true,"href":"https:\/\/radiorevelacionfm.cl\/index.php?rest_route=\/wp\/v2\/users\/1"}],"replies":[{"embeddable":true,"href":"https:\/\/radiorevelacionfm.cl\/index.php?rest_route=%2Fwp%2Fv2%2Fcomments&post=13215"}],"version-history":[{"count":2,"href":"https:\/\/radiorevelacionfm.cl\/index.php?rest_route=\/wp\/v2\/posts\/13215\/revisions"}],"predecessor-version":[{"id":13220,"href":"https:\/\/radiorevelacionfm.cl\/index.php?rest_route=\/wp\/v2\/posts\/13215\/revisions\/13220"}],"wp:featuredmedia":[{"embeddable":true,"href":"https:\/\/radiorevelacionfm.cl\/index.php?rest_route=\/wp\/v2\/media\/13216"}],"wp:attachment":[{"href":"https:\/\/radiorevelacionfm.cl\/index.php?rest_route=%2Fwp%2Fv2%2Fmedia&parent=13215"}],"wp:term":[{"taxonomy":"category","embeddable":true,"href":"https:\/\/radiorevelacionfm.cl\/index.php?rest_route=%2Fwp%2Fv2%2Fcategories&post=13215"},{"taxonomy":"post_tag","embeddable":true,"href":"https:\/\/radiorevelacionfm.cl\/index.php?rest_route=%2Fwp%2Fv2%2Ftags&post=13215"}],"curies":[{"name":"wp","href":"https:\/\/api.w.org\/{rel}","templated":true}]}}