{"id":13211,"date":"2022-01-25T17:19:08","date_gmt":"2022-01-25T20:19:08","guid":{"rendered":"https:\/\/radiorevelacionfm.cl\/?p=13211"},"modified":"2022-01-25T17:19:08","modified_gmt":"2022-01-25T20:19:08","slug":"agrupacion-de-mujeres-tierra-y-mar-de-raul-marin-balmaceda-contara-con-sede-artesanal","status":"publish","type":"post","link":"https:\/\/radiorevelacionfm.cl\/?p=13211","title":{"rendered":"Agrupaci\u00f3n de Mujeres \u201cTierra y Mar\u201d de Ra\u00fal Mar\u00edn Balmaceda contar\u00e1 con sede artesanal"},"content":{"rendered":"<div class=\"flex_column av_one_full  flex_column_div av-zero-column-padding first  avia-builder-el-0  el_before_av_one_full  avia-builder-el-first  \" style='border-radius:0px; '><div  class='avia-image-container  av-styling-    avia-builder-el-1  avia-builder-el-no-sibling  avia-align-center '  itemprop=\"image\" itemscope=\"itemscope\" itemtype=\"https:\/\/schema.org\/ImageObject\"  ><div class='avia-image-container-inner'><div class='avia-image-overlay-wrap'><img decoding=\"async\" class='wp-image-13212 avia-img-lazy-loading-not-13212 avia_image' src=\"https:\/\/radiorevelacionfm.cl\/wp-content\/uploads\/2022\/01\/convenio-sede-rmb-1-1_optimized.jpg\" alt='' title='convenio-sede-rmb-1-(1)_optimized' height=\"600\" width=\"1067\"  itemprop=\"thumbnailUrl\" srcset=\"https:\/\/radiorevelacionfm.cl\/wp-content\/uploads\/2022\/01\/convenio-sede-rmb-1-1_optimized.jpg 1067w, https:\/\/radiorevelacionfm.cl\/wp-content\/uploads\/2022\/01\/convenio-sede-rmb-1-1_optimized-300x169.jpg 300w, https:\/\/radiorevelacionfm.cl\/wp-content\/uploads\/2022\/01\/convenio-sede-rmb-1-1_optimized-1030x579.jpg 1030w, https:\/\/radiorevelacionfm.cl\/wp-content\/uploads\/2022\/01\/convenio-sede-rmb-1-1_optimized-768x432.jpg 768w, https:\/\/radiorevelacionfm.cl\/wp-content\/uploads\/2022\/01\/convenio-sede-rmb-1-1_optimized-705x396.jpg 705w, https:\/\/radiorevelacionfm.cl\/wp-content\/uploads\/2022\/01\/convenio-sede-rmb-1-1_optimized-600x337.jpg 600w\" sizes=\"(max-width: 1067px) 100vw, 1067px\" \/><\/div><\/div><\/div><\/div><div class=\"flex_column av_one_full  flex_column_div av-zero-column-padding first  avia-builder-el-2  el_after_av_one_full  el_before_av_one_full  column-top-margin\" style='border-radius:0px; '><section class=\"av_textblock_section \"  itemscope=\"itemscope\" itemtype=\"https:\/\/schema.org\/BlogPosting\" itemprop=\"blogPost\" ><div class='avia_textblock  '   itemprop=\"text\" ><p style=\"text-align: center;\"><strong><span style=\"font-size: 18pt;\">Agrupaci\u00f3n de Mujeres \u201cTierra y Mar\u201d de Ra\u00fal Mar\u00edn Balmaceda contar\u00e1 con sede artesanal<\/span><\/strong><\/p>\n<div id=\"gtx-trans\" style=\"position: absolute; left: -50px; top: 4.31534px;\">\n<div class=\"gtx-trans-icon\"><\/div>\n<\/div>\n<\/div><\/section><\/div><div class=\"flex_column av_one_full  flex_column_div av-zero-column-padding first  avia-builder-el-4  el_after_av_one_full  el_before_av_hr  column-top-margin\" style='border-radius:0px; '><section class=\"av_textblock_section \"  itemscope=\"itemscope\" itemtype=\"https:\/\/schema.org\/BlogPosting\" itemprop=\"blogPost\" ><div class='avia_textblock  '   itemprop=\"text\" ><p style=\"text-align: justify;\">\u201cUn sue\u00f1o que comienza a concretarse\u201d, de esa forma muchas vecinas de la localidad de Puerto Ra\u00fal Mar\u00edn Balmaceda calificaron el anuncio realizado por Alcalde de la comuna de Cisnes, Francisco Roncagliolo y el encargado de la unidad regional de Subdere, Patricio Ulloa.<\/p>\n<p style=\"text-align: justify;\">Las autoridades y en presencia de las integrantes de la agrupaci\u00f3n de Mujeres \u201cTierra y Mar\u201d, firmaron el convenio que destina los recursos para la construcci\u00f3n de su sede de proceso artesanal. Una noticia que fue relevada por, Patricio Ulloa, remarcando que desde la Subdere a nivel nacional, la instrucci\u00f3n es llegar a todos los territorios.<\/p>\n<p style=\"text-align: justify;\">\u201cNos hemos reunido con el Alcalde, Concejales, ac\u00e1 en Ra\u00fal Mar\u00edn, entregando una buena noticia de parte de la Subsecretar\u00eda de Desarrollo Regional en nombre de nuestra Subsecretaria, Mar\u00eda Paz Troncoso, quien nos ha pedido que estemos en todos los lugares y rincones de nuestra regi\u00f3n. Hoy con una buena noticia para Ra\u00fal Mar\u00edn Balmaceda, con un grupo de mujeres emprendedoras, artesanas, a quienes se les va a construir una sede comunitaria artesanal. Esto con el fin de mejorar su calidad de vida, apoyarlas en los emprendimientos que est\u00e1n haciendo con esta sede comunitaria, que va a tener una infraestructura de calidad, con resoluci\u00f3n sanitaria, para que puedan ah\u00ed producir su artesan\u00eda en distintos \u00e1mbitos\u201d.<\/p>\n<p style=\"text-align: justify;\">El Alcalde de la comuna de Cisnes, Francisco Roncagliolo Lepio, relev\u00f3 el hecho de que en su administraci\u00f3n se est\u00e9 trabajando de manera integral en distintos \u00e1mbitos y el apoyo a las emprendedoras, en este caso de Ra\u00fal Mar\u00edn Balmaceda, es una muestra de descentralizaci\u00f3n y reconocimiento a quienes por muchos a\u00f1os han elaborado productos de manera artesanal.<\/p>\n<p style=\"text-align: justify;\">\u201cEstamos muy contentos de poder apoyar a las personas en sus emprendimientos, ac\u00e1 en Ra\u00fal Mar\u00edn Balmaceda tenemos un desaf\u00edo con los peque\u00f1os emprendedores, en relaci\u00f3n a poder potenciarlos, poder fortalecer lo que est\u00e1n haciendo. Y obviamente llegar con una construcci\u00f3n que permita cumplir con un est\u00e1ndar sanitario importante, que permita optar a una resoluci\u00f3n sanitaria, que a su vez, los ayude a ellos a producir lo que hoy generan en sus hogares, en un lugar que cumple con normativa sanitaria, creo que es fundamental y un avance muy potente. Valoro enormemente las palabras de los vecinos que est\u00e1n agradecidos de que se haya considerado esta iniciativa ac\u00e1, hay agrupaciones que se est\u00e1n conformando para llevar adelante sus desaf\u00edos productivos, y por lo mismo, yo creo que esto viene a ayudar\u201d.<\/p>\n<p style=\"text-align: justify;\">Por su parte, Elizabeth Rivas, presidenta de la agrupaci\u00f3n de Mujeres \u201cTierra y Mar\u201d de Puerto Ra\u00fal Mar\u00edn Balmaceda, dijo que el proyecto que pronto iniciar\u00e1 su construcci\u00f3n era algo que esperaban con ansias y es por ello que agradecen a la Subdere, al Alcalde, por concretar esta importante gesti\u00f3n.<\/p>\n<p style=\"text-align: justify;\">\u201cEsto ha sido muy bueno para nosotros como organizaci\u00f3n, como as\u00ed tambi\u00e9n, para la localidad, porque ya vamos a poder procesar nuestros propios recursos, porque ac\u00e1 tenemos artesanas, tenemos huertos, productos del mar que vienen frescos y siempre ten\u00edamos el problema para procesar nuestros productos. As\u00ed es que, muy bien la gesti\u00f3n, agradecida del Concejo, Subdere, al se\u00f1or Alcalde, por preocuparse de nuestra localidad y eso es bueno, porque yo creo que esto es un gran avance para nuestro pueblo\u201d.<\/p>\n<p style=\"text-align: justify;\">Son 60 millones de pesos que la Subdere transfiri\u00f3 al Municipio de Cisnes, tras el proyecto y las gestiones desarrolladas por la casa edilicia en bien de las artesanas de Ra\u00fal Mar\u00edn Balmaceda, quienes tras los procesos administrativos que debe seguir la iniciativa, podr\u00e1n contar con su sede de proceso artesanal.<\/p>\n<\/div><\/section><\/div><div  style='height:50px' class='hr hr-invisible   avia-builder-el-6  el_after_av_one_full  el_before_av_social_share '><span class='hr-inner ' ><span class='hr-inner-style'><\/span><\/span><\/div><\/p>\n<div  class='av-social-sharing-box  avia-builder-el-7  el_after_av_hr  el_before_av_hr  '><div class='av-share-box'><h5 class='av-share-link-description av-no-toc '>Compartir esta noticia<\/h5><ul class='av-share-box-list noLightbox'><li class='av-share-link av-social-link-facebook' ><a target=\"_blank\" aria-label=\"Compartir en Facebook\" href='https:\/\/www.facebook.com\/sharer.php?u=https:\/\/radiorevelacionfm.cl\/?p=13211&#038;t=Agrupaci%C3%B3n%20de%20Mujeres%20%E2%80%9CTierra%20y%20Mar%E2%80%9D%20de%20Ra%C3%BAl%20Mar%C3%ADn%20Balmaceda%20contar%C3%A1%20con%20sede%20artesanal' aria-hidden='false' data-av_icon='\ue8f3' data-av_iconfont='entypo-fontello' title='' data-avia-related-tooltip='Compartir en Facebook' rel=\"noopener\"><span class='avia_hidden_link_text'>Compartir en Facebook<\/span><\/a><\/li><li class='av-share-link av-social-link-twitter' ><a target=\"_blank\" aria-label=\"Compartir en Twitter\" href='https:\/\/twitter.com\/share?text=Agrupaci%C3%B3n%20de%20Mujeres%20%E2%80%9CTierra%20y%20Mar%E2%80%9D%20de%20Ra%C3%BAl%20Mar%C3%ADn%20Balmaceda%20contar%C3%A1%20con%20sede%20artesanal&#038;url=https:\/\/radiorevelacionfm.cl\/?p=13211' aria-hidden='false' data-av_icon='\ue8f1' data-av_iconfont='entypo-fontello' title='' data-avia-related-tooltip='Compartir en Twitter' rel=\"noopener\"><span class='avia_hidden_link_text'>Compartir en Twitter<\/span><\/a><\/li><li class='av-share-link av-social-link-whatsapp' ><a target=\"_blank\" aria-label=\"Compartir en Whatsapp\" href='https:\/\/api.whatsapp.com\/send?text=https:\/\/radiorevelacionfm.cl\/?p=13211' aria-hidden='false' data-av_icon='\uf232' data-av_iconfont='entypo-fontello' title='' data-avia-related-tooltip='Compartir en Whatsapp' rel=\"noopener\"><span class='avia_hidden_link_text'>Compartir en Whatsapp<\/span><\/a><\/li><li class='av-share-link av-social-link-linkedin' ><a target=\"_blank\" aria-label=\"Compartir en LinkedIn\" href='https:\/\/linkedin.com\/shareArticle?mini=true&#038;title=Agrupaci%C3%B3n%20de%20Mujeres%20%E2%80%9CTierra%20y%20Mar%E2%80%9D%20de%20Ra%C3%BAl%20Mar%C3%ADn%20Balmaceda%20contar%C3%A1%20con%20sede%20artesanal&#038;url=https:\/\/radiorevelacionfm.cl\/?p=13211' aria-hidden='false' data-av_icon='\ue8fc' data-av_iconfont='entypo-fontello' title='' data-avia-related-tooltip='Compartir en LinkedIn' rel=\"noopener\"><span class='avia_hidden_link_text'>Compartir en LinkedIn<\/span><\/a><\/li><li class='av-share-link av-social-link-mail' ><a  aria-label=\"Compartir por correo\" href='mailto:?subject=Agrupaci%C3%B3n%20de%20Mujeres%20%E2%80%9CTierra%20y%20Mar%E2%80%9D%20de%20Ra%C3%BAl%20Mar%C3%ADn%20Balmaceda%20contar%C3%A1%20con%20sede%20artesanal&#038;body=https:\/\/radiorevelacionfm.cl\/?p=13211' aria-hidden='false' data-av_icon='\ue805' data-av_iconfont='entypo-fontello' title='' data-avia-related-tooltip='Compartir por correo'><span class='avia_hidden_link_text'>Compartir por correo<\/span><\/a><\/li><\/ul><\/div><\/div>\n<div  style='height:50px' class='hr hr-invisible   avia-builder-el-8  el_after_av_social_share  el_before_av_comments_list '><span class='hr-inner ' ><span class='hr-inner-style'><\/span><\/span><\/div>\n<div  class='av-buildercomment  av-blog-meta-html-info-disabled av-blog-meta-tag-disabled  '><\/div>\n","protected":false},"excerpt":{"rendered":"","protected":false},"author":1,"featured_media":13212,"comment_status":"open","ping_status":"open","sticky":false,"template":"","format":"standard","meta":{"footnotes":""},"categories":[38],"tags":[],"class_list":["post-13211","post","type-post","status-publish","format-standard","has-post-thumbnail","hentry","category-regional"],"jetpack_featured_media_url":"https:\/\/radiorevelacionfm.cl\/wp-content\/uploads\/2022\/01\/convenio-sede-rmb-1-1_optimized.jpg","_links":{"self":[{"href":"https:\/\/radiorevelacionfm.cl\/index.php?rest_route=\/wp\/v2\/posts\/13211","targetHints":{"allow":["GET"]}}],"collection":[{"href":"https:\/\/radiorevelacionfm.cl\/index.php?rest_route=\/wp\/v2\/posts"}],"about":[{"href":"https:\/\/radiorevelacionfm.cl\/index.php?rest_route=\/wp\/v2\/types\/post"}],"author":[{"embeddable":true,"href":"https:\/\/radiorevelacionfm.cl\/index.php?rest_route=\/wp\/v2\/users\/1"}],"replies":[{"embeddable":true,"href":"https:\/\/radiorevelacionfm.cl\/index.php?rest_route=%2Fwp%2Fv2%2Fcomments&post=13211"}],"version-history":[{"count":2,"href":"https:\/\/radiorevelacionfm.cl\/index.php?rest_route=\/wp\/v2\/posts\/13211\/revisions"}],"predecessor-version":[{"id":13214,"href":"https:\/\/radiorevelacionfm.cl\/index.php?rest_route=\/wp\/v2\/posts\/13211\/revisions\/13214"}],"wp:featuredmedia":[{"embeddable":true,"href":"https:\/\/radiorevelacionfm.cl\/index.php?rest_route=\/wp\/v2\/media\/13212"}],"wp:attachment":[{"href":"https:\/\/radiorevelacionfm.cl\/index.php?rest_route=%2Fwp%2Fv2%2Fmedia&parent=13211"}],"wp:term":[{"taxonomy":"category","embeddable":true,"href":"https:\/\/radiorevelacionfm.cl\/index.php?rest_route=%2Fwp%2Fv2%2Fcategories&post=13211"},{"taxonomy":"post_tag","embeddable":true,"href":"https:\/\/radiorevelacionfm.cl\/index.php?rest_route=%2Fwp%2Fv2%2Ftags&post=13211"}],"curies":[{"name":"wp","href":"https:\/\/api.w.org\/{rel}","templated":true}]}}