{"id":13207,"date":"2022-01-25T18:30:52","date_gmt":"2022-01-25T21:30:52","guid":{"rendered":"https:\/\/radiorevelacionfm.cl\/?p=13207"},"modified":"2022-01-25T18:35:48","modified_gmt":"2022-01-25T21:35:48","slug":"city-tour-patrimonial-recorre-hitos-fundacionales-en-vive-el-verano-en-aysen","status":"publish","type":"post","link":"https:\/\/radiorevelacionfm.cl\/?p=13207","title":{"rendered":"City Tour Patrimonial recorre hitos fundacionales en Vive el Verano en Ays\u00e9n"},"content":{"rendered":"<div class=\"flex_column av_one_full  flex_column_div av-zero-column-padding first  avia-builder-el-0  el_before_av_one_full  avia-builder-el-first  \" style='border-radius:0px; '><div  class='avia-image-container  av-styling-    avia-builder-el-1  avia-builder-el-no-sibling  avia-align-center '  itemprop=\"image\" itemscope=\"itemscope\" itemtype=\"https:\/\/schema.org\/ImageObject\"  ><div class='avia-image-container-inner'><div class='avia-image-overlay-wrap'><img decoding=\"async\" class='wp-image-13208 avia-img-lazy-loading-not-13208 avia_image' src=\"https:\/\/radiorevelacionfm.cl\/wp-content\/uploads\/2022\/01\/fotografia-4-1_optimized.jpg\" alt='' title='fotograf\u00eda-4-(1)_optimized' height=\"600\" width=\"900\"  itemprop=\"thumbnailUrl\" srcset=\"https:\/\/radiorevelacionfm.cl\/wp-content\/uploads\/2022\/01\/fotografia-4-1_optimized.jpg 900w, https:\/\/radiorevelacionfm.cl\/wp-content\/uploads\/2022\/01\/fotografia-4-1_optimized-300x200.jpg 300w, https:\/\/radiorevelacionfm.cl\/wp-content\/uploads\/2022\/01\/fotografia-4-1_optimized-768x512.jpg 768w, https:\/\/radiorevelacionfm.cl\/wp-content\/uploads\/2022\/01\/fotografia-4-1_optimized-705x470.jpg 705w, https:\/\/radiorevelacionfm.cl\/wp-content\/uploads\/2022\/01\/fotografia-4-1_optimized-600x400.jpg 600w\" sizes=\"(max-width: 900px) 100vw, 900px\" \/><\/div><\/div><\/div><\/div><div class=\"flex_column av_one_full  flex_column_div av-zero-column-padding first  avia-builder-el-2  el_after_av_one_full  el_before_av_one_full  column-top-margin\" style='border-radius:0px; '><section class=\"av_textblock_section \"  itemscope=\"itemscope\" itemtype=\"https:\/\/schema.org\/BlogPosting\" itemprop=\"blogPost\" ><div class='avia_textblock  '   itemprop=\"text\" ><p style=\"text-align: center;\"><span style=\"font-size: 18pt;\"><strong>City Tour Patrimonial recorre hitos fundacionales en Vive el Verano en Ays\u00e9n <\/strong><\/span><\/p>\n<div id=\"gtx-trans\" style=\"position: absolute; left: -50px; top: 4.31534px;\">\n<div class=\"gtx-trans-icon\"><\/div>\n<\/div>\n<\/div><\/section><\/div><div class=\"flex_column av_one_full  flex_column_div av-zero-column-padding first  avia-builder-el-4  el_after_av_one_full  el_before_av_hr  column-top-margin\" style='border-radius:0px; '><section class=\"av_textblock_section \"  itemscope=\"itemscope\" itemtype=\"https:\/\/schema.org\/BlogPosting\" itemprop=\"blogPost\" ><div class='avia_textblock  '   itemprop=\"text\" ><p style=\"text-align: justify;\">Desde las unidades de Turismo y Patrimonio de la Municipalidad de Ays\u00e9n han preparado para el lunes 31 de enero el City Tour Patrimonial, iniciativa impulsada bajo el compromiso de recuperar la memoria hist\u00f3rica al alero del aniversario comunal y que tiene como punto de partida la calle Carrera.<\/p>\n<p style=\"text-align: justify;\">Se trata de la primera versi\u00f3n del City Tour Patrimonial destinado a adultos mayores que permitir\u00e1 reconstruir el pasado. La actividad es parte de la programaci\u00f3n de Vive el Verano en Ays\u00e9n, justo a una semana de cumplir 94 a\u00f1os la comuna. Al respecto el asesor t\u00e9cnico de la Unidad de Turismo, Julio Russel aclara que el objetivo es difundir los or\u00edgenes de la localidad. \u201cEs una ruta patrimonial que tiene varios hitos, pero principalmente todo enfocado en la fundaci\u00f3n de Ays\u00e9n, el cual estaba b\u00e1sicamente erradicado en el sector de La Balsa y la calle que hoy conocemos como Teniente Merino, que en su momento se llam\u00f3 Chile-Argentina\u201d, sostuvo.<\/p>\n<p style=\"text-align: justify;\">El recorrido parte en la Oficina de Turismo y concluye en el Cerro Mirador, facilitando la materializaci\u00f3n de una gu\u00eda para a\u00f1adir un plus a los operadores tur\u00edsticos. \u201cD\u00f3nde estaba el puerto\u201d, \u201ccu\u00e1les eran los edificios m\u00e1s antiguos\u201d, \u201cpor qu\u00e9 es puerto\u201d, son algunas de las inc\u00f3gnitas que responder\u00e1 el trazado por personal especializado en el rescate, conservaci\u00f3n y puesta en valor del patrimonio local y el fortalecimiento del turismo.<\/p>\n<p style=\"text-align: justify;\">\u201cLa ruta patrimonial no es lo que siempre estamos viendo y destacando que son las bellezas naturales de Ays\u00e9n, sino m\u00e1s bien la implicancia que tuvieron en la creaci\u00f3n del poblado que se llam\u00f3 Puerto Ays\u00e9n; algunos datos sabrosos sobre sus inicios, entender, por ejemplo, lo que signific\u00f3 o c\u00f3mo viv\u00eda la gente en los inicios de Puerto Ays\u00e9n, despu\u00e9s de 1928\u201d, detall\u00f3 Russel.<\/p>\n<p style=\"text-align: justify;\">En tanto, la encargada de Unidad de Patrimonio, Mar\u00eda Cristiana Alvarado manifest\u00f3 que la ruta se pens\u00f3 en relaci\u00f3n a sectores urbanos y no extensos, considerando el p\u00fablico objetivo al que est\u00e1 dirigida, pero en la que tomar\u00e1 lugares connotados y simb\u00f3licos de los cuales, en algunos casos, s\u00f3lo quedan los cimientos. \u201cSe pens\u00f3 desde el lugar donde aconteci\u00f3 todo en Puerto Ays\u00e9n, que fue en donde estuvieron los muelles en Costanera Simpson, el sector La Balsa y que abarcaba hasta el centro donde estaban todos los locales comerciales\u201d.<\/p>\n<p style=\"text-align: justify;\">Entre los hitos que aparecen se encuentran el edificio de la Estaci\u00f3n Naval, la bodega de la Compa\u00f1\u00eda Industrial de Ays\u00e9n, entre otros. \u201cEsta ruta pretende sumarse como un producto tur\u00edstico para que pueda ser utilizado por gu\u00edas, operadores\u201d, agreg\u00f3 Rossel, junto a esbozar la labor que han realizado con la unidad de Patrimonio en la recopilaci\u00f3n de fuentes y antecedentes.<\/p>\n<p style=\"text-align: justify;\"><strong>Reactivaci\u00f3n patrimonial<\/strong><\/p>\n<p style=\"text-align: justify;\">El tour no s\u00f3lo profundizar\u00e1 en el pasado comunal, sino que a corto plazo, al materializarse en un producto, facilitar\u00e1 la reactivaci\u00f3n del patrimonio material y bienes culturales del territorio administrado por la Municipalidad de Ays\u00e9n. \u201cSiempre al pensar estas actividades que rescatan el patrimonio hist\u00f3rico de Ays\u00e9n se busca salvaguardar las historias que han sido transmitidas oralmente, pues cuando se encendi\u00f3 la Intendencia se perdieron muchos documentos que eran testimonios de c\u00f3mo se cre\u00f3, entonces se estuvo que acceder a los testimonios orales; lo mismo hace patrimonio hist\u00f3rico al acudir a entrevistas, conversaciones con personas que son herederos de los pioneros y colones de Ays\u00e9n y que nos transmiten lo que sus padres les contaron\u201d, manifest\u00f3 Alvarado.<\/p>\n<p style=\"text-align: justify;\">En cuanto al guion narrativo de la ruta, toda la informaci\u00f3n est\u00e1 basada en fuentes bibliogr\u00e1ficas e investigaciones desarrolladas por escritores regionales que se han dedicado a indagar. \u201cEsto es realmente importante rescatarlo porque sin ellos no tendr\u00edamos la historia que hoy podemos contar\u201d, concluy\u00f3 Alvarado.<\/p>\n<\/div><\/section><\/div><div  style='height:50px' class='hr hr-invisible   avia-builder-el-6  el_after_av_one_full  el_before_av_social_share '><span class='hr-inner ' ><span class='hr-inner-style'><\/span><\/span><\/div><\/p>\n<div  class='av-social-sharing-box  avia-builder-el-7  el_after_av_hr  el_before_av_hr  '><div class='av-share-box'><h5 class='av-share-link-description av-no-toc '>Compartir esta noticia<\/h5><ul class='av-share-box-list noLightbox'><li class='av-share-link av-social-link-facebook' ><a target=\"_blank\" aria-label=\"Compartir en Facebook\" href='https:\/\/www.facebook.com\/sharer.php?u=https:\/\/radiorevelacionfm.cl\/?p=13207&#038;t=City%20Tour%20Patrimonial%20recorre%20hitos%20fundacionales%20en%20Vive%20el%20Verano%20en%20Ays%C3%A9n' aria-hidden='false' data-av_icon='\ue8f3' data-av_iconfont='entypo-fontello' title='' data-avia-related-tooltip='Compartir en Facebook' rel=\"noopener\"><span class='avia_hidden_link_text'>Compartir en Facebook<\/span><\/a><\/li><li class='av-share-link av-social-link-twitter' ><a target=\"_blank\" aria-label=\"Compartir en Twitter\" href='https:\/\/twitter.com\/share?text=City%20Tour%20Patrimonial%20recorre%20hitos%20fundacionales%20en%20Vive%20el%20Verano%20en%20Ays%C3%A9n&#038;url=https:\/\/radiorevelacionfm.cl\/?p=13207' aria-hidden='false' data-av_icon='\ue8f1' data-av_iconfont='entypo-fontello' title='' data-avia-related-tooltip='Compartir en Twitter' rel=\"noopener\"><span class='avia_hidden_link_text'>Compartir en Twitter<\/span><\/a><\/li><li class='av-share-link av-social-link-whatsapp' ><a target=\"_blank\" aria-label=\"Compartir en Whatsapp\" href='https:\/\/api.whatsapp.com\/send?text=https:\/\/radiorevelacionfm.cl\/?p=13207' aria-hidden='false' data-av_icon='\uf232' data-av_iconfont='entypo-fontello' title='' data-avia-related-tooltip='Compartir en Whatsapp' rel=\"noopener\"><span class='avia_hidden_link_text'>Compartir en Whatsapp<\/span><\/a><\/li><li class='av-share-link av-social-link-linkedin' ><a target=\"_blank\" aria-label=\"Compartir en LinkedIn\" href='https:\/\/linkedin.com\/shareArticle?mini=true&#038;title=City%20Tour%20Patrimonial%20recorre%20hitos%20fundacionales%20en%20Vive%20el%20Verano%20en%20Ays%C3%A9n&#038;url=https:\/\/radiorevelacionfm.cl\/?p=13207' aria-hidden='false' data-av_icon='\ue8fc' data-av_iconfont='entypo-fontello' title='' data-avia-related-tooltip='Compartir en LinkedIn' rel=\"noopener\"><span class='avia_hidden_link_text'>Compartir en LinkedIn<\/span><\/a><\/li><li class='av-share-link av-social-link-mail' ><a  aria-label=\"Compartir por correo\" href='mailto:?subject=City%20Tour%20Patrimonial%20recorre%20hitos%20fundacionales%20en%20Vive%20el%20Verano%20en%20Ays%C3%A9n&#038;body=https:\/\/radiorevelacionfm.cl\/?p=13207' aria-hidden='false' data-av_icon='\ue805' data-av_iconfont='entypo-fontello' title='' data-avia-related-tooltip='Compartir por correo'><span class='avia_hidden_link_text'>Compartir por correo<\/span><\/a><\/li><\/ul><\/div><\/div>\n<div  style='height:50px' class='hr hr-invisible   avia-builder-el-8  el_after_av_social_share  el_before_av_comments_list '><span class='hr-inner ' ><span class='hr-inner-style'><\/span><\/span><\/div>\n<div  class='av-buildercomment  av-blog-meta-html-info-disabled av-blog-meta-tag-disabled  '><\/div>\n","protected":false},"excerpt":{"rendered":"","protected":false},"author":1,"featured_media":13208,"comment_status":"open","ping_status":"open","sticky":false,"template":"","format":"standard","meta":{"footnotes":""},"categories":[38],"tags":[],"class_list":["post-13207","post","type-post","status-publish","format-standard","has-post-thumbnail","hentry","category-regional"],"jetpack_featured_media_url":"https:\/\/radiorevelacionfm.cl\/wp-content\/uploads\/2022\/01\/fotografia-4-1_optimized.jpg","_links":{"self":[{"href":"https:\/\/radiorevelacionfm.cl\/index.php?rest_route=\/wp\/v2\/posts\/13207","targetHints":{"allow":["GET"]}}],"collection":[{"href":"https:\/\/radiorevelacionfm.cl\/index.php?rest_route=\/wp\/v2\/posts"}],"about":[{"href":"https:\/\/radiorevelacionfm.cl\/index.php?rest_route=\/wp\/v2\/types\/post"}],"author":[{"embeddable":true,"href":"https:\/\/radiorevelacionfm.cl\/index.php?rest_route=\/wp\/v2\/users\/1"}],"replies":[{"embeddable":true,"href":"https:\/\/radiorevelacionfm.cl\/index.php?rest_route=%2Fwp%2Fv2%2Fcomments&post=13207"}],"version-history":[{"count":2,"href":"https:\/\/radiorevelacionfm.cl\/index.php?rest_route=\/wp\/v2\/posts\/13207\/revisions"}],"predecessor-version":[{"id":13219,"href":"https:\/\/radiorevelacionfm.cl\/index.php?rest_route=\/wp\/v2\/posts\/13207\/revisions\/13219"}],"wp:featuredmedia":[{"embeddable":true,"href":"https:\/\/radiorevelacionfm.cl\/index.php?rest_route=\/wp\/v2\/media\/13208"}],"wp:attachment":[{"href":"https:\/\/radiorevelacionfm.cl\/index.php?rest_route=%2Fwp%2Fv2%2Fmedia&parent=13207"}],"wp:term":[{"taxonomy":"category","embeddable":true,"href":"https:\/\/radiorevelacionfm.cl\/index.php?rest_route=%2Fwp%2Fv2%2Fcategories&post=13207"},{"taxonomy":"post_tag","embeddable":true,"href":"https:\/\/radiorevelacionfm.cl\/index.php?rest_route=%2Fwp%2Fv2%2Ftags&post=13207"}],"curies":[{"name":"wp","href":"https:\/\/api.w.org\/{rel}","templated":true}]}}