{"id":13202,"date":"2022-01-25T16:07:33","date_gmt":"2022-01-25T19:07:33","guid":{"rendered":"https:\/\/radiorevelacionfm.cl\/?p=13202"},"modified":"2022-01-25T16:07:33","modified_gmt":"2022-01-25T19:07:33","slug":"invertiran-mas-de-3-mil-millones-en-el-litoral-de-aysen-para-la-reactivacion-de-la-pesca-artesanal","status":"publish","type":"post","link":"https:\/\/radiorevelacionfm.cl\/?p=13202","title":{"rendered":"Invertir\u00e1n m\u00e1s de 3 mil millones en el litoral de Ays\u00e9n para la reactivaci\u00f3n de la Pesca Artesanal"},"content":{"rendered":"<div class=\"flex_column av_one_full  flex_column_div av-zero-column-padding first  avia-builder-el-0  el_before_av_one_full  avia-builder-el-first  \" style='border-radius:0px; '><div  class='avia-image-container  av-styling-    avia-builder-el-1  avia-builder-el-no-sibling  avia-align-center '  itemprop=\"image\" itemscope=\"itemscope\" itemtype=\"https:\/\/schema.org\/ImageObject\"  ><div class='avia-image-container-inner'><div class='avia-image-overlay-wrap'><img decoding=\"async\" class='wp-image-13204 avia-img-lazy-loading-not-13204 avia_image' src=\"https:\/\/radiorevelacionfm.cl\/wp-content\/uploads\/2022\/01\/Pesca-Artesanal.jpeg\" alt='' title='Pesca Artesanal' height=\"600\" width=\"1333\"  itemprop=\"thumbnailUrl\" srcset=\"https:\/\/radiorevelacionfm.cl\/wp-content\/uploads\/2022\/01\/Pesca-Artesanal.jpeg 1333w, https:\/\/radiorevelacionfm.cl\/wp-content\/uploads\/2022\/01\/Pesca-Artesanal-300x135.jpeg 300w, https:\/\/radiorevelacionfm.cl\/wp-content\/uploads\/2022\/01\/Pesca-Artesanal-1030x464.jpeg 1030w, https:\/\/radiorevelacionfm.cl\/wp-content\/uploads\/2022\/01\/Pesca-Artesanal-768x346.jpeg 768w, https:\/\/radiorevelacionfm.cl\/wp-content\/uploads\/2022\/01\/Pesca-Artesanal-705x317.jpeg 705w, https:\/\/radiorevelacionfm.cl\/wp-content\/uploads\/2022\/01\/Pesca-Artesanal-600x270.jpeg 600w\" sizes=\"(max-width: 1333px) 100vw, 1333px\" \/><\/div><\/div><\/div><\/div><div class=\"flex_column av_one_full  flex_column_div av-zero-column-padding first  avia-builder-el-2  el_after_av_one_full  el_before_av_one_full  column-top-margin\" style='border-radius:0px; '><section class=\"av_textblock_section \"  itemscope=\"itemscope\" itemtype=\"https:\/\/schema.org\/BlogPosting\" itemprop=\"blogPost\" ><div class='avia_textblock  '   itemprop=\"text\" ><p style=\"text-align: center;\"><strong><span style=\"font-size: 18pt;\">Invertir\u00e1n m\u00e1s de 3 mil millones en el litoral de Ays\u00e9n para la reactivaci\u00f3n de la Pesca Artesanal<\/span><\/strong><\/p>\n<div id=\"gtx-trans\" style=\"position: absolute; left: -50px; top: 4.31534px;\">\n<div class=\"gtx-trans-icon\"><\/div>\n<\/div>\n<\/div><\/section><\/div><div class=\"flex_column av_one_full  flex_column_div av-zero-column-padding first  avia-builder-el-4  el_after_av_one_full  el_before_av_hr  column-top-margin\" style='border-radius:0px; '><section class=\"av_textblock_section \"  itemscope=\"itemscope\" itemtype=\"https:\/\/schema.org\/BlogPosting\" itemprop=\"blogPost\" ><div class='avia_textblock  '   itemprop=\"text\" ><p style=\"text-align: justify;\">Ante la situaci\u00f3n de estancamiento del sector pesquero artesanal y la escasa diversificaci\u00f3n productiva de quienes participan directa o indirectamente del sector, especialmente mujeres, personas que se declaran pertenecientes a pueblos originarios, y entre quienes habitan en localidades costeras aisladas es que de forma in\u00e9dita se construye un programa pensado en ellos y ellas.<\/p>\n<p style=\"text-align: justify;\">Desde el Gobierno Regional de Ays\u00e9n estamos muy contentos y orgullosos dado que en estos 6 meses de trabajo logramos cumplir con nuestra palabra y elaboramos un programa de fortalecimiento a la pesca artesanal construido desde los territorios. Fue as\u00ed como la Divisi\u00f3n de Fomento e Industria (DIFOI) estuvo presente recorriendo distintas caletas para poder construir un programa con una metodolog\u00eda inversa donde por primera vez le preguntamos a las propias pescadoras y pescadores que es lo que se requieren para poder fortalecer al sector. Se ha aprobado una iniciativa de m\u00e1s de 3 mil millones de pesos que va a permitir, precisamente, responder a esas demandas que fueron levantadas desde el territorio porque creemos en la pesca artesanal y en el desarrollo end\u00f3geno de los territorios\u00bb, coment\u00f3 la m\u00e1xima autoridad regional, Gobernadora Andrea Mac\u00edas Palma.<\/p>\n<p style=\"text-align: justify;\">Por eso y que buscando contribuir \u00a0al desarrollo integral de las comunidades pesquero-artesanales del litoral de la Regi\u00f3n de Ays\u00e9n, el Consejo Regional aprob\u00f3 un programa para promover la diversificaci\u00f3n productiva de las localidades pesquero artesanales para impulsar el dinamismo del sector, a trav\u00e9s del mejoramiento de la eficiencia operativa, aumento de la oferta productiva y actualizando los conocimientos t\u00e9cnicos para la operaci\u00f3n.<\/p>\n<p style=\"text-align: justify;\">Programa que se ejecutar\u00e1 a trav\u00e9s de la Fundaci\u00f3n para la Superaci\u00f3n de la Pobreza, en consideraci\u00f3n a su experiencia en trabajo y cobertura en territorios costeros de la regi\u00f3n.<\/p>\n<p style=\"text-align: justify;\">Para el consejero Rocco Martiniello, presidente de la Comisi\u00f3n de Fomento Productivo, la sesi\u00f3n del Consejo Regional donde se aprobaron los recursos debe ser sin duda la m\u00e1s importante del a\u00f1o.<\/p>\n<p style=\"text-align: justify;\">\u00abSe aprobaron los programas de Pesca y de Reactivaci\u00f3n Econ\u00f3mica que estar\u00e1n, durante durante 24 meses estar\u00e1n trabajando en el sector pesquero justamente para que sigamos mirando al mar, justamente tambi\u00e9n para que sigamos apoyando a los microempresarios y estar en una fundaci\u00f3n en una que pertenece a la universidad y otro a la fundaci\u00f3n de la pobreza, que conocen en el territorio que saben perfectamente c\u00f3mo se act\u00faa tanto en la sector del litoral como el sector del campo yendo hacia O\u00b4Higgins hacia Cochrane. Hoy d\u00eda creo que estamos dando un paso important\u00edsimo al aprobar \u00e9stos instrumentos que van en beneficio de los microempresarios y tambi\u00e9n de los pescadores de la regi\u00f3n de Ays\u00e9n\u00bb, afirm\u00f3.<\/p>\n<p style=\"text-align: justify;\">Por su parte el consejero Ra\u00fal Rudolphi, aqu\u00ed se presenta el trabajo conjunto con las localidades y dirigentes.<\/p>\n<p style=\"text-align: justify;\">\u00abTal cual como lo se\u00f1alamos en la sesi\u00f3n del plenario lo hemos hecho durante el trabajo de comisiones aqu\u00ed hay un esfuerzo conjunto primero de las localidades de los dirigentes luego de la institucionalidad a trav\u00e9s de Yessica Lagos, Jefa de Divisi\u00f3n, y su equipo, el trabajo los Consejeros de la Comisi\u00f3n de Fomento, pero tampoco podemos excluir y ser mezquinos de no considerar a los consejeros de la provincia de Ays\u00e9n. En ese conjunto al d\u00eda de hoy y despu\u00e9s de varias semanas y meses de trabajo por fin se aprob\u00f3 un proyecto que efectivamente es hist\u00f3rico y uno manifest\u00f3 positivamente ese mensaje, pero tambi\u00e9n un llamado a atenci\u00f3n de que la historia de los proyectos aprobados en el litoral de Ays\u00e9n no son grandes recursos, pero han tenido una mala ejecuci\u00f3n y en eso nosotros hicimos un llamado a que la ejecuci\u00f3n sea rigurosa y vamos a estar ah\u00ed apoyando permanentemente para que esto suceda\u00bb, coment\u00f3 en la oportunidad.<\/p>\n<p style=\"text-align: justify;\">Dentro de los ejes del Programa de Gobierno de la Gobernadora Regional est\u00e1 el apoyo al desarrollo de los territorios, cuesti\u00f3n que estar\u00eda trabaj\u00e1ndose junto a las comunidades del litoral que fueron consultadas y vinculadas desde la generaci\u00f3n del programa hasta su presentaci\u00f3n.<\/p>\n<p style=\"text-align: justify;\">\u00abQueremos poner en valor, estableciendo una cadena productiva que permita efectivamente no perder nuestra identidad con la pesca artesanal y que \u00e9sta se vuelva un espacio de fomento productivo estamos muy contentos felicitamos todo el trabajo realizado y agradecer por supuesto al Consejo Regional de Ays\u00e9n quienes con su aprobaci\u00f3n permiten que esto se come hace ejecutar\u00bb, finaliz\u00f3.<\/p>\n<\/div><\/section><\/div><\/p>\n<div  style='height:50px' class='hr hr-invisible   avia-builder-el-6  el_after_av_one_full  el_before_av_social_share '><span class='hr-inner ' ><span class='hr-inner-style'><\/span><\/span><\/div>\n<div  class='av-social-sharing-box  avia-builder-el-7  el_after_av_hr  el_before_av_hr  '><div class='av-share-box'><h5 class='av-share-link-description av-no-toc '>Compartir esta noticia<\/h5><ul class='av-share-box-list noLightbox'><li class='av-share-link av-social-link-facebook' ><a target=\"_blank\" aria-label=\"Compartir en Facebook\" href='https:\/\/www.facebook.com\/sharer.php?u=https:\/\/radiorevelacionfm.cl\/?p=13202&#038;t=Invertir%C3%A1n%20m%C3%A1s%20de%203%20mil%20millones%20en%20el%20litoral%20de%20Ays%C3%A9n%20para%20la%20reactivaci%C3%B3n%20de%20la%20Pesca%20Artesanal' aria-hidden='false' data-av_icon='\ue8f3' data-av_iconfont='entypo-fontello' title='' data-avia-related-tooltip='Compartir en Facebook' rel=\"noopener\"><span class='avia_hidden_link_text'>Compartir en Facebook<\/span><\/a><\/li><li class='av-share-link av-social-link-twitter' ><a target=\"_blank\" aria-label=\"Compartir en Twitter\" href='https:\/\/twitter.com\/share?text=Invertir%C3%A1n%20m%C3%A1s%20de%203%20mil%20millones%20en%20el%20litoral%20de%20Ays%C3%A9n%20para%20la%20reactivaci%C3%B3n%20de%20la%20Pesca%20Artesanal&#038;url=https:\/\/radiorevelacionfm.cl\/?p=13202' aria-hidden='false' data-av_icon='\ue8f1' data-av_iconfont='entypo-fontello' title='' data-avia-related-tooltip='Compartir en Twitter' rel=\"noopener\"><span class='avia_hidden_link_text'>Compartir en Twitter<\/span><\/a><\/li><li class='av-share-link av-social-link-whatsapp' ><a target=\"_blank\" aria-label=\"Compartir en Whatsapp\" href='https:\/\/api.whatsapp.com\/send?text=https:\/\/radiorevelacionfm.cl\/?p=13202' aria-hidden='false' data-av_icon='\uf232' data-av_iconfont='entypo-fontello' title='' data-avia-related-tooltip='Compartir en Whatsapp' rel=\"noopener\"><span class='avia_hidden_link_text'>Compartir en Whatsapp<\/span><\/a><\/li><li class='av-share-link av-social-link-linkedin' ><a target=\"_blank\" aria-label=\"Compartir en LinkedIn\" href='https:\/\/linkedin.com\/shareArticle?mini=true&#038;title=Invertir%C3%A1n%20m%C3%A1s%20de%203%20mil%20millones%20en%20el%20litoral%20de%20Ays%C3%A9n%20para%20la%20reactivaci%C3%B3n%20de%20la%20Pesca%20Artesanal&#038;url=https:\/\/radiorevelacionfm.cl\/?p=13202' aria-hidden='false' data-av_icon='\ue8fc' data-av_iconfont='entypo-fontello' title='' data-avia-related-tooltip='Compartir en LinkedIn' rel=\"noopener\"><span class='avia_hidden_link_text'>Compartir en LinkedIn<\/span><\/a><\/li><li class='av-share-link av-social-link-mail' ><a  aria-label=\"Compartir por correo\" href='mailto:?subject=Invertir%C3%A1n%20m%C3%A1s%20de%203%20mil%20millones%20en%20el%20litoral%20de%20Ays%C3%A9n%20para%20la%20reactivaci%C3%B3n%20de%20la%20Pesca%20Artesanal&#038;body=https:\/\/radiorevelacionfm.cl\/?p=13202' aria-hidden='false' data-av_icon='\ue805' data-av_iconfont='entypo-fontello' title='' data-avia-related-tooltip='Compartir por correo'><span class='avia_hidden_link_text'>Compartir por correo<\/span><\/a><\/li><\/ul><\/div><\/div>\n<div  style='height:50px' class='hr hr-invisible   avia-builder-el-8  el_after_av_social_share  el_before_av_comments_list '><span class='hr-inner ' ><span class='hr-inner-style'><\/span><\/span><\/div>\n<div  class='av-buildercomment  av-blog-meta-html-info-disabled av-blog-meta-tag-disabled  '><\/div>\n","protected":false},"excerpt":{"rendered":"","protected":false},"author":1,"featured_media":13204,"comment_status":"open","ping_status":"open","sticky":false,"template":"","format":"standard","meta":{"footnotes":""},"categories":[38],"tags":[],"class_list":["post-13202","post","type-post","status-publish","format-standard","has-post-thumbnail","hentry","category-regional"],"jetpack_featured_media_url":"https:\/\/radiorevelacionfm.cl\/wp-content\/uploads\/2022\/01\/Pesca-Artesanal.jpeg","_links":{"self":[{"href":"https:\/\/radiorevelacionfm.cl\/index.php?rest_route=\/wp\/v2\/posts\/13202","targetHints":{"allow":["GET"]}}],"collection":[{"href":"https:\/\/radiorevelacionfm.cl\/index.php?rest_route=\/wp\/v2\/posts"}],"about":[{"href":"https:\/\/radiorevelacionfm.cl\/index.php?rest_route=\/wp\/v2\/types\/post"}],"author":[{"embeddable":true,"href":"https:\/\/radiorevelacionfm.cl\/index.php?rest_route=\/wp\/v2\/users\/1"}],"replies":[{"embeddable":true,"href":"https:\/\/radiorevelacionfm.cl\/index.php?rest_route=%2Fwp%2Fv2%2Fcomments&post=13202"}],"version-history":[{"count":3,"href":"https:\/\/radiorevelacionfm.cl\/index.php?rest_route=\/wp\/v2\/posts\/13202\/revisions"}],"predecessor-version":[{"id":13206,"href":"https:\/\/radiorevelacionfm.cl\/index.php?rest_route=\/wp\/v2\/posts\/13202\/revisions\/13206"}],"wp:featuredmedia":[{"embeddable":true,"href":"https:\/\/radiorevelacionfm.cl\/index.php?rest_route=\/wp\/v2\/media\/13204"}],"wp:attachment":[{"href":"https:\/\/radiorevelacionfm.cl\/index.php?rest_route=%2Fwp%2Fv2%2Fmedia&parent=13202"}],"wp:term":[{"taxonomy":"category","embeddable":true,"href":"https:\/\/radiorevelacionfm.cl\/index.php?rest_route=%2Fwp%2Fv2%2Fcategories&post=13202"},{"taxonomy":"post_tag","embeddable":true,"href":"https:\/\/radiorevelacionfm.cl\/index.php?rest_route=%2Fwp%2Fv2%2Ftags&post=13202"}],"curies":[{"name":"wp","href":"https:\/\/api.w.org\/{rel}","templated":true}]}}