{"id":13198,"date":"2022-01-25T15:35:14","date_gmt":"2022-01-25T18:35:14","guid":{"rendered":"https:\/\/radiorevelacionfm.cl\/?p=13198"},"modified":"2022-01-25T15:35:14","modified_gmt":"2022-01-25T18:35:14","slug":"parque-nacional-queulat-y-caleta-tortel-entre-los-nominados-para-elegir-las-7-maravillas-chilenas","status":"publish","type":"post","link":"https:\/\/radiorevelacionfm.cl\/?p=13198","title":{"rendered":"Parque Nacional Queulat y Caleta Tortel entre los nominados para elegir las 7 Maravillas Chilenas"},"content":{"rendered":"<div class=\"flex_column av_one_full  flex_column_div av-zero-column-padding first  avia-builder-el-0  el_before_av_one_full  avia-builder-el-first  \" style='border-radius:0px; '><div  class='avia-image-container  av-styling-    avia-builder-el-1  avia-builder-el-no-sibling  avia-align-center '  itemprop=\"image\" itemscope=\"itemscope\" itemtype=\"https:\/\/schema.org\/ImageObject\"  ><div class='avia-image-container-inner'><div class='avia-image-overlay-wrap'><img decoding=\"async\" class='wp-image-13199 avia-img-lazy-loading-not-13199 avia_image' src=\"https:\/\/radiorevelacionfm.cl\/wp-content\/uploads\/2022\/01\/Nominacion-7-Maravillas-Chilenas-1-1.jpg\" alt='' title='Nominacion 7 Maravillas Chilenas (1) (1)' height=\"600\" width=\"876\"  itemprop=\"thumbnailUrl\" srcset=\"https:\/\/radiorevelacionfm.cl\/wp-content\/uploads\/2022\/01\/Nominacion-7-Maravillas-Chilenas-1-1.jpg 876w, https:\/\/radiorevelacionfm.cl\/wp-content\/uploads\/2022\/01\/Nominacion-7-Maravillas-Chilenas-1-1-300x205.jpg 300w, https:\/\/radiorevelacionfm.cl\/wp-content\/uploads\/2022\/01\/Nominacion-7-Maravillas-Chilenas-1-1-768x526.jpg 768w, https:\/\/radiorevelacionfm.cl\/wp-content\/uploads\/2022\/01\/Nominacion-7-Maravillas-Chilenas-1-1-705x483.jpg 705w, https:\/\/radiorevelacionfm.cl\/wp-content\/uploads\/2022\/01\/Nominacion-7-Maravillas-Chilenas-1-1-600x411.jpg 600w\" sizes=\"(max-width: 876px) 100vw, 876px\" \/><\/div><\/div><\/div><\/div><div class=\"flex_column av_one_full  flex_column_div av-zero-column-padding first  avia-builder-el-2  el_after_av_one_full  el_before_av_one_full  column-top-margin\" style='border-radius:0px; '><section class=\"av_textblock_section \"  itemscope=\"itemscope\" itemtype=\"https:\/\/schema.org\/BlogPosting\" itemprop=\"blogPost\" ><div class='avia_textblock  '   itemprop=\"text\" ><p style=\"text-align: center;\"><strong><span style=\"font-size: 18pt;\">Parque Nacional Queulat y Caleta Tortel entre los nominados para elegir las 7 Maravillas Chilenas <\/span><\/strong><\/p>\n<div id=\"gtx-trans\" style=\"position: absolute; left: -50px; top: 4.31534px;\">\n<div class=\"gtx-trans-icon\"><\/div>\n<\/div>\n<\/div><\/section><\/div><div class=\"flex_column av_one_full  flex_column_div av-zero-column-padding first  avia-builder-el-4  el_after_av_one_full  el_before_av_hr  column-top-margin\" style='border-radius:0px; '><section class=\"av_textblock_section \"  itemscope=\"itemscope\" itemtype=\"https:\/\/schema.org\/BlogPosting\" itemprop=\"blogPost\" ><div class='avia_textblock  '   itemprop=\"text\" ><p style=\"text-align: justify;\">Hace m\u00e1s de una d\u00e9cada que Chile es mencionado entre los pa\u00edses m\u00e1s atractivos para visitar en todo el mundo, siendo elegido en los World Travel Awards por seis a\u00f1os el\u00a0Mejor Destino de Turismo Aventura\u00a0y galardonado por dos a\u00f1os como el\u00a0Destino m\u00e1s Rom\u00e1ntico\u00a0(por el desierto de Atacama), superando a lugares ic\u00f3nicos de los cinco continentes. Estos reconocimientos se suman a distinciones recibidas por otras entidades especializadas, como la gu\u00eda Lonely Planet, que en 2018 le dio a Chile el primer puesto entre los\u00a010 Destinos Imperdibles del mundo.<\/p>\n<p style=\"text-align: justify;\">As\u00ed como la belleza \u00fanica de nuestros paisajes es reconocida en el resto del planeta, los chilenos tambi\u00e9n podr\u00e1n votar y elegir los lugares m\u00e1s bellos y significativos del pa\u00eds. Se trata de la elecci\u00f3n de las\u00a0Maravillas Chilenas, iniciativa que busca hacer notar las sorprendentes riquezas naturales y culturales de Chile, adem\u00e1s de apoyar activamente el valioso trabajo que est\u00e1n haciendo los sectores p\u00fablico y privado para potenciar de manera segura y eficiente los destinos y atractivos tur\u00edsticos.<\/p>\n<p style=\"text-align: justify;\">Patrocinado por Sernatur y Chile es Tuyo, este evento es una mirada profunda a nuestras riquezas patrimoniales y de seguro ser\u00e1 un aporte para quienes est\u00e1n decidiendo d\u00f3nde pasar sus vacaciones. Las votaciones permanecer\u00e1n abiertas en el sitio\u00a0<a href=\"http:\/\/www.maravillaschilenas.cl\/\">www.maravillaschilenas.cl,<\/a>\u00a0entre el 16 de enero y el 13 de febrero.<\/p>\n<p style=\"text-align: justify;\">Un panel de quince expertos nomin\u00f3 32 atractivos naturales y culturales, dos por cada regi\u00f3n. De esa selecci\u00f3n inicial, el p\u00fablico podr\u00e1 elegir los siete que considere merecedores de estar entre las\u00a0Maravillas Chilenas. Ocupar\u00e1n los lugares respectivos, dependiendo de la cantidad de votos que reciba cada uno, del primero al s\u00e9ptimo.\u00a0Entre quienes participen se sortear\u00e1n dos estad\u00edas para dos personas \u2014tres d\u00edas y dos noches\u2014\u00a0una en Hotel NOI Atacama y otra en Hotel NOI Natales, con desayuno y cena incluido.<\/p>\n<p><strong>Los lugares nominados para Maravillas Chilenas<\/strong><\/p>\n<p><strong>Regi\u00f3n de Arica y Parinacota<\/strong><\/p>\n<p>Parque Nacional Lauca \/ Ruta de los Pueblos de Parinacota<\/p>\n<p><strong>Regi\u00f3n de Tarapac\u00e1<\/strong><\/p>\n<p>Oficinas Salitreras Santa Laura y Santiago Humberstone \/ Parque Nacional Volc\u00e1n Isluga<\/p>\n<p><strong>Regi\u00f3n de Antofagasta<\/strong><\/p>\n<p>Valle de la Luna \/ Salar de Atacama<\/p>\n<p><strong>Regi\u00f3n de Atacama<\/strong><\/p>\n<p>Parque Nacional Pan de Az\u00facar \/ Caleta Cha\u00f1aral de Aceituno<\/p>\n<p><strong>Regi\u00f3n de Coquimbo<\/strong><\/p>\n<p>Reserva Nacional Ping\u00fcino de Humboldt \/ Valle del Elqui<\/p>\n<p><strong>Regi\u00f3n de Valpara\u00edso<\/strong><\/p>\n<p>Ascensores de Valpara\u00edso \/ Parque Nacional Rapa Nui<\/p>\n<p><strong>Regi\u00f3n Metropolitana de Santiago<\/strong><\/p>\n<p>Parque Metropolitano de Santiago \/ Monumento Natural El Morado<\/p>\n<p><strong>Regi\u00f3n del Libertador Bernardo O\u2019Higgins<\/strong><\/p>\n<p>Valle de Colchagua \/ Ex Campamento Sewell<\/p>\n<p><strong>Regi\u00f3n del Maule<\/strong><\/p>\n<p>Parque Nacional Radal Siete Tazas \/ Santuario de la Naturaleza Caj\u00f3n del R\u00edo Achibueno<\/p>\n<p><strong>Regi\u00f3n de \u00d1uble<\/strong><\/p>\n<p>Valle Las Trancas \/ Nevados de Chill\u00e1n<\/p>\n<p><strong>Regi\u00f3n del Biob\u00edo<\/strong><\/p>\n<p>Reserva Nacional Isla Mocha \/ Parque Nacional Laguna del Laja<\/p>\n<p><strong>Regi\u00f3n de La Araucan\u00eda<\/strong><\/p>\n<p>Parque Nacional Conguill\u00edo \/ Lago Budi<\/p>\n<p><strong>Regi\u00f3n de los R\u00edos<\/strong><\/p>\n<p>Parque Nacional Alerce Costero \/ Reserva Costera Valdiviana<\/p>\n<p><strong>Regi\u00f3n de los Lagos<\/strong><\/p>\n<p>Circuito de Iglesias Patrimoniales de Chilo\u00e9 \/ R\u00edo Futaleuf\u00fa<\/p>\n<p><strong>Regi\u00f3n de Ays\u00e9n\u00a0<\/strong><\/p>\n<p>Parque Nacional Queulat \/ Caleta Tortel<\/p>\n<p><strong>Regi\u00f3n de Magallanes y la Ant\u00e1rtica Chilena<\/strong><\/p>\n<p>Parque Nacional Torres del Paine \/ Parque Natural Karukinka<\/p>\n<\/div><\/section><\/div><div  style='height:50px' class='hr hr-invisible   avia-builder-el-6  el_after_av_one_full  el_before_av_social_share '><span class='hr-inner ' ><span class='hr-inner-style'><\/span><\/span><\/div><\/p>\n<div  class='av-social-sharing-box  avia-builder-el-7  el_after_av_hr  el_before_av_hr  '><div class='av-share-box'><h5 class='av-share-link-description av-no-toc '>Compartir esta noticia<\/h5><ul class='av-share-box-list noLightbox'><li class='av-share-link av-social-link-facebook' ><a target=\"_blank\" aria-label=\"Compartir en Facebook\" href='https:\/\/www.facebook.com\/sharer.php?u=https:\/\/radiorevelacionfm.cl\/?p=13198&#038;t=Parque%20Nacional%20Queulat%20y%20Caleta%20Tortel%20entre%20los%20nominados%20para%20elegir%20las%207%20Maravillas%20Chilenas' aria-hidden='false' data-av_icon='\ue8f3' data-av_iconfont='entypo-fontello' title='' data-avia-related-tooltip='Compartir en Facebook' rel=\"noopener\"><span class='avia_hidden_link_text'>Compartir en Facebook<\/span><\/a><\/li><li class='av-share-link av-social-link-twitter' ><a target=\"_blank\" aria-label=\"Compartir en Twitter\" href='https:\/\/twitter.com\/share?text=Parque%20Nacional%20Queulat%20y%20Caleta%20Tortel%20entre%20los%20nominados%20para%20elegir%20las%207%20Maravillas%20Chilenas&#038;url=https:\/\/radiorevelacionfm.cl\/?p=13198' aria-hidden='false' data-av_icon='\ue8f1' data-av_iconfont='entypo-fontello' title='' data-avia-related-tooltip='Compartir en Twitter' rel=\"noopener\"><span class='avia_hidden_link_text'>Compartir en Twitter<\/span><\/a><\/li><li class='av-share-link av-social-link-whatsapp' ><a target=\"_blank\" aria-label=\"Compartir en Whatsapp\" href='https:\/\/api.whatsapp.com\/send?text=https:\/\/radiorevelacionfm.cl\/?p=13198' aria-hidden='false' data-av_icon='\uf232' data-av_iconfont='entypo-fontello' title='' data-avia-related-tooltip='Compartir en Whatsapp' rel=\"noopener\"><span class='avia_hidden_link_text'>Compartir en Whatsapp<\/span><\/a><\/li><li class='av-share-link av-social-link-linkedin' ><a target=\"_blank\" aria-label=\"Compartir en LinkedIn\" href='https:\/\/linkedin.com\/shareArticle?mini=true&#038;title=Parque%20Nacional%20Queulat%20y%20Caleta%20Tortel%20entre%20los%20nominados%20para%20elegir%20las%207%20Maravillas%20Chilenas&#038;url=https:\/\/radiorevelacionfm.cl\/?p=13198' aria-hidden='false' data-av_icon='\ue8fc' data-av_iconfont='entypo-fontello' title='' data-avia-related-tooltip='Compartir en LinkedIn' rel=\"noopener\"><span class='avia_hidden_link_text'>Compartir en LinkedIn<\/span><\/a><\/li><li class='av-share-link av-social-link-mail' ><a  aria-label=\"Compartir por correo\" href='mailto:?subject=Parque%20Nacional%20Queulat%20y%20Caleta%20Tortel%20entre%20los%20nominados%20para%20elegir%20las%207%20Maravillas%20Chilenas&#038;body=https:\/\/radiorevelacionfm.cl\/?p=13198' aria-hidden='false' data-av_icon='\ue805' data-av_iconfont='entypo-fontello' title='' data-avia-related-tooltip='Compartir por correo'><span class='avia_hidden_link_text'>Compartir por correo<\/span><\/a><\/li><\/ul><\/div><\/div>\n<div  style='height:50px' class='hr hr-invisible   avia-builder-el-8  el_after_av_social_share  el_before_av_comments_list '><span class='hr-inner ' ><span class='hr-inner-style'><\/span><\/span><\/div>\n<div  class='av-buildercomment  av-blog-meta-html-info-disabled av-blog-meta-tag-disabled  '><\/div>\n","protected":false},"excerpt":{"rendered":"","protected":false},"author":1,"featured_media":13199,"comment_status":"open","ping_status":"open","sticky":false,"template":"","format":"standard","meta":{"footnotes":""},"categories":[54],"tags":[],"class_list":["post-13198","post","type-post","status-publish","format-standard","has-post-thumbnail","hentry","category-turismo"],"jetpack_featured_media_url":"https:\/\/radiorevelacionfm.cl\/wp-content\/uploads\/2022\/01\/Nominacion-7-Maravillas-Chilenas-1-1.jpg","_links":{"self":[{"href":"https:\/\/radiorevelacionfm.cl\/index.php?rest_route=\/wp\/v2\/posts\/13198","targetHints":{"allow":["GET"]}}],"collection":[{"href":"https:\/\/radiorevelacionfm.cl\/index.php?rest_route=\/wp\/v2\/posts"}],"about":[{"href":"https:\/\/radiorevelacionfm.cl\/index.php?rest_route=\/wp\/v2\/types\/post"}],"author":[{"embeddable":true,"href":"https:\/\/radiorevelacionfm.cl\/index.php?rest_route=\/wp\/v2\/users\/1"}],"replies":[{"embeddable":true,"href":"https:\/\/radiorevelacionfm.cl\/index.php?rest_route=%2Fwp%2Fv2%2Fcomments&post=13198"}],"version-history":[{"count":2,"href":"https:\/\/radiorevelacionfm.cl\/index.php?rest_route=\/wp\/v2\/posts\/13198\/revisions"}],"predecessor-version":[{"id":13201,"href":"https:\/\/radiorevelacionfm.cl\/index.php?rest_route=\/wp\/v2\/posts\/13198\/revisions\/13201"}],"wp:featuredmedia":[{"embeddable":true,"href":"https:\/\/radiorevelacionfm.cl\/index.php?rest_route=\/wp\/v2\/media\/13199"}],"wp:attachment":[{"href":"https:\/\/radiorevelacionfm.cl\/index.php?rest_route=%2Fwp%2Fv2%2Fmedia&parent=13198"}],"wp:term":[{"taxonomy":"category","embeddable":true,"href":"https:\/\/radiorevelacionfm.cl\/index.php?rest_route=%2Fwp%2Fv2%2Fcategories&post=13198"},{"taxonomy":"post_tag","embeddable":true,"href":"https:\/\/radiorevelacionfm.cl\/index.php?rest_route=%2Fwp%2Fv2%2Ftags&post=13198"}],"curies":[{"name":"wp","href":"https:\/\/api.w.org\/{rel}","templated":true}]}}