{"id":13194,"date":"2022-01-25T11:14:44","date_gmt":"2022-01-25T14:14:44","guid":{"rendered":"https:\/\/radiorevelacionfm.cl\/?p=13194"},"modified":"2022-01-25T11:14:44","modified_gmt":"2022-01-25T14:14:44","slug":"sandoval-y-aprobacion-de-pgu-en-el-senado-nos-hacemos-parte-de-una-situacion-que-se-requeria-enfrentar-con-decision","status":"publish","type":"post","link":"https:\/\/radiorevelacionfm.cl\/?p=13194","title":{"rendered":"Sandoval y aprobaci\u00f3n de PGU en el Senado: \u201cNos hacemos parte de una situaci\u00f3n que se requer\u00eda enfrentar con decisi\u00f3n\u201d"},"content":{"rendered":"<div class=\"flex_column av_one_full  flex_column_div av-zero-column-padding first  avia-builder-el-0  el_before_av_one_full  avia-builder-el-first  \" style='border-radius:0px; '><div  class='avia-image-container  av-styling-    avia-builder-el-1  avia-builder-el-no-sibling  avia-align-center '  itemprop=\"image\" itemscope=\"itemscope\" itemtype=\"https:\/\/schema.org\/ImageObject\"  ><div class='avia-image-container-inner'><div class='avia-image-overlay-wrap'><img decoding=\"async\" class='wp-image-13195 avia-img-lazy-loading-not-13195 avia_image' src=\"https:\/\/radiorevelacionfm.cl\/wp-content\/uploads\/2022\/01\/Senador-5-1.jpg\" alt='' title='Senador (5) (1)' height=\"600\" width=\"736\"  itemprop=\"thumbnailUrl\" srcset=\"https:\/\/radiorevelacionfm.cl\/wp-content\/uploads\/2022\/01\/Senador-5-1.jpg 736w, https:\/\/radiorevelacionfm.cl\/wp-content\/uploads\/2022\/01\/Senador-5-1-300x245.jpg 300w, https:\/\/radiorevelacionfm.cl\/wp-content\/uploads\/2022\/01\/Senador-5-1-705x575.jpg 705w, https:\/\/radiorevelacionfm.cl\/wp-content\/uploads\/2022\/01\/Senador-5-1-600x489.jpg 600w\" sizes=\"(max-width: 736px) 100vw, 736px\" \/><\/div><\/div><\/div><\/div><div class=\"flex_column av_one_full  flex_column_div av-zero-column-padding first  avia-builder-el-2  el_after_av_one_full  el_before_av_one_full  column-top-margin\" style='border-radius:0px; '><section class=\"av_textblock_section \"  itemscope=\"itemscope\" itemtype=\"https:\/\/schema.org\/BlogPosting\" itemprop=\"blogPost\" ><div class='avia_textblock  '   itemprop=\"text\" ><p style=\"text-align: center;\"><strong><span style=\"font-size: 18pt;\">Sandoval y aprobaci\u00f3n de PGU en el Senado: \u201cNos hacemos parte de una situaci\u00f3n que se requer\u00eda enfrentar con decisi\u00f3n\u201d<\/span><\/strong><\/p>\n<div id=\"gtx-trans\" style=\"position: absolute; left: -50px; top: 4.31534px;\">\n<div class=\"gtx-trans-icon\"><\/div>\n<\/div>\n<\/div><\/section><\/div><div class=\"flex_column av_one_full  flex_column_div av-zero-column-padding first  avia-builder-el-4  el_after_av_one_full  el_before_av_hr  column-top-margin\" style='border-radius:0px; '><section class=\"av_textblock_section \"  itemscope=\"itemscope\" itemtype=\"https:\/\/schema.org\/BlogPosting\" itemprop=\"blogPost\" ><div class='avia_textblock  '   itemprop=\"text\" ><p style=\"text-align: justify;\">\u201cNos hacemos parte de una situaci\u00f3n que se requer\u00eda enfrentar con decisi\u00f3n\u201d. Con estas palabras, el senador David Sandoval destac\u00f3 la aprobaci\u00f3n del proyecto que crea una Pensi\u00f3n Garantizada Universal (PGU), la cual pasa ahora a su \u00faltimo tr\u00e1mite en la C\u00e1mara de Diputados.<\/p>\n<p style=\"text-align: justify;\">Durante el debate, el parlamentario precis\u00f3 que, en el actual sistema de cotizaciones, hay cerca de 2 millones de personas que tienen $0 de ahorro previsional en sus cuentas, seg\u00fan el informe estad\u00edstico trimestral de afiliados y cotizantes.<\/p>\n<p style=\"text-align: justify;\">Otro dato que justificaba el poner en marcha esta nueva pensi\u00f3n, es que el 83,5% de los cotizantes tiene menos de $20 millones de ahorro en sus cuentas, en todos los segmentos de edad. \u201cPor eso la urgencia de avanzar en esto\u201d, indic\u00f3.<\/p>\n<p style=\"text-align: justify;\">En ese sentido, Sandoval destac\u00f3 el trabajo de los parlamentarios, de ambas c\u00e1maras, en conjunto con el Ejecutivo, a trav\u00e9s del Ministerio de Trabajo, encabezado por el ministro Patricio Melero, y de Hacienda, quienes llevaron adelante esta iniciativa. \u201cEn menos de 60 d\u00edas hemos sido capaces de llegar a estos acuerdos, para as\u00ed darle (este beneficio) a los sectores m\u00e1s vulnerables, al sector pasivo, eliminando el pilar solidario transform\u00e1ndolo en la Pensi\u00f3n Garantizada Universal\u201d, subray\u00f3.<\/p>\n<p style=\"text-align: justify;\">\u201cEstamos hablando de poco m\u00e1s de 2 millones de personas las que se ver\u00e1n beneficiadas con esta iniciativa\u201d, agreg\u00f3 Sandoval, quien valor\u00f3 que la urgencia con que se tramit\u00f3 este tema \u201chabla de la responsabilidad de todos de hacernos cargo de esta realidad\u201d, se\u00f1alando que con esto \u201cse est\u00e1 dando un paso adelante y se constituye como un acto de justicia\u201d.<\/p>\n<p style=\"text-align: justify;\">El parlamentario, adem\u00e1s, dijo que una vez se ponga en marcha la PGU, quedar\u00e1 pendiente la siguiente etapa en materia de mejoramiento del sistema previsional en Chile y que tiene que ver con todo el sistema de trabajadores activos. \u201cQu\u00e9 va a pasar con la otra parte de esta reforma de pensiones, que qued\u00f3 paralizada. Ser\u00e1 la pr\u00f3xima tarea que va a haber que impulsar en la siguiente tercera gran reforma al sistema previsional en nuestro pa\u00eds\u201d, concluy\u00f3.<\/p>\n<p style=\"text-align: justify;\">Cabe se\u00f1alar que tambi\u00e9n se tramit\u00f3 y aprob\u00f3 el proyecto que reduce o elimina las exenciones tributarias, el cual permitir\u00e1 recaudar los recursos necesarios, es decir, casi 0,70 puntos del PIB para financiar la pensi\u00f3n garantizada universal.<\/p>\n<\/div><\/section><\/div><div  style='height:50px' class='hr hr-invisible   avia-builder-el-6  el_after_av_one_full  el_before_av_social_share '><span class='hr-inner ' ><span class='hr-inner-style'><\/span><\/span><\/div><\/p>\n<div  class='av-social-sharing-box  avia-builder-el-7  el_after_av_hr  el_before_av_hr  '><div class='av-share-box'><h5 class='av-share-link-description av-no-toc '>Compartir esta noticia<\/h5><ul class='av-share-box-list noLightbox'><li class='av-share-link av-social-link-facebook' ><a target=\"_blank\" aria-label=\"Compartir en Facebook\" href='https:\/\/www.facebook.com\/sharer.php?u=https:\/\/radiorevelacionfm.cl\/?p=13194&#038;t=Sandoval%20y%20aprobaci%C3%B3n%20de%20PGU%20en%20el%20Senado%3A%20%E2%80%9CNos%20hacemos%20parte%20de%20una%20situaci%C3%B3n%20que%20se%20requer%C3%ADa%20enfrentar%20con%20decisi%C3%B3n%E2%80%9D' aria-hidden='false' data-av_icon='\ue8f3' data-av_iconfont='entypo-fontello' title='' data-avia-related-tooltip='Compartir en Facebook' rel=\"noopener\"><span class='avia_hidden_link_text'>Compartir en Facebook<\/span><\/a><\/li><li class='av-share-link av-social-link-twitter' ><a target=\"_blank\" aria-label=\"Compartir en Twitter\" href='https:\/\/twitter.com\/share?text=Sandoval%20y%20aprobaci%C3%B3n%20de%20PGU%20en%20el%20Senado%3A%20%E2%80%9CNos%20hacemos%20parte%20de%20una%20situaci%C3%B3n%20que%20se%20requer%C3%ADa%20enfrentar%20con%20decisi%C3%B3n%E2%80%9D&#038;url=https:\/\/radiorevelacionfm.cl\/?p=13194' aria-hidden='false' data-av_icon='\ue8f1' data-av_iconfont='entypo-fontello' title='' data-avia-related-tooltip='Compartir en Twitter' rel=\"noopener\"><span class='avia_hidden_link_text'>Compartir en Twitter<\/span><\/a><\/li><li class='av-share-link av-social-link-whatsapp' ><a target=\"_blank\" aria-label=\"Compartir en Whatsapp\" href='https:\/\/api.whatsapp.com\/send?text=https:\/\/radiorevelacionfm.cl\/?p=13194' aria-hidden='false' data-av_icon='\uf232' data-av_iconfont='entypo-fontello' title='' data-avia-related-tooltip='Compartir en Whatsapp' rel=\"noopener\"><span class='avia_hidden_link_text'>Compartir en Whatsapp<\/span><\/a><\/li><li class='av-share-link av-social-link-linkedin' ><a target=\"_blank\" aria-label=\"Compartir en LinkedIn\" href='https:\/\/linkedin.com\/shareArticle?mini=true&#038;title=Sandoval%20y%20aprobaci%C3%B3n%20de%20PGU%20en%20el%20Senado%3A%20%E2%80%9CNos%20hacemos%20parte%20de%20una%20situaci%C3%B3n%20que%20se%20requer%C3%ADa%20enfrentar%20con%20decisi%C3%B3n%E2%80%9D&#038;url=https:\/\/radiorevelacionfm.cl\/?p=13194' aria-hidden='false' data-av_icon='\ue8fc' data-av_iconfont='entypo-fontello' title='' data-avia-related-tooltip='Compartir en LinkedIn' rel=\"noopener\"><span class='avia_hidden_link_text'>Compartir en LinkedIn<\/span><\/a><\/li><li class='av-share-link av-social-link-mail' ><a  aria-label=\"Compartir por correo\" href='mailto:?subject=Sandoval%20y%20aprobaci%C3%B3n%20de%20PGU%20en%20el%20Senado%3A%20%E2%80%9CNos%20hacemos%20parte%20de%20una%20situaci%C3%B3n%20que%20se%20requer%C3%ADa%20enfrentar%20con%20decisi%C3%B3n%E2%80%9D&#038;body=https:\/\/radiorevelacionfm.cl\/?p=13194' aria-hidden='false' data-av_icon='\ue805' data-av_iconfont='entypo-fontello' title='' data-avia-related-tooltip='Compartir por correo'><span class='avia_hidden_link_text'>Compartir por correo<\/span><\/a><\/li><\/ul><\/div><\/div>\n<div  style='height:50px' class='hr hr-invisible   avia-builder-el-8  el_after_av_social_share  el_before_av_comments_list '><span class='hr-inner ' ><span class='hr-inner-style'><\/span><\/span><\/div>\n<div  class='av-buildercomment  av-blog-meta-html-info-disabled av-blog-meta-tag-disabled  '><\/div>\n","protected":false},"excerpt":{"rendered":"","protected":false},"author":1,"featured_media":13195,"comment_status":"open","ping_status":"open","sticky":false,"template":"","format":"standard","meta":{"footnotes":""},"categories":[35],"tags":[],"class_list":["post-13194","post","type-post","status-publish","format-standard","has-post-thumbnail","hentry","category-politica"],"jetpack_featured_media_url":"https:\/\/radiorevelacionfm.cl\/wp-content\/uploads\/2022\/01\/Senador-5-1.jpg","_links":{"self":[{"href":"https:\/\/radiorevelacionfm.cl\/index.php?rest_route=\/wp\/v2\/posts\/13194","targetHints":{"allow":["GET"]}}],"collection":[{"href":"https:\/\/radiorevelacionfm.cl\/index.php?rest_route=\/wp\/v2\/posts"}],"about":[{"href":"https:\/\/radiorevelacionfm.cl\/index.php?rest_route=\/wp\/v2\/types\/post"}],"author":[{"embeddable":true,"href":"https:\/\/radiorevelacionfm.cl\/index.php?rest_route=\/wp\/v2\/users\/1"}],"replies":[{"embeddable":true,"href":"https:\/\/radiorevelacionfm.cl\/index.php?rest_route=%2Fwp%2Fv2%2Fcomments&post=13194"}],"version-history":[{"count":2,"href":"https:\/\/radiorevelacionfm.cl\/index.php?rest_route=\/wp\/v2\/posts\/13194\/revisions"}],"predecessor-version":[{"id":13197,"href":"https:\/\/radiorevelacionfm.cl\/index.php?rest_route=\/wp\/v2\/posts\/13194\/revisions\/13197"}],"wp:featuredmedia":[{"embeddable":true,"href":"https:\/\/radiorevelacionfm.cl\/index.php?rest_route=\/wp\/v2\/media\/13195"}],"wp:attachment":[{"href":"https:\/\/radiorevelacionfm.cl\/index.php?rest_route=%2Fwp%2Fv2%2Fmedia&parent=13194"}],"wp:term":[{"taxonomy":"category","embeddable":true,"href":"https:\/\/radiorevelacionfm.cl\/index.php?rest_route=%2Fwp%2Fv2%2Fcategories&post=13194"},{"taxonomy":"post_tag","embeddable":true,"href":"https:\/\/radiorevelacionfm.cl\/index.php?rest_route=%2Fwp%2Fv2%2Ftags&post=13194"}],"curies":[{"name":"wp","href":"https:\/\/api.w.org\/{rel}","templated":true}]}}