{"id":13178,"date":"2022-01-24T21:59:05","date_gmt":"2022-01-25T00:59:05","guid":{"rendered":"https:\/\/radiorevelacionfm.cl\/?p=13178"},"modified":"2022-01-24T21:59:05","modified_gmt":"2022-01-25T00:59:05","slug":"casi-10-mil-condenas-por-diversos-delitos-ha-logrado-la-fiscalia-de-aysen-en-4-anos-de-gestion","status":"publish","type":"post","link":"https:\/\/radiorevelacionfm.cl\/?p=13178","title":{"rendered":"Casi 10 mil condenas por diversos delitos, ha logrado la Fiscal\u00eda de Ays\u00e9n en 4 a\u00f1os de gesti\u00f3n"},"content":{"rendered":"<div class=\"flex_column av_one_full  flex_column_div av-zero-column-padding first  avia-builder-el-0  el_before_av_one_full  avia-builder-el-first  \" style='border-radius:0px; '><div  class='avia-image-container  av-styling-    avia-builder-el-1  avia-builder-el-no-sibling  avia-align-center '  itemprop=\"image\" itemscope=\"itemscope\" itemtype=\"https:\/\/schema.org\/ImageObject\"  ><div class='avia-image-container-inner'><div class='avia-image-overlay-wrap'><img decoding=\"async\" class='wp-image-13179 avia-img-lazy-loading-not-13179 avia_image' src=\"https:\/\/radiorevelacionfm.cl\/wp-content\/uploads\/2022\/01\/Fiscalia-Aysen-1-1.jpg\" alt='' title='Fiscalia Aysen (1) (1)' height=\"600\" width=\"899\"  itemprop=\"thumbnailUrl\" srcset=\"https:\/\/radiorevelacionfm.cl\/wp-content\/uploads\/2022\/01\/Fiscalia-Aysen-1-1.jpg 899w, https:\/\/radiorevelacionfm.cl\/wp-content\/uploads\/2022\/01\/Fiscalia-Aysen-1-1-300x200.jpg 300w, https:\/\/radiorevelacionfm.cl\/wp-content\/uploads\/2022\/01\/Fiscalia-Aysen-1-1-768x513.jpg 768w, https:\/\/radiorevelacionfm.cl\/wp-content\/uploads\/2022\/01\/Fiscalia-Aysen-1-1-705x471.jpg 705w, https:\/\/radiorevelacionfm.cl\/wp-content\/uploads\/2022\/01\/Fiscalia-Aysen-1-1-600x400.jpg 600w\" sizes=\"(max-width: 899px) 100vw, 899px\" \/><\/div><\/div><\/div><\/div><div class=\"flex_column av_one_full  flex_column_div av-zero-column-padding first  avia-builder-el-2  el_after_av_one_full  el_before_av_one_full  column-top-margin\" style='border-radius:0px; '><section class=\"av_textblock_section \"  itemscope=\"itemscope\" itemtype=\"https:\/\/schema.org\/BlogPosting\" itemprop=\"blogPost\" ><div class='avia_textblock  '   itemprop=\"text\" ><p style=\"text-align: center;\"><strong><span style=\"font-size: 18pt;\">Casi 10 mil condenas por diversos delitos, ha logrado la Fiscal\u00eda de Ays\u00e9n en 4 a\u00f1os de gesti\u00f3n<\/span><\/strong><\/p>\n<div id=\"gtx-trans\" style=\"position: absolute; left: -50px; top: 4.31534px;\">\n<div class=\"gtx-trans-icon\"><\/div>\n<\/div>\n<\/div><\/section><\/div><div class=\"flex_column av_one_full  flex_column_div av-zero-column-padding first  avia-builder-el-4  el_after_av_one_full  el_before_av_hr  column-top-margin\" style='border-radius:0px; '><section class=\"av_textblock_section \"  itemscope=\"itemscope\" itemtype=\"https:\/\/schema.org\/BlogPosting\" itemprop=\"blogPost\" ><div class='avia_textblock  '   itemprop=\"text\" ><p style=\"text-align: justify;\">\u201cEl Fiscal Palma ha dado cuenta de los resultados, que son los mejores del pa\u00eds en pr\u00e1cticamente todos los indicadores y en consecuencia, vaya para todo el equipo de la Fiscal\u00eda Regional de Ays\u00e9n, sus directivos, funcionarios, fiscales, funcionarias y funcionarios, nuestras felicitaciones; realmente han hecho un gran trabajo, lo mismo con el trabajo que en los \u00faltimos cuatro a\u00f1o ha hecho el Fiscal Regional\u201d. De esta forma, el Fiscal Nacional, Jorge Abbott, calific\u00f3 el trabajo efectuado por el Ministerio P\u00fablico en la regi\u00f3n de Ays\u00e9n, durante el 2021 y los \u00faltimos 4 a\u00f1os de administraci\u00f3n del fiscal Carlos Palma, en el marco de la cuenta p\u00fablica efectuada este viernes en el auditorio del Museo Regional en Coyhaique.<\/p>\n<p style=\"text-align: justify;\">Es as\u00ed que, en este evento de car\u00e1cter p\u00fablico, se inform\u00f3 que el Ministerio P\u00fablico ha obtenido m\u00e1s de 9.784 condenas ante los Tribunales de Justicia, en los 4 a\u00f1os de gesti\u00f3n del Fiscal Palma, de las cuales 2.313 fueron obtenidas el a\u00f1o 2021.<\/p>\n<p style=\"text-align: justify;\">La principal autoridad del Ministerio P\u00fablico en Ays\u00e9n, efectu\u00f3 un detallado an\u00e1lisis del trabajo de la entidad encargada de investigar los delitos, en su cuenta p\u00fablica anual efectuada este viernes, con la presencia de las principales autoridades de la regi\u00f3n, representantes de la comunidad, fiscales y polic\u00edas.<\/p>\n<p style=\"text-align: justify;\">\u201cHa sido constante de esta administraci\u00f3n, aumentar el n\u00famero de sentencias condenatorias que, sin duda, es el m\u00e1s alto est\u00e1ndar de t\u00e9rmino en el sistema de justicia penal\u201d, explic\u00f3 Carlos Palma, quien ha liderado -entre otras- el denominado caso Hurac\u00e1n, FAM y la investigaci\u00f3n por corrupci\u00f3n, detectada y sancionada en el municipio de Guaitecas.<\/p>\n<p style=\"text-align: justify;\">IMPUTADOS<\/p>\n<p style=\"text-align: justify;\">En relaci\u00f3n a las y los imputados que han recibido una sentencia por parte de los Tribunales, el Fiscal Regional explic\u00f3 que m\u00e1s de 5.901 personas han sido condenadas en estos 4 a\u00f1os de gesti\u00f3n.<\/p>\n<p style=\"text-align: justify;\">El a\u00f1o reci\u00e9n pasado, 1.629 personas fueron sentenciadas por diversos il\u00edcitos, producto del trabajo de investigaci\u00f3n y persecuci\u00f3n penal que despliega el Ministerio P\u00fablico junto a Carabineros, Polic\u00eda de Investigaciones y organismos como el Servicio M\u00e9dico Legal, Servicio de Salud, entre otros.<\/p>\n<p style=\"text-align: justify;\">MENOS ARCHIVOS PROVISIONALES<\/p>\n<p style=\"text-align: justify;\">\u201cMejorar la calidad de la persecuci\u00f3n penal se traduce, entre otros aspectos, en reducir al m\u00ednimo los archivos provisionales de las causas\u201d, expres\u00f3 el Fiscal Regional.<\/p>\n<p style=\"text-align: justify;\">Es as\u00ed que el a\u00f1o 2021, el Ministerio P\u00fablico en la regi\u00f3n de Ays\u00e9n registr\u00f3 el menor nivel de archivos provisionales del pa\u00eds, con solo el 21 % del total de las causas terminadas. El promedio en Chile es de 44%.<\/p>\n<p style=\"text-align: justify;\">Durante los \u00faltimos 4 a\u00f1os de administraci\u00f3n, los archivos provisionales tuvieron una media del 25,6% en la regi\u00f3n.\u00a0 \u201cHemos ido disminuyendo considerablemente esta cifra con el paso de los a\u00f1os, y en el a\u00f1o 2021, obtuvimos la menor cantidad porcentual de archivos provisionales en toda la historia de la Regi\u00f3n. La Fiscal\u00eda de la Regi\u00f3n de Ays\u00e9n ha mejorado sustancialmente la calidad de sus investigaciones\u201d, dijo Palma.<\/p>\n<p style=\"text-align: justify;\">T\u00c9RMINOS Y DENUNCIAS<\/p>\n<p style=\"text-align: justify;\">En cuanto a los t\u00e9rminos judiciales, el Ministerio P\u00fablico de Ays\u00e9n es, por cuarto a\u00f1o consecutivo, la Fiscal\u00eda que tiene los mejores resultados de Chile en la materia.<\/p>\n<p style=\"text-align: justify;\">El 70% del total de los casos de la regi\u00f3n tuvieron un t\u00e9rmino judicial, superando largamente el promedio nacional que lleg\u00f3 al 45 %. Son 25 puntos porcentuales m\u00e1s que el promedio de todas las Fiscal\u00edas del pa\u00eds.<\/p>\n<p style=\"text-align: justify;\">El 19% de los t\u00e9rminos judiciales correspondi\u00f3 a salidas alternativas: suspensiones condicionales y acuerdos reparatorios.<\/p>\n<p style=\"text-align: justify;\">DELITOS<\/p>\n<p style=\"text-align: justify;\">Asimismo, se detall\u00f3 que en los cuatro a\u00f1os de gesti\u00f3n actuales, se han recepcionado y tramitado m\u00e1s de 37.797 denuncias, por diversos delitos.<\/p>\n<p style=\"text-align: justify;\">En el a\u00f1o 2021, ingresaron m\u00e1s de 9.026 casos, compuestos principalmente por hechos relacionados con lesiones leves y lesiones menos graves con un 13%; amenazas contra personas con un 12%; delitos de la ley de tr\u00e1nsito con un 9%; delitos econ\u00f3micos asociados principalmente a estafas con un 9%; da\u00f1os contra la propiedad con un 9% y hurtos, con un 4%.<\/p>\n<\/div><\/section><\/div><div  style='height:50px' class='hr hr-invisible   avia-builder-el-6  el_after_av_one_full  el_before_av_social_share '><span class='hr-inner ' ><span class='hr-inner-style'><\/span><\/span><\/div><\/p>\n<div  class='av-social-sharing-box  avia-builder-el-7  el_after_av_hr  el_before_av_hr  '><div class='av-share-box'><h5 class='av-share-link-description av-no-toc '>Compartir esta noticia<\/h5><ul class='av-share-box-list noLightbox'><li class='av-share-link av-social-link-facebook' ><a target=\"_blank\" aria-label=\"Compartir en Facebook\" href='https:\/\/www.facebook.com\/sharer.php?u=https:\/\/radiorevelacionfm.cl\/?p=13178&#038;t=Casi%2010%20mil%20condenas%20por%20diversos%20delitos%2C%20ha%20logrado%20la%20Fiscal%C3%ADa%20de%20Ays%C3%A9n%20en%204%20a%C3%B1os%20de%20gesti%C3%B3n' aria-hidden='false' data-av_icon='\ue8f3' data-av_iconfont='entypo-fontello' title='' data-avia-related-tooltip='Compartir en Facebook' rel=\"noopener\"><span class='avia_hidden_link_text'>Compartir en Facebook<\/span><\/a><\/li><li class='av-share-link av-social-link-twitter' ><a target=\"_blank\" aria-label=\"Compartir en Twitter\" href='https:\/\/twitter.com\/share?text=Casi%2010%20mil%20condenas%20por%20diversos%20delitos%2C%20ha%20logrado%20la%20Fiscal%C3%ADa%20de%20Ays%C3%A9n%20en%204%20a%C3%B1os%20de%20gesti%C3%B3n&#038;url=https:\/\/radiorevelacionfm.cl\/?p=13178' aria-hidden='false' data-av_icon='\ue8f1' data-av_iconfont='entypo-fontello' title='' data-avia-related-tooltip='Compartir en Twitter' rel=\"noopener\"><span class='avia_hidden_link_text'>Compartir en Twitter<\/span><\/a><\/li><li class='av-share-link av-social-link-whatsapp' ><a target=\"_blank\" aria-label=\"Compartir en Whatsapp\" href='https:\/\/api.whatsapp.com\/send?text=https:\/\/radiorevelacionfm.cl\/?p=13178' aria-hidden='false' data-av_icon='\uf232' data-av_iconfont='entypo-fontello' title='' data-avia-related-tooltip='Compartir en Whatsapp' rel=\"noopener\"><span class='avia_hidden_link_text'>Compartir en Whatsapp<\/span><\/a><\/li><li class='av-share-link av-social-link-linkedin' ><a target=\"_blank\" aria-label=\"Compartir en LinkedIn\" href='https:\/\/linkedin.com\/shareArticle?mini=true&#038;title=Casi%2010%20mil%20condenas%20por%20diversos%20delitos%2C%20ha%20logrado%20la%20Fiscal%C3%ADa%20de%20Ays%C3%A9n%20en%204%20a%C3%B1os%20de%20gesti%C3%B3n&#038;url=https:\/\/radiorevelacionfm.cl\/?p=13178' aria-hidden='false' data-av_icon='\ue8fc' data-av_iconfont='entypo-fontello' title='' data-avia-related-tooltip='Compartir en LinkedIn' rel=\"noopener\"><span class='avia_hidden_link_text'>Compartir en LinkedIn<\/span><\/a><\/li><li class='av-share-link av-social-link-mail' ><a  aria-label=\"Compartir por correo\" href='mailto:?subject=Casi%2010%20mil%20condenas%20por%20diversos%20delitos%2C%20ha%20logrado%20la%20Fiscal%C3%ADa%20de%20Ays%C3%A9n%20en%204%20a%C3%B1os%20de%20gesti%C3%B3n&#038;body=https:\/\/radiorevelacionfm.cl\/?p=13178' aria-hidden='false' data-av_icon='\ue805' data-av_iconfont='entypo-fontello' title='' data-avia-related-tooltip='Compartir por correo'><span class='avia_hidden_link_text'>Compartir por correo<\/span><\/a><\/li><\/ul><\/div><\/div>\n<div  style='height:50px' class='hr hr-invisible   avia-builder-el-8  el_after_av_social_share  el_before_av_comments_list '><span class='hr-inner ' ><span class='hr-inner-style'><\/span><\/span><\/div>\n<div  class='av-buildercomment  av-blog-meta-html-info-disabled av-blog-meta-tag-disabled  '><\/div>\n","protected":false},"excerpt":{"rendered":"","protected":false},"author":1,"featured_media":13179,"comment_status":"open","ping_status":"open","sticky":false,"template":"","format":"standard","meta":{"footnotes":""},"categories":[55],"tags":[],"class_list":["post-13178","post","type-post","status-publish","format-standard","has-post-thumbnail","hentry","category-justicia"],"jetpack_featured_media_url":"https:\/\/radiorevelacionfm.cl\/wp-content\/uploads\/2022\/01\/Fiscalia-Aysen-1-1.jpg","_links":{"self":[{"href":"https:\/\/radiorevelacionfm.cl\/index.php?rest_route=\/wp\/v2\/posts\/13178","targetHints":{"allow":["GET"]}}],"collection":[{"href":"https:\/\/radiorevelacionfm.cl\/index.php?rest_route=\/wp\/v2\/posts"}],"about":[{"href":"https:\/\/radiorevelacionfm.cl\/index.php?rest_route=\/wp\/v2\/types\/post"}],"author":[{"embeddable":true,"href":"https:\/\/radiorevelacionfm.cl\/index.php?rest_route=\/wp\/v2\/users\/1"}],"replies":[{"embeddable":true,"href":"https:\/\/radiorevelacionfm.cl\/index.php?rest_route=%2Fwp%2Fv2%2Fcomments&post=13178"}],"version-history":[{"count":2,"href":"https:\/\/radiorevelacionfm.cl\/index.php?rest_route=\/wp\/v2\/posts\/13178\/revisions"}],"predecessor-version":[{"id":13181,"href":"https:\/\/radiorevelacionfm.cl\/index.php?rest_route=\/wp\/v2\/posts\/13178\/revisions\/13181"}],"wp:featuredmedia":[{"embeddable":true,"href":"https:\/\/radiorevelacionfm.cl\/index.php?rest_route=\/wp\/v2\/media\/13179"}],"wp:attachment":[{"href":"https:\/\/radiorevelacionfm.cl\/index.php?rest_route=%2Fwp%2Fv2%2Fmedia&parent=13178"}],"wp:term":[{"taxonomy":"category","embeddable":true,"href":"https:\/\/radiorevelacionfm.cl\/index.php?rest_route=%2Fwp%2Fv2%2Fcategories&post=13178"},{"taxonomy":"post_tag","embeddable":true,"href":"https:\/\/radiorevelacionfm.cl\/index.php?rest_route=%2Fwp%2Fv2%2Ftags&post=13178"}],"curies":[{"name":"wp","href":"https:\/\/api.w.org\/{rel}","templated":true}]}}