{"id":13175,"date":"2022-01-25T09:20:36","date_gmt":"2022-01-25T12:20:36","guid":{"rendered":"https:\/\/radiorevelacionfm.cl\/?p=13175"},"modified":"2022-01-25T09:20:36","modified_gmt":"2022-01-25T12:20:36","slug":"alcalde-uribe-se-reunio-con-organizaciones-sociales-de-villa-manihuales-para-revisar-desafios-de-trabajo","status":"publish","type":"post","link":"https:\/\/radiorevelacionfm.cl\/?p=13175","title":{"rendered":"Alcalde Uribe se reuni\u00f3 con organizaciones sociales de Villa Ma\u00f1ihuales para revisar desaf\u00edos de trabajo"},"content":{"rendered":"<div class=\"flex_column av_one_full  flex_column_div av-zero-column-padding first  avia-builder-el-0  el_before_av_one_full  avia-builder-el-first  \" style='border-radius:0px; '><div  class='avia-image-container  av-styling-    avia-builder-el-1  avia-builder-el-no-sibling  avia-align-center '  itemprop=\"image\" itemscope=\"itemscope\" itemtype=\"https:\/\/schema.org\/ImageObject\"  ><div class='avia-image-container-inner'><div class='avia-image-overlay-wrap'><img decoding=\"async\" class='wp-image-13176 avia-img-lazy-loading-not-13176 avia_image' src=\"https:\/\/radiorevelacionfm.cl\/wp-content\/uploads\/2022\/01\/img-VM-Muniaysen1-1-1.jpeg\" alt='' title='img-VM-Muniaysen1 (1) (1)' height=\"600\" width=\"800\"  itemprop=\"thumbnailUrl\" srcset=\"https:\/\/radiorevelacionfm.cl\/wp-content\/uploads\/2022\/01\/img-VM-Muniaysen1-1-1.jpeg 800w, https:\/\/radiorevelacionfm.cl\/wp-content\/uploads\/2022\/01\/img-VM-Muniaysen1-1-1-300x225.jpeg 300w, https:\/\/radiorevelacionfm.cl\/wp-content\/uploads\/2022\/01\/img-VM-Muniaysen1-1-1-768x576.jpeg 768w, https:\/\/radiorevelacionfm.cl\/wp-content\/uploads\/2022\/01\/img-VM-Muniaysen1-1-1-705x529.jpeg 705w, https:\/\/radiorevelacionfm.cl\/wp-content\/uploads\/2022\/01\/img-VM-Muniaysen1-1-1-600x450.jpeg 600w\" sizes=\"(max-width: 800px) 100vw, 800px\" \/><\/div><\/div><\/div><\/div><div class=\"flex_column av_one_full  flex_column_div av-zero-column-padding first  avia-builder-el-2  el_after_av_one_full  el_before_av_one_full  column-top-margin\" style='border-radius:0px; '><section class=\"av_textblock_section \"  itemscope=\"itemscope\" itemtype=\"https:\/\/schema.org\/BlogPosting\" itemprop=\"blogPost\" ><div class='avia_textblock  '   itemprop=\"text\" ><p style=\"text-align: center;\"><strong><span style=\"font-size: 18pt;\">Alcalde Uribe se reuni\u00f3 con organizaciones sociales de Villa Ma\u00f1ihuales para revisar desaf\u00edos de trabajo<\/span><\/strong><\/p>\n<div id=\"gtx-trans\" style=\"position: absolute; left: -50px; top: 4.31534px;\">\n<div class=\"gtx-trans-icon\"><\/div>\n<\/div>\n<\/div><\/section><\/div><div class=\"flex_column av_one_full  flex_column_div av-zero-column-padding first  avia-builder-el-4  el_after_av_one_full  el_before_av_hr  column-top-margin\" style='border-radius:0px; '><section class=\"av_textblock_section \"  itemscope=\"itemscope\" itemtype=\"https:\/\/schema.org\/BlogPosting\" itemprop=\"blogPost\" ><div class='avia_textblock  '   itemprop=\"text\" ><p style=\"text-align: justify;\">M\u00e1s de una decena de representantes de organizaciones sociales se dieron cita en la Sede del sector La Chacra en Villa Ma\u00f1ihuales para abordar junto a la Ilustre Municipalidad de Ays\u00e9n, representada en su alcalde, Julio Uribe Alvarado, distintas materias que permitan fortalecer el trabajo con las organizaciones territoriales y funcionales. En este sentido, la reformulaci\u00f3n generada por la Direcci\u00f3n de Desarrollo Comunitario de la Unidad de Organizaciones Comunitarias es clave para llevar adelante este proceso que pretende brindar mayores prestaciones directas para capacitar y acompa\u00f1ar la labor dirigencial en el territorio.<\/p>\n<p style=\"text-align: justify;\">En este sentido, la primera autoridad comunal, Julio Uribe Alvarado, destac\u00f3 el marco de p\u00fablico congregado en torno a las organizaciones sociales de la Villa. \u201cEl trabajo que est\u00e1 haciendo Dideco, organizaciones comunitarias en las localidades es impresionante, as\u00ed que agradecer esta instancia en que los vecinos se sueltan, cuentan todos sus problemas y que el municipio esta cien por ciento disponible para colaborar en las soluciones de todas las problem\u00e1ticas\u201d.<\/p>\n<p style=\"text-align: justify;\">Varias fueron las tem\u00e1ticas abordadas en la instancia, entre ellas, la que afecta a los vecinos del sector de Pasarela Cifuentes, quienes a trav\u00e9s de su tesorero, Florencio Bilbao, denunciaron el estado actual de la infraestructura \u201cya cumpli\u00f3 sus a\u00f1os de vida, su vida \u00fatil, entonces que es lo que va a pasar cuando se caiga la pasarela vamos a quedar aislados y no tenemos ni una solucionar por donde pasar\u201d, por lo que el dirigente puntualiz\u00f3 en la importancia de transmitir este mensaje a la autoridad para que \u00e9l pueda articular con los servicios correspondientes alguna v\u00eda de soluci\u00f3n.<\/p>\n<p style=\"text-align: justify;\">Asimismo, H\u00e9ctor Maldonado, Presidente del Club Deportivo San Francisco, quien relev\u00f3 el compromiso expuesto por el municipio en llevar hasta la zona a las personas involucradas en el quehacer de las organizaciones sociales \u201cse hicieron varias consultas. Yo tambi\u00e9n hice una consulta sobre el arreglo de mi directiva, pero encuentro muy bueno estas partes, ojal\u00e1 se siga haciendo m\u00e1s a menudo. Ser\u00eda muy bueno porque si bien es cierto uno aprende muchas cosas que no las sabe y rescatando lo que dicen los profesionales se aprende\u201d. Tras ser consultado, el dirigente inst\u00f3 a sus pares a asistir a las convocatorias que cuenten con la presencia del alcalde y los profesionales de Dideco.<\/p>\n<p style=\"text-align: justify;\">Desde el municipio aysenino, Mar\u00eda Rita Aguilar, profesional de la Unidad de Organizaciones Comunitarias de la Direcci\u00f3n de Desarrollo Comunitario (Dideco) ahond\u00f3 en las materias revisadas durante la jornada, sin dejar de destacar la exitosa convocatoria obtenida. Esto a ra\u00edz, del Plan de Trabajo que posee la administraci\u00f3n de Julio Uribe para acercar el municipio cada vez m\u00e1s a los vecinos y vecinas de los distintos territorios.<\/p>\n<p style=\"text-align: justify;\">Finalmente, la personera municipal, a\u00f1adi\u00f3 que una parte de importante del encuentro fue explicar los beneficios de contar con la vigencia respectiva de las organizaciones para que puedan postular a las distintas iniciativas contempladas para ellos, materia en la cual tambi\u00e9n brindar\u00e1n apoyo. \u201cRecordar que nuestros dirigentes son servidores p\u00fablicos de vocaci\u00f3n, lo digo y lo voy a decir siempre y hay darle el lugar y el sitial que les corresponde. As\u00ed es que, igual estamos presentando a nuestro equipo y el trabajo que queremos realizar con los dirigentes, las capacitaciones, las inducciones que podamos tener con los diferentes organismos que van a estar realizando proyectos\u201d, sentenci\u00f3 Aguilar.<\/p>\n<\/div><\/section><\/div><div  style='height:50px' class='hr hr-invisible   avia-builder-el-6  el_after_av_one_full  el_before_av_social_share '><span class='hr-inner ' ><span class='hr-inner-style'><\/span><\/span><\/div><\/p>\n<div  class='av-social-sharing-box  avia-builder-el-7  el_after_av_hr  el_before_av_hr  '><div class='av-share-box'><h5 class='av-share-link-description av-no-toc '>Compartir esta noticia<\/h5><ul class='av-share-box-list noLightbox'><li class='av-share-link av-social-link-facebook' ><a target=\"_blank\" aria-label=\"Compartir en Facebook\" href='https:\/\/www.facebook.com\/sharer.php?u=https:\/\/radiorevelacionfm.cl\/?p=13175&#038;t=Alcalde%20Uribe%20se%20reuni%C3%B3%20con%20organizaciones%20sociales%20de%20Villa%20Ma%C3%B1ihuales%20para%20revisar%20desaf%C3%ADos%20de%20trabajo' aria-hidden='false' data-av_icon='\ue8f3' data-av_iconfont='entypo-fontello' title='' data-avia-related-tooltip='Compartir en Facebook' rel=\"noopener\"><span class='avia_hidden_link_text'>Compartir en Facebook<\/span><\/a><\/li><li class='av-share-link av-social-link-twitter' ><a target=\"_blank\" aria-label=\"Compartir en Twitter\" href='https:\/\/twitter.com\/share?text=Alcalde%20Uribe%20se%20reuni%C3%B3%20con%20organizaciones%20sociales%20de%20Villa%20Ma%C3%B1ihuales%20para%20revisar%20desaf%C3%ADos%20de%20trabajo&#038;url=https:\/\/radiorevelacionfm.cl\/?p=13175' aria-hidden='false' data-av_icon='\ue8f1' data-av_iconfont='entypo-fontello' title='' data-avia-related-tooltip='Compartir en Twitter' rel=\"noopener\"><span class='avia_hidden_link_text'>Compartir en Twitter<\/span><\/a><\/li><li class='av-share-link av-social-link-whatsapp' ><a target=\"_blank\" aria-label=\"Compartir en Whatsapp\" href='https:\/\/api.whatsapp.com\/send?text=https:\/\/radiorevelacionfm.cl\/?p=13175' aria-hidden='false' data-av_icon='\uf232' data-av_iconfont='entypo-fontello' title='' data-avia-related-tooltip='Compartir en Whatsapp' rel=\"noopener\"><span class='avia_hidden_link_text'>Compartir en Whatsapp<\/span><\/a><\/li><li class='av-share-link av-social-link-linkedin' ><a target=\"_blank\" aria-label=\"Compartir en LinkedIn\" href='https:\/\/linkedin.com\/shareArticle?mini=true&#038;title=Alcalde%20Uribe%20se%20reuni%C3%B3%20con%20organizaciones%20sociales%20de%20Villa%20Ma%C3%B1ihuales%20para%20revisar%20desaf%C3%ADos%20de%20trabajo&#038;url=https:\/\/radiorevelacionfm.cl\/?p=13175' aria-hidden='false' data-av_icon='\ue8fc' data-av_iconfont='entypo-fontello' title='' data-avia-related-tooltip='Compartir en LinkedIn' rel=\"noopener\"><span class='avia_hidden_link_text'>Compartir en LinkedIn<\/span><\/a><\/li><li class='av-share-link av-social-link-mail' ><a  aria-label=\"Compartir por correo\" href='mailto:?subject=Alcalde%20Uribe%20se%20reuni%C3%B3%20con%20organizaciones%20sociales%20de%20Villa%20Ma%C3%B1ihuales%20para%20revisar%20desaf%C3%ADos%20de%20trabajo&#038;body=https:\/\/radiorevelacionfm.cl\/?p=13175' aria-hidden='false' data-av_icon='\ue805' data-av_iconfont='entypo-fontello' title='' data-avia-related-tooltip='Compartir por correo'><span class='avia_hidden_link_text'>Compartir por correo<\/span><\/a><\/li><\/ul><\/div><\/div>\n<div  style='height:50px' class='hr hr-invisible   avia-builder-el-8  el_after_av_social_share  el_before_av_comments_list '><span class='hr-inner ' ><span class='hr-inner-style'><\/span><\/span><\/div>\n<div  class='av-buildercomment  av-blog-meta-html-info-disabled av-blog-meta-tag-disabled  '><\/div>\n","protected":false},"excerpt":{"rendered":"","protected":false},"author":1,"featured_media":13176,"comment_status":"open","ping_status":"open","sticky":false,"template":"","format":"standard","meta":{"footnotes":""},"categories":[38],"tags":[],"class_list":["post-13175","post","type-post","status-publish","format-standard","has-post-thumbnail","hentry","category-regional"],"jetpack_featured_media_url":"https:\/\/radiorevelacionfm.cl\/wp-content\/uploads\/2022\/01\/img-VM-Muniaysen1-1-1.jpeg","_links":{"self":[{"href":"https:\/\/radiorevelacionfm.cl\/index.php?rest_route=\/wp\/v2\/posts\/13175","targetHints":{"allow":["GET"]}}],"collection":[{"href":"https:\/\/radiorevelacionfm.cl\/index.php?rest_route=\/wp\/v2\/posts"}],"about":[{"href":"https:\/\/radiorevelacionfm.cl\/index.php?rest_route=\/wp\/v2\/types\/post"}],"author":[{"embeddable":true,"href":"https:\/\/radiorevelacionfm.cl\/index.php?rest_route=\/wp\/v2\/users\/1"}],"replies":[{"embeddable":true,"href":"https:\/\/radiorevelacionfm.cl\/index.php?rest_route=%2Fwp%2Fv2%2Fcomments&post=13175"}],"version-history":[{"count":2,"href":"https:\/\/radiorevelacionfm.cl\/index.php?rest_route=\/wp\/v2\/posts\/13175\/revisions"}],"predecessor-version":[{"id":13191,"href":"https:\/\/radiorevelacionfm.cl\/index.php?rest_route=\/wp\/v2\/posts\/13175\/revisions\/13191"}],"wp:featuredmedia":[{"embeddable":true,"href":"https:\/\/radiorevelacionfm.cl\/index.php?rest_route=\/wp\/v2\/media\/13176"}],"wp:attachment":[{"href":"https:\/\/radiorevelacionfm.cl\/index.php?rest_route=%2Fwp%2Fv2%2Fmedia&parent=13175"}],"wp:term":[{"taxonomy":"category","embeddable":true,"href":"https:\/\/radiorevelacionfm.cl\/index.php?rest_route=%2Fwp%2Fv2%2Fcategories&post=13175"},{"taxonomy":"post_tag","embeddable":true,"href":"https:\/\/radiorevelacionfm.cl\/index.php?rest_route=%2Fwp%2Fv2%2Ftags&post=13175"}],"curies":[{"name":"wp","href":"https:\/\/api.w.org\/{rel}","templated":true}]}}