{"id":13173,"date":"2022-01-25T10:21:34","date_gmt":"2022-01-25T13:21:34","guid":{"rendered":"https:\/\/radiorevelacionfm.cl\/?p=13173"},"modified":"2022-01-25T10:21:34","modified_gmt":"2022-01-25T13:21:34","slug":"ley-de-proteccion-de-glaciares-ad-portas-de-ser-aprobada-por-comision-de-constitucion-del-senado","status":"publish","type":"post","link":"https:\/\/radiorevelacionfm.cl\/?p=13173","title":{"rendered":"Ley de protecci\u00f3n de glaciares ad portas de ser aprobada por Comisi\u00f3n de Constituci\u00f3n del Senado"},"content":{"rendered":"<div class=\"flex_column av_one_full  flex_column_div av-zero-column-padding first  avia-builder-el-0  el_before_av_one_full  avia-builder-el-first  \" style='border-radius:0px; '><div  class='avia-image-container  av-styling-    avia-builder-el-1  avia-builder-el-no-sibling  avia-align-center '  itemprop=\"image\" itemscope=\"itemscope\" itemtype=\"https:\/\/schema.org\/ImageObject\"  ><div class='avia-image-container-inner'><div class='avia-image-overlay-wrap'><img decoding=\"async\" class='wp-image-7234 avia-img-lazy-loading-not-7234 avia_image' src=\"https:\/\/radiorevelacionfm.cl\/wp-content\/uploads\/2021\/08\/glaciares1-1_optimized.jpg\" alt='' title='glaciares1-(1)_optimized' height=\"600\" width=\"1067\"  itemprop=\"thumbnailUrl\" srcset=\"https:\/\/radiorevelacionfm.cl\/wp-content\/uploads\/2021\/08\/glaciares1-1_optimized.jpg 1067w, https:\/\/radiorevelacionfm.cl\/wp-content\/uploads\/2021\/08\/glaciares1-1_optimized-300x169.jpg 300w, https:\/\/radiorevelacionfm.cl\/wp-content\/uploads\/2021\/08\/glaciares1-1_optimized-1030x579.jpg 1030w, https:\/\/radiorevelacionfm.cl\/wp-content\/uploads\/2021\/08\/glaciares1-1_optimized-768x432.jpg 768w, https:\/\/radiorevelacionfm.cl\/wp-content\/uploads\/2021\/08\/glaciares1-1_optimized-705x396.jpg 705w, https:\/\/radiorevelacionfm.cl\/wp-content\/uploads\/2021\/08\/glaciares1-1_optimized-600x337.jpg 600w\" sizes=\"(max-width: 1067px) 100vw, 1067px\" \/><\/div><\/div><\/div><\/div><div class=\"flex_column av_one_full  flex_column_div av-zero-column-padding first  avia-builder-el-2  el_after_av_one_full  el_before_av_one_full  column-top-margin\" style='border-radius:0px; '><section class=\"av_textblock_section \"  itemscope=\"itemscope\" itemtype=\"https:\/\/schema.org\/BlogPosting\" itemprop=\"blogPost\" ><div class='avia_textblock  '   itemprop=\"text\" ><p style=\"text-align: center;\"><span style=\"font-size: 18pt;\"><b><span lang=\"ES\">Ley de protecci\u00f3n de glaciares ad portas de ser aprobada por Comisi\u00f3n de Constituci\u00f3n del Senado<\/span><\/b><\/span><\/p>\n<div id=\"gtx-trans\" style=\"position: absolute; left: -50px; top: 4.31534px;\">\n<div class=\"gtx-trans-icon\"><\/div>\n<\/div>\n<\/div><\/section><\/div><div class=\"flex_column av_one_full  flex_column_div av-zero-column-padding first  avia-builder-el-4  el_after_av_one_full  el_before_av_hr  column-top-margin\" style='border-radius:0px; '><section class=\"av_textblock_section \"  itemscope=\"itemscope\" itemtype=\"https:\/\/schema.org\/BlogPosting\" itemprop=\"blogPost\" ><div class='avia_textblock  '   itemprop=\"text\" ><p class=\"v1MsoNormal\" style=\"text-align: justify;\"><span lang=\"ES\">Un r\u00e1pido avance ha tenido la votaci\u00f3n del proyecto que busca proteger los glaciares, actualmente radicado en la Comisi\u00f3n de Medio Ambiente del Senado. Bajo la conducci\u00f3n de la senadora de Ays\u00e9n Ximena \u00d3rdenes Neira (PPD), la iniciativa ha ido aprob\u00e1ndose en consecutivas sesiones luego de las modificaciones incorporadas en la Comisi\u00f3n de Miner\u00eda y Energ\u00eda.<\/span><\/p>\n<p class=\"v1MsoNormal\" style=\"text-align: justify;\"><span lang=\"ES\">El objetivo de la parlamentaria es despachar a sala el proyecto esta semana, previo a la semana distrital y el receso legislativo de febrero.\u00a0<span class=\"v1gmail-Apple-converted-space\">\u00a0<\/span>Y de esta forma que en el mes de marzo, y antes del cambio de gobierno y de la renovaci\u00f3n de gran parte del Congreso, supere el primer tr\u00e1mite constitucional. Etapa que hasta hoy no ha traspasado ning\u00fan otro proyecto de protecci\u00f3n de glaciares.<\/span><\/p>\n<p class=\"v1MsoNormal\" style=\"text-align: justify;\"><b><span lang=\"ES\">La discusi\u00f3n<\/span><\/b><\/p>\n<p class=\"v1MsoNormal\" style=\"text-align: justify;\"><span lang=\"ES\">Una parte importante del debate se ha concentrado en la definici\u00f3n de las \u00e1reas que rodean los glaciares. Han sido tres los conceptos en disputa: ambiente periglaciar, entorno glaciar y cuenca glaciar, como \u00e1rea f\u00edsica intermedia entre el \u00abglaciar\u00bb y el \u00abpermafrost\u00bb.<\/span><\/p>\n<p class=\"v1MsoNormal\" style=\"text-align: justify;\"><span lang=\"ES\">La figura de \u00abambiente periglaciar\u00bb fue desechada dentro de esta discusi\u00f3n, abogando el Ejecutivo y senadores oficialistas por el concepto de \u00abcuenca glaciar\u00bb. La diferencia, a fin de cuentas, alude a la superficie que se considerar\u00e1 como \u00e1rea buffer asociada a los glaciares y que se entiende tambi\u00e9n debiera ser protegida.\u00a0<\/span><\/p>\n<p class=\"v1MsoNormal\" style=\"text-align: justify;\"><span lang=\"ES\">\u00abCuenca glaciar\u00bb es m\u00e1s restrictiva que las otras definiciones, al considerar fundamentalmente condicionantes hidrol\u00f3gicas, mientras que \u00abambiente periglaciar\u00bb para algunos era menos precisa y demasiado amplia.\u00a0<span class=\"v1gmail-Apple-converted-space\">\u00a0<\/span>A trav\u00e9s de acuerdos entre las senadoras \u00d3rdenes e Isabel Allende Bussi (PS), quienes junto a Guido Girardi Lav\u00edn (PPD) son las<span class=\"v1gmail-Apple-converted-space\">\u00a0<\/span><a href=\"https:\/\/www.senado.cl\/appsenado\/templates\/tramitacion\/index.php?boletin_ini=11876-12\" target=\"_blank\" rel=\"noopener noreferrer\">autoras del proyecto<\/a>, se ha complementado la figura intermedia con la idea de \u00abentorno glaciar\u00bb. Es as\u00ed que la definici\u00f3n de \u00abcuenca glaciar\u00bb qued\u00f3 como \u00abel \u00e1rea comprendida desde el l\u00edmite inferior del frente del glaciar o desde su talud frontal o de la morrena adosada a dicho frente, y en los m\u00e1rgenes y cabecera del glaciar, por la l\u00ednea de cumbres o divisorias topogr\u00e1ficas o divisorias de hielo, que drenen aguas hacia el glaciar y su frente, que se encuentra dentro del entorno glaciar\u00bb.<\/span><\/p>\n<p class=\"v1MsoNormal\" style=\"text-align: justify;\"><span lang=\"ES\">Otro intercambio de fondo es la forma de protecci\u00f3n del entorno glaciar y el permafrost: caso a caso (sometido al Sistema de Evaluaci\u00f3n de Impacto Ambiental -SEIA- por proyectos espec\u00edficos) o mediante prohibiciones generales con acotadas y reguladas excepciones. Desde la Comisi\u00f3n de Miner\u00eda y Energ\u00eda sali\u00f3 un texto que permit\u00eda que el \u00abambiente periglaciar\u00bb (que hoy se denomina \u00abentorno glaciar\u00bb) pueda ser intervenido previa tramitaci\u00f3n en un SEIA \u00abreforzado\u00bb. Esta idea se mantuvo, aunque est\u00e1 pendiente que en el caso de ingresar a an\u00e1lisis, independiente de la figura de estudio o declaraci\u00f3n, tenga participaci\u00f3n ciudadana obligatoria.<\/span><\/p>\n<p class=\"v1MsoNormal\" style=\"text-align: justify;\"><span lang=\"ES\">Junto con estos aspectos, queda pendiente la calidad jur\u00eddica del glaciar, en el sentido de si es bien nacional de uso p\u00fablico o bien com<\/span><span lang=\"X-NONE\">\u00fan<\/span><span lang=\"ES\">, debate que concentrar\u00e1 la pr\u00f3xima sesi\u00f3n.\u00a0Asimismo, el texto incluir\u00e1 la protecci\u00f3n del subsuelo en el<span class=\"v1gmail-Apple-converted-space\">\u00a0<\/span><\/span><span lang=\"X-NONE\">\u00e1<\/span><span lang=\"ES\">rea de los glaciares, considerando que es parte fundamental del soporte de<span class=\"v1gmail-Apple-converted-space\">\u00a0<\/span><\/span><span lang=\"X-NONE\">\u00e9stos<\/span><span lang=\"ES\">, como asimismo de las aguas superficiales y subterr<\/span><span lang=\"X-NONE\">\u00e1<\/span><span lang=\"ES\">neas que estos aportan a las cuencas, y cuyo impacto puede afectar estas importantes fuentes de agua dulce.<\/span><\/p>\n<p class=\"v1MsoNormal\" style=\"text-align: justify;\"><span lang=\"ES\">La pr\u00f3xima sesi\u00f3n ser\u00e1 hoy lunes 24 de enero desde las 17:00 horas, ocasi\u00f3n para la cual se ha convocado a representantes del Programa Hidrol\u00f3gico Intergubernamental de la Unesco y del Panel Independiente de Investigadores en Ciencias de la Cri\u00f3sfera.\u00a0<span class=\"v1gmail-Apple-converted-space\">\u00a0<\/span><\/span><\/p>\n<p class=\"v1MsoNormal\" style=\"text-align: justify;\"><span lang=\"ES\">Sin embargo, su realizaci<\/span><span lang=\"X-NONE\">\u00f3n se ha puesto en duda por la votaci\u00f3n en sala, hasta total despacho, de la Pensi\u00f3n Garantizada Universal.<\/span><\/p>\n<p class=\"v1MsoNormal\" style=\"text-align: justify;\"><span lang=\"ES\">Integran la Comisi\u00f3n de Medio Ambiente del Senado, adem\u00e1s de las senadoras \u00d3rdenes y Allende, sus colegas Alfonso de Urresti Longton (PS), Jos\u00e9 Miguel Durana Semir (UDI) y Rafael Prohens Espinosa (RN).<\/span><\/p>\n<\/div><\/section><\/div><div  style='height:50px' class='hr hr-invisible   avia-builder-el-6  el_after_av_one_full  el_before_av_social_share '><span class='hr-inner ' ><span class='hr-inner-style'><\/span><\/span><\/div><\/p>\n<div  class='av-social-sharing-box  avia-builder-el-7  el_after_av_hr  el_before_av_hr  '><div class='av-share-box'><h5 class='av-share-link-description av-no-toc '>Compartir esta noticia<\/h5><ul class='av-share-box-list noLightbox'><li class='av-share-link av-social-link-facebook' ><a target=\"_blank\" aria-label=\"Compartir en Facebook\" href='https:\/\/www.facebook.com\/sharer.php?u=https:\/\/radiorevelacionfm.cl\/?p=13173&#038;t=Ley%20de%20protecci%C3%B3n%20de%20glaciares%20ad%20portas%20de%20ser%20aprobada%20por%20Comisi%C3%B3n%20de%20Constituci%C3%B3n%20del%20Senado' aria-hidden='false' data-av_icon='\ue8f3' data-av_iconfont='entypo-fontello' title='' data-avia-related-tooltip='Compartir en Facebook' rel=\"noopener\"><span class='avia_hidden_link_text'>Compartir en Facebook<\/span><\/a><\/li><li class='av-share-link av-social-link-twitter' ><a target=\"_blank\" aria-label=\"Compartir en Twitter\" href='https:\/\/twitter.com\/share?text=Ley%20de%20protecci%C3%B3n%20de%20glaciares%20ad%20portas%20de%20ser%20aprobada%20por%20Comisi%C3%B3n%20de%20Constituci%C3%B3n%20del%20Senado&#038;url=https:\/\/radiorevelacionfm.cl\/?p=13173' aria-hidden='false' data-av_icon='\ue8f1' data-av_iconfont='entypo-fontello' title='' data-avia-related-tooltip='Compartir en Twitter' rel=\"noopener\"><span class='avia_hidden_link_text'>Compartir en Twitter<\/span><\/a><\/li><li class='av-share-link av-social-link-whatsapp' ><a target=\"_blank\" aria-label=\"Compartir en Whatsapp\" href='https:\/\/api.whatsapp.com\/send?text=https:\/\/radiorevelacionfm.cl\/?p=13173' aria-hidden='false' data-av_icon='\uf232' data-av_iconfont='entypo-fontello' title='' data-avia-related-tooltip='Compartir en Whatsapp' rel=\"noopener\"><span class='avia_hidden_link_text'>Compartir en Whatsapp<\/span><\/a><\/li><li class='av-share-link av-social-link-linkedin' ><a target=\"_blank\" aria-label=\"Compartir en LinkedIn\" href='https:\/\/linkedin.com\/shareArticle?mini=true&#038;title=Ley%20de%20protecci%C3%B3n%20de%20glaciares%20ad%20portas%20de%20ser%20aprobada%20por%20Comisi%C3%B3n%20de%20Constituci%C3%B3n%20del%20Senado&#038;url=https:\/\/radiorevelacionfm.cl\/?p=13173' aria-hidden='false' data-av_icon='\ue8fc' data-av_iconfont='entypo-fontello' title='' data-avia-related-tooltip='Compartir en LinkedIn' rel=\"noopener\"><span class='avia_hidden_link_text'>Compartir en LinkedIn<\/span><\/a><\/li><li class='av-share-link av-social-link-mail' ><a  aria-label=\"Compartir por correo\" href='mailto:?subject=Ley%20de%20protecci%C3%B3n%20de%20glaciares%20ad%20portas%20de%20ser%20aprobada%20por%20Comisi%C3%B3n%20de%20Constituci%C3%B3n%20del%20Senado&#038;body=https:\/\/radiorevelacionfm.cl\/?p=13173' aria-hidden='false' data-av_icon='\ue805' data-av_iconfont='entypo-fontello' title='' data-avia-related-tooltip='Compartir por correo'><span class='avia_hidden_link_text'>Compartir por correo<\/span><\/a><\/li><\/ul><\/div><\/div>\n<div  style='height:50px' class='hr hr-invisible   avia-builder-el-8  el_after_av_social_share  el_before_av_comments_list '><span class='hr-inner ' ><span class='hr-inner-style'><\/span><\/span><\/div>\n<div  class='av-buildercomment  av-blog-meta-html-info-disabled av-blog-meta-tag-disabled  '><\/div>\n","protected":false},"excerpt":{"rendered":"","protected":false},"author":1,"featured_media":7234,"comment_status":"open","ping_status":"open","sticky":false,"template":"","format":"standard","meta":{"footnotes":""},"categories":[39],"tags":[],"class_list":["post-13173","post","type-post","status-publish","format-standard","has-post-thumbnail","hentry","category-medio-ambiente"],"jetpack_featured_media_url":"https:\/\/radiorevelacionfm.cl\/wp-content\/uploads\/2021\/08\/glaciares1-1_optimized.jpg","_links":{"self":[{"href":"https:\/\/radiorevelacionfm.cl\/index.php?rest_route=\/wp\/v2\/posts\/13173","targetHints":{"allow":["GET"]}}],"collection":[{"href":"https:\/\/radiorevelacionfm.cl\/index.php?rest_route=\/wp\/v2\/posts"}],"about":[{"href":"https:\/\/radiorevelacionfm.cl\/index.php?rest_route=\/wp\/v2\/types\/post"}],"author":[{"embeddable":true,"href":"https:\/\/radiorevelacionfm.cl\/index.php?rest_route=\/wp\/v2\/users\/1"}],"replies":[{"embeddable":true,"href":"https:\/\/radiorevelacionfm.cl\/index.php?rest_route=%2Fwp%2Fv2%2Fcomments&post=13173"}],"version-history":[{"count":2,"href":"https:\/\/radiorevelacionfm.cl\/index.php?rest_route=\/wp\/v2\/posts\/13173\/revisions"}],"predecessor-version":[{"id":13192,"href":"https:\/\/radiorevelacionfm.cl\/index.php?rest_route=\/wp\/v2\/posts\/13173\/revisions\/13192"}],"wp:featuredmedia":[{"embeddable":true,"href":"https:\/\/radiorevelacionfm.cl\/index.php?rest_route=\/wp\/v2\/media\/7234"}],"wp:attachment":[{"href":"https:\/\/radiorevelacionfm.cl\/index.php?rest_route=%2Fwp%2Fv2%2Fmedia&parent=13173"}],"wp:term":[{"taxonomy":"category","embeddable":true,"href":"https:\/\/radiorevelacionfm.cl\/index.php?rest_route=%2Fwp%2Fv2%2Fcategories&post=13173"},{"taxonomy":"post_tag","embeddable":true,"href":"https:\/\/radiorevelacionfm.cl\/index.php?rest_route=%2Fwp%2Fv2%2Ftags&post=13173"}],"curies":[{"name":"wp","href":"https:\/\/api.w.org\/{rel}","templated":true}]}}