{"id":13170,"date":"2022-01-25T10:29:50","date_gmt":"2022-01-25T13:29:50","guid":{"rendered":"https:\/\/radiorevelacionfm.cl\/?p=13170"},"modified":"2022-01-25T10:29:50","modified_gmt":"2022-01-25T13:29:50","slug":"admision-universitaria-2022-numero-de-seleccionados-vuelve-a-superar-los-116-mil-anotando-un-crecimiento-del-6-en-comparacion-al-proceso-anterior","status":"publish","type":"post","link":"https:\/\/radiorevelacionfm.cl\/?p=13170","title":{"rendered":"Admisi\u00f3n universitaria 2022: n\u00famero de seleccionados vuelve a superar los 116 mil, anotando un crecimiento del 6% en comparaci\u00f3n al proceso anterior"},"content":{"rendered":"<div class=\"flex_column av_one_full  flex_column_div av-zero-column-padding first  avia-builder-el-0  el_before_av_one_full  avia-builder-el-first  \" style='border-radius:0px; '><div  class='avia-image-container  av-styling-    avia-builder-el-1  avia-builder-el-no-sibling  avia-align-center '  itemprop=\"image\" itemscope=\"itemscope\" itemtype=\"https:\/\/schema.org\/ImageObject\"  ><div class='avia-image-container-inner'><div class='avia-image-overlay-wrap'><img decoding=\"async\" class='wp-image-13171 avia-img-lazy-loading-not-13171 avia_image' src=\"https:\/\/radiorevelacionfm.cl\/wp-content\/uploads\/2022\/01\/subsecretario-Ed-Superior-1-1.jpg\" alt='' title='subsecretario Ed Superior (1) (1)' height=\"600\" width=\"1015\"  itemprop=\"thumbnailUrl\" srcset=\"https:\/\/radiorevelacionfm.cl\/wp-content\/uploads\/2022\/01\/subsecretario-Ed-Superior-1-1.jpg 1015w, https:\/\/radiorevelacionfm.cl\/wp-content\/uploads\/2022\/01\/subsecretario-Ed-Superior-1-1-300x177.jpg 300w, https:\/\/radiorevelacionfm.cl\/wp-content\/uploads\/2022\/01\/subsecretario-Ed-Superior-1-1-768x454.jpg 768w, https:\/\/radiorevelacionfm.cl\/wp-content\/uploads\/2022\/01\/subsecretario-Ed-Superior-1-1-705x417.jpg 705w, https:\/\/radiorevelacionfm.cl\/wp-content\/uploads\/2022\/01\/subsecretario-Ed-Superior-1-1-600x355.jpg 600w\" sizes=\"(max-width: 1015px) 100vw, 1015px\" \/><\/div><\/div><\/div><\/div><div class=\"flex_column av_one_full  flex_column_div av-zero-column-padding first  avia-builder-el-2  el_after_av_one_full  el_before_av_one_full  column-top-margin\" style='border-radius:0px; '><section class=\"av_textblock_section \"  itemscope=\"itemscope\" itemtype=\"https:\/\/schema.org\/BlogPosting\" itemprop=\"blogPost\" ><div class='avia_textblock  '   itemprop=\"text\" ><p style=\"text-align: center;\"><span style=\"font-size: 18pt;\"><b><span lang=\"ES\">Admisi\u00f3n universitaria 2022: n\u00famero de seleccionados vuelve a superar los 116 mil, anotando un crecimiento del 6% en comparaci\u00f3n al proceso anterior<\/span><\/b><\/span><\/p>\n<div id=\"gtx-trans\" style=\"position: absolute; left: -50px; top: 4.31534px;\">\n<div class=\"gtx-trans-icon\"><\/div>\n<\/div>\n<\/div><\/section><\/div><div class=\"flex_column av_one_full  flex_column_div av-zero-column-padding first  avia-builder-el-4  el_after_av_one_full  el_before_av_hr  column-top-margin\" style='border-radius:0px; '><section class=\"av_textblock_section \"  itemscope=\"itemscope\" itemtype=\"https:\/\/schema.org\/BlogPosting\" itemprop=\"blogPost\" ><div class='avia_textblock  '   itemprop=\"text\" ><p class=\"v1MsoNormal\" style=\"text-align: justify;\"><span lang=\"ES\">La Subsecretar\u00eda de Educaci\u00f3n Superior dio a conocer hoy la informaci\u00f3n asociada al proceso de postulaci\u00f3n centralizada y selecci\u00f3n universitaria 2022, para la convocatoria a las carreras ofrecidas por las 45 universidades adscritas al Sistema de Acceso a la Educaci\u00f3n Superior.<\/span><\/p>\n<p class=\"v1MsoNormal\" style=\"text-align: justify;\"><span lang=\"ES\">Una de las principales conclusiones que se pudo observar, a partir de los datos analizados, es el aumento en el n\u00famero de seleccionados egresados de liceos t\u00e9cnico profesionales (TP) y de establecimientos p\u00fablicos (municipales y de Servicios Locales de Educaci\u00f3n), en comparaci\u00f3n con el proceso de admisi\u00f3n anterior. Esto va en l\u00ednea con la reducci\u00f3n de brechas observada desde el inicio de la aplicaci\u00f3n de la PDT y con las mayores opciones de postular que se ha dado a estudiantes destacados, independientemente del puntaje obtenido en las pruebas. As\u00ed, para la admisi\u00f3n 2022 el n\u00famero de seleccionados provenientes de establecimientos TP aument\u00f3 en un 16% (15.986 vs. 13.748); asimismo, los alumnos seleccionados provenientes de establecimientos p\u00fablicos (municipales y de servicios locales de educaci\u00f3n) creci\u00f3 un 8% respecto del proceso anterior (30.919 vs. 28.584).<\/span><\/p>\n<p class=\"v1MsoNormal\" style=\"text-align: justify;\"><span lang=\"ES\">Dado el aumento en la cantidad de personas que se inscribi\u00f3 y rindi\u00f3 finalmente la PDT, el n\u00famero total de postulantes se increment\u00f3 en un 5% (de 141.417 a 148.819). Asimismo, el n\u00famero de postulantes seleccionados, es decir, que pueden matricularse en la universidad en la que hayan sido seleccionados a contar de este martes, aument\u00f3 a 116.792 personas, marcando un crecimiento de 6% respecto de la admisi\u00f3n 2021 y de un 1% respecto de la admisi\u00f3n 2020.<\/span><\/p>\n<p class=\"v1MsoNormal\" style=\"text-align: justify;\"><span lang=\"ES\">\u00abNuestro balance es positivo, pues en primer lugar estamos observando un aumento general en el n\u00famero de estudiantes seleccionados, que a partir de ma\u00f1ana podr\u00e1n matricularse en las universidades adscritas, lo que anticipa un incremento general en la matr\u00edcula de primer a\u00f1o de universidades. Adicionalmente, al igual como sucedi\u00f3 con los resultados de la PDT, las cifras de seleccionados muestran un avance en la disminuci\u00f3n de brechas, lo que en definitiva significa mayores oportunidades para los j\u00f3venes que desean ingresar a la educaci\u00f3n superior\u00bb, resalt\u00f3 el subsecretario de Educaci\u00f3n Superior, Juan Eduardo Vargas.<\/span><\/p>\n<p class=\"v1MsoNormal\" style=\"text-align: justify;\"><span lang=\"ES\">Los resultados del proceso de selecci\u00f3n 2022 van en la l\u00ednea de la disminuci\u00f3n de brechas observadas en los resultados de la\u00a0PDT y de los cambios introducidos al Sistema, como la posibilidad de ponderar m\u00e1s el NEM y el Ranking, y la opci\u00f3n de postular centralizadamente para el 10% superior de cada establecimiento escolar. En este aspecto, m\u00e1s de 2.400 estudiantes habilitados por pertenecer al 10% superior de su generaci\u00f3n \u2013 aun cuando promediaron menos de 450 puntos en las pruebas obligatorias- postularon a las universidades, y de ellos el 98% qued\u00f3 seleccionado o en lista de espera. De ese total, el 77% son mujeres y el 62% corresponde a egresados de un establecimiento p\u00fablico. \u00abEsto nos demuestra que, por segundo a\u00f1o consecutivo, esta medida est\u00e1 permitiendo el ingreso a la universidad de grupos de muy buen rendimiento acad\u00e9mico, como mujeres de establecimientos p\u00fablicos, situaci\u00f3n que no habr\u00eda sucedido sin la incorporaci\u00f3n de esta v\u00eda de habilitaci\u00f3n\u00bb, destac\u00f3 el subsecretario Vargas.<\/span><\/p>\n<p class=\"v1MsoNormal\" style=\"text-align: justify;\"><span lang=\"ES\">Asimismo, es importante destacar los resultados que est\u00e1 teniendo el Programa de Inclusi\u00f3n que le permite a Personas en Situaci\u00f3n de Discapacidad (PeSD), participar del proceso de admisi\u00f3n a las universidades con los ajustes pertinentes a sus necesidades. En el actual proceso, 1.255 fueron los postulantes PeSD que fueron seleccionados en alguna de las 45 universidades adscritas al Sistema de Acceso, lo que se traduce en un crecimiento del 114% respecto de la admisi\u00f3n 2021 y de 298% respecto de la admisi\u00f3n 2020. Al respecto la directora del DEMRE, Leonor Varas indic\u00f3: \u00abDurante los \u00faltimos a\u00f1os hemos emprendido con entusiasmo la tarea de hacer de \u00e9ste un sistema m\u00e1s justo e inclusivo, en que la diversidad, que nos enriquece a todos, est\u00e9 en el centro. En este \u00faltimo proceso m\u00e1s que duplicamos el n\u00famero de personas en situaci\u00f3n de discapacidad que finalmente quedaron seleccionados en las universidades, luego de solicitar ajustes, recibirlos tras el an\u00e1lisis de un equipo multidisciplinario y rendir las pruebas en condiciones m\u00e1s equitativas. Esto demuestra que se trata de un trabajo serio, que no es solo testimonial y que rinde frutos concretos, reflejados en esos 1.255 postulantes en situaci\u00f3n de discapacidad seleccionados hoy para seguir su camino en la educaci\u00f3n superior\u00bb.<\/span><\/p>\n<p class=\"v1MsoNormal\" style=\"text-align: justify;\"><span lang=\"ES\">Con respecto a las carreras que recibieron mayor n\u00famero de postulaciones v\u00e1lidas (cumplen con todos los requisitos de postulaci\u00f3n), se encuentran Medicina, Psicolog\u00eda y Enfermer\u00eda, siendo las carreras del \u00e1rea de la salud las que m\u00e1s destacan en la lista de las 10 m\u00e1s solicitadas.<\/span><\/p>\n<table class=\"v1gmail-MsoNormalTable\" border=\"0\" cellspacing=\"0\" cellpadding=\"0\">\n<tbody>\n<tr>\n<td valign=\"top\" width=\"209\">\n<p class=\"v1MsoNormal\"><b><span lang=\"ES\">Nombre carrera<\/span><\/b><\/p>\n<\/td>\n<td valign=\"top\" width=\"179\">\n<p class=\"v1MsoNormal\"><b><span lang=\"ES\">Postulaciones\u00a0v\u00e1lidas<\/span><\/b><\/p>\n<\/td>\n<\/tr>\n<tr>\n<td valign=\"top\" width=\"209\">\n<p class=\"v1MsoNormal\"><span lang=\"ES\">Medicina<\/span><\/p>\n<\/td>\n<td valign=\"top\" width=\"179\">\n<p class=\"v1MsoNormal\"><span lang=\"ES\">37.864<\/span><\/p>\n<\/td>\n<\/tr>\n<tr>\n<td valign=\"top\" width=\"209\">\n<p class=\"v1MsoNormal\"><span lang=\"ES\">Psicolog\u00eda<\/span><\/p>\n<\/td>\n<td valign=\"top\" width=\"179\">\n<p class=\"v1MsoNormal\"><span lang=\"ES\">26.973<\/span><\/p>\n<\/td>\n<\/tr>\n<tr>\n<td valign=\"top\" width=\"209\">\n<p class=\"v1MsoNormal\"><span lang=\"ES\">Enfermer\u00eda<\/span><\/p>\n<\/td>\n<td valign=\"top\" width=\"179\">\n<p class=\"v1MsoNormal\"><span lang=\"ES\">25.418<\/span><\/p>\n<\/td>\n<\/tr>\n<tr>\n<td valign=\"top\" width=\"209\">\n<p class=\"v1MsoNormal\"><span lang=\"ES\">Derecho<\/span><\/p>\n<\/td>\n<td valign=\"top\" width=\"179\">\n<p class=\"v1MsoNormal\"><span lang=\"ES\">14.110<\/span><\/p>\n<\/td>\n<\/tr>\n<tr>\n<td valign=\"top\" width=\"209\">\n<p class=\"v1MsoNormal\"><span lang=\"ES\">Obstetricia\u00a0y\u00a0Puericultura<\/span><\/p>\n<\/td>\n<td valign=\"top\" width=\"179\">\n<p class=\"v1MsoNormal\"><span lang=\"ES\">13.373<\/span><\/p>\n<\/td>\n<\/tr>\n<tr>\n<td valign=\"top\" width=\"209\">\n<p class=\"v1MsoNormal\"><span lang=\"ES\">Ingenier\u00eda\u00a0Comercial<\/span><\/p>\n<\/td>\n<td valign=\"top\" width=\"179\">\n<p class=\"v1MsoNormal\"><span lang=\"ES\">12.406<\/span><\/p>\n<\/td>\n<\/tr>\n<tr>\n<td valign=\"top\" width=\"209\">\n<p class=\"v1MsoNormal\"><span lang=\"ES\">Kinesiolog\u00eda<\/span><\/p>\n<\/td>\n<td valign=\"top\" width=\"179\">\n<p class=\"v1MsoNormal\"><span lang=\"ES\">9.371<\/span><\/p>\n<\/td>\n<\/tr>\n<tr>\n<td valign=\"top\" width=\"209\">\n<p class=\"v1MsoNormal\"><span lang=\"ES\">Ingenier\u00eda\u00a0Civil<\/span><\/p>\n<\/td>\n<td valign=\"top\" width=\"179\">\n<p class=\"v1MsoNormal\"><span lang=\"ES\">8.259<\/span><\/p>\n<\/td>\n<\/tr>\n<tr>\n<td valign=\"top\" width=\"209\">\n<p class=\"v1MsoNormal\"><span lang=\"ES\">Medicina\u00a0Veterinaria<\/span><\/p>\n<\/td>\n<td valign=\"top\" width=\"179\">\n<p class=\"v1MsoNormal\"><span lang=\"ES\">8.042<\/span><\/p>\n<\/td>\n<\/tr>\n<tr>\n<td valign=\"top\" width=\"209\">\n<p class=\"v1MsoNormal\"><span lang=\"ES\">Odontolog\u00eda<\/span><\/p>\n<\/td>\n<td valign=\"top\" width=\"179\">\n<p class=\"v1MsoNormal\"><span lang=\"ES\">7.932<\/span><\/p>\n<\/td>\n<\/tr>\n<\/tbody>\n<\/table>\n<p class=\"v1MsoNormal\"><b><span lang=\"ES\">CRONOGRAMA DEL PROCESO ADMISI\u00d3N 2022<\/span><\/b><\/p>\n<p class=\"v1MsoNormal\"><span lang=\"ES\">&#8211;\u00a0\u00a0\u00a0\u00a0\u00a0\u00a0\u00a0\u00a0\u00a0\u00a0<u>25 al 27 de enero<\/u>: primer periodo de matr\u00edcula a las universidades adscritas al Sistema de Acceso.<\/span><\/p>\n<p class=\"v1MsoNormal\"><span lang=\"ES\">&#8211;\u00a0\u00a0\u00a0\u00a0\u00a0\u00a0\u00a0\u00a0\u00a0\u00a0<u>28 enero al 3 de febrero<\/u>: segundo periodo de matr\u00edcula a las universidades adscritas al Sistema de Acceso.<\/span><\/p>\n<p class=\"v1MsoNormal\"><span lang=\"ES\">&#8211;\u00a0\u00a0\u00a0\u00a0\u00a0\u00a0\u00a0\u00a0\u00a0\u00a0<u>25 enero al 3 de febrero<\/u>: periodo de retracto.<\/span><\/p>\n<\/div><\/section><\/div><div  style='height:50px' class='hr hr-invisible   avia-builder-el-6  el_after_av_one_full  el_before_av_social_share '><span class='hr-inner ' ><span class='hr-inner-style'><\/span><\/span><\/div><\/p>\n<div  class='av-social-sharing-box  avia-builder-el-7  el_after_av_hr  el_before_av_hr  '><div class='av-share-box'><h5 class='av-share-link-description av-no-toc '>Compartir esta noticia<\/h5><ul class='av-share-box-list noLightbox'><li class='av-share-link av-social-link-facebook' ><a target=\"_blank\" aria-label=\"Compartir en Facebook\" href='https:\/\/www.facebook.com\/sharer.php?u=https:\/\/radiorevelacionfm.cl\/?p=13170&#038;t=Admisi%C3%B3n%20universitaria%202022%3A%20n%C3%BAmero%20de%20seleccionados%20vuelve%20a%20superar%20los%20116%20mil%2C%20anotando%20un%20crecimiento%20del%206%25%20en%20comparaci%C3%B3n%20al%20proceso%20anterior' aria-hidden='false' data-av_icon='\ue8f3' data-av_iconfont='entypo-fontello' title='' data-avia-related-tooltip='Compartir en Facebook' rel=\"noopener\"><span class='avia_hidden_link_text'>Compartir en Facebook<\/span><\/a><\/li><li class='av-share-link av-social-link-twitter' ><a target=\"_blank\" aria-label=\"Compartir en Twitter\" href='https:\/\/twitter.com\/share?text=Admisi%C3%B3n%20universitaria%202022%3A%20n%C3%BAmero%20de%20seleccionados%20vuelve%20a%20superar%20los%20116%20mil%2C%20anotando%20un%20crecimiento%20del%206%25%20en%20comparaci%C3%B3n%20al%20proceso%20anterior&#038;url=https:\/\/radiorevelacionfm.cl\/?p=13170' aria-hidden='false' data-av_icon='\ue8f1' data-av_iconfont='entypo-fontello' title='' data-avia-related-tooltip='Compartir en Twitter' rel=\"noopener\"><span class='avia_hidden_link_text'>Compartir en Twitter<\/span><\/a><\/li><li class='av-share-link av-social-link-whatsapp' ><a target=\"_blank\" aria-label=\"Compartir en Whatsapp\" href='https:\/\/api.whatsapp.com\/send?text=https:\/\/radiorevelacionfm.cl\/?p=13170' aria-hidden='false' data-av_icon='\uf232' data-av_iconfont='entypo-fontello' title='' data-avia-related-tooltip='Compartir en Whatsapp' rel=\"noopener\"><span class='avia_hidden_link_text'>Compartir en Whatsapp<\/span><\/a><\/li><li class='av-share-link av-social-link-linkedin' ><a target=\"_blank\" aria-label=\"Compartir en LinkedIn\" href='https:\/\/linkedin.com\/shareArticle?mini=true&#038;title=Admisi%C3%B3n%20universitaria%202022%3A%20n%C3%BAmero%20de%20seleccionados%20vuelve%20a%20superar%20los%20116%20mil%2C%20anotando%20un%20crecimiento%20del%206%25%20en%20comparaci%C3%B3n%20al%20proceso%20anterior&#038;url=https:\/\/radiorevelacionfm.cl\/?p=13170' aria-hidden='false' data-av_icon='\ue8fc' data-av_iconfont='entypo-fontello' title='' data-avia-related-tooltip='Compartir en LinkedIn' rel=\"noopener\"><span class='avia_hidden_link_text'>Compartir en LinkedIn<\/span><\/a><\/li><li class='av-share-link av-social-link-mail' ><a  aria-label=\"Compartir por correo\" href='mailto:?subject=Admisi%C3%B3n%20universitaria%202022%3A%20n%C3%BAmero%20de%20seleccionados%20vuelve%20a%20superar%20los%20116%20mil%2C%20anotando%20un%20crecimiento%20del%206%25%20en%20comparaci%C3%B3n%20al%20proceso%20anterior&#038;body=https:\/\/radiorevelacionfm.cl\/?p=13170' aria-hidden='false' data-av_icon='\ue805' data-av_iconfont='entypo-fontello' title='' data-avia-related-tooltip='Compartir por correo'><span class='avia_hidden_link_text'>Compartir por correo<\/span><\/a><\/li><\/ul><\/div><\/div>\n<div  style='height:50px' class='hr hr-invisible   avia-builder-el-8  el_after_av_social_share  el_before_av_comments_list '><span class='hr-inner ' ><span class='hr-inner-style'><\/span><\/span><\/div>\n<div  class='av-buildercomment  av-blog-meta-html-info-disabled av-blog-meta-tag-disabled  '><\/div>\n","protected":false},"excerpt":{"rendered":"","protected":false},"author":1,"featured_media":13171,"comment_status":"open","ping_status":"open","sticky":false,"template":"","format":"standard","meta":{"footnotes":""},"categories":[49],"tags":[],"class_list":["post-13170","post","type-post","status-publish","format-standard","has-post-thumbnail","hentry","category-educacion"],"jetpack_featured_media_url":"https:\/\/radiorevelacionfm.cl\/wp-content\/uploads\/2022\/01\/subsecretario-Ed-Superior-1-1.jpg","_links":{"self":[{"href":"https:\/\/radiorevelacionfm.cl\/index.php?rest_route=\/wp\/v2\/posts\/13170","targetHints":{"allow":["GET"]}}],"collection":[{"href":"https:\/\/radiorevelacionfm.cl\/index.php?rest_route=\/wp\/v2\/posts"}],"about":[{"href":"https:\/\/radiorevelacionfm.cl\/index.php?rest_route=\/wp\/v2\/types\/post"}],"author":[{"embeddable":true,"href":"https:\/\/radiorevelacionfm.cl\/index.php?rest_route=\/wp\/v2\/users\/1"}],"replies":[{"embeddable":true,"href":"https:\/\/radiorevelacionfm.cl\/index.php?rest_route=%2Fwp%2Fv2%2Fcomments&post=13170"}],"version-history":[{"count":2,"href":"https:\/\/radiorevelacionfm.cl\/index.php?rest_route=\/wp\/v2\/posts\/13170\/revisions"}],"predecessor-version":[{"id":13193,"href":"https:\/\/radiorevelacionfm.cl\/index.php?rest_route=\/wp\/v2\/posts\/13170\/revisions\/13193"}],"wp:featuredmedia":[{"embeddable":true,"href":"https:\/\/radiorevelacionfm.cl\/index.php?rest_route=\/wp\/v2\/media\/13171"}],"wp:attachment":[{"href":"https:\/\/radiorevelacionfm.cl\/index.php?rest_route=%2Fwp%2Fv2%2Fmedia&parent=13170"}],"wp:term":[{"taxonomy":"category","embeddable":true,"href":"https:\/\/radiorevelacionfm.cl\/index.php?rest_route=%2Fwp%2Fv2%2Fcategories&post=13170"},{"taxonomy":"post_tag","embeddable":true,"href":"https:\/\/radiorevelacionfm.cl\/index.php?rest_route=%2Fwp%2Fv2%2Ftags&post=13170"}],"curies":[{"name":"wp","href":"https:\/\/api.w.org\/{rel}","templated":true}]}}