{"id":13161,"date":"2022-01-24T19:01:15","date_gmt":"2022-01-24T22:01:15","guid":{"rendered":"https:\/\/radiorevelacionfm.cl\/?p=13161"},"modified":"2022-01-24T19:01:15","modified_gmt":"2022-01-24T22:01:15","slug":"pdi-y-fiscalia-inician-investigacion-por-rayados-en-cueva-de-las-manos-de-chile-chico","status":"publish","type":"post","link":"https:\/\/radiorevelacionfm.cl\/?p=13161","title":{"rendered":"PDI y Fiscal\u00eda inician investigaci\u00f3n por rayados en Cueva de las Manos de Chile Chico"},"content":{"rendered":"<div class=\"flex_column av_one_full  flex_column_div av-zero-column-padding first  avia-builder-el-0  el_before_av_one_full  avia-builder-el-first  \" style='border-radius:0px; '><div  class='avia-image-container  av-styling-    avia-builder-el-1  avia-builder-el-no-sibling  avia-align-center '  itemprop=\"image\" itemscope=\"itemscope\" itemtype=\"https:\/\/schema.org\/ImageObject\"  ><div class='avia-image-container-inner'><div class='avia-image-overlay-wrap'><img decoding=\"async\" class='wp-image-13162 avia-img-lazy-loading-not-13162 avia_image' src=\"https:\/\/radiorevelacionfm.cl\/wp-content\/uploads\/2022\/01\/conaf-666x430-2_optimized.jpg\" alt='' title='conaf-666x430-(2)_optimized' height=\"430\" width=\"666\"  itemprop=\"thumbnailUrl\" srcset=\"https:\/\/radiorevelacionfm.cl\/wp-content\/uploads\/2022\/01\/conaf-666x430-2_optimized.jpg 666w, https:\/\/radiorevelacionfm.cl\/wp-content\/uploads\/2022\/01\/conaf-666x430-2_optimized-300x194.jpg 300w, https:\/\/radiorevelacionfm.cl\/wp-content\/uploads\/2022\/01\/conaf-666x430-2_optimized-600x387.jpg 600w\" sizes=\"(max-width: 666px) 100vw, 666px\" \/><\/div><\/div><\/div><\/div><div class=\"flex_column av_one_full  flex_column_div av-zero-column-padding first  avia-builder-el-2  el_after_av_one_full  el_before_av_one_full  column-top-margin\" style='border-radius:0px; '><section class=\"av_textblock_section \"  itemscope=\"itemscope\" itemtype=\"https:\/\/schema.org\/BlogPosting\" itemprop=\"blogPost\" ><div class='avia_textblock  '   itemprop=\"text\" ><p style=\"text-align: center;\"><span style=\"font-size: 18pt;\"><strong>PDI y Fiscal\u00eda inician investigaci\u00f3n por rayados en Cueva de las Manos de Chile Chico<\/strong><\/span><\/p>\n<div id=\"gtx-trans\" style=\"position: absolute; left: -50px; top: 4.31534px;\">\n<div class=\"gtx-trans-icon\"><\/div>\n<\/div>\n<\/div><\/section><\/div><div class=\"flex_column av_one_full  flex_column_div av-zero-column-padding first  avia-builder-el-4  el_after_av_one_full  el_before_av_hr  column-top-margin\" style='border-radius:0px; '><section class=\"av_textblock_section \"  itemscope=\"itemscope\" itemtype=\"https:\/\/schema.org\/BlogPosting\" itemprop=\"blogPost\" ><div class='avia_textblock  '   itemprop=\"text\" ><p style=\"text-align: justify;\">Recientemente, un operador tur\u00edstico de Chile Chico dio a conocer mediante redes sociales unos rayados que afectaron a la \u201cCueva de las manos\u201d, ubicada en el Parque Nacional Patagonia en Chile Chico. De acuerdo a lo informado por el denunciante, un gu\u00eda tur\u00edstico descubri\u00f3 que las famosas rocas con pinturas rupestres hab\u00edan sido rayadas con carb\u00f3n.<\/p>\n<p style=\"text-align: justify;\">Ante esta situaci\u00f3n y tras tomar conocimiento de los hechos, la Polic\u00eda de Investigaciones comenz\u00f3 a recopilar los antecedentes y realizar las indagaciones para poder denunciar estos hechos, ya que este lugar se encuentra protegido por la Ley 17.288 de Monumentos Nacionales.<\/p>\n<p style=\"text-align: justify;\">Al respecto, el subjefe de la Brigada Investigadora de Delitos del Medio Ambiente y Patrimonio Cultural Ays\u00e9n, comisario Rodrigo Badillo, se\u00f1al\u00f3 que \u201cpersonal de esta brigada especializada, y luego del levantamiento de informaci\u00f3n, denunci\u00f3 estos hechos ante el Ministerio P\u00fablico, quienes emanaron una orden de investigar con la cual se dispuso un equipo especializado de la BIDEMA para realizar todas las diligencias que permitan esclarecer estos hechos y poder identificar a los responsables\u201d.<\/p>\n<p style=\"text-align: justify;\">Adem\u00e1s, el subjefe de la unidad especializada calific\u00f3 este hecho como un atentado al patrimonio arqueol\u00f3gico de Ays\u00e9n y realiz\u00f3 un llamado a los habitantes de la regi\u00f3n y turistas que visitan estos sitios a cuidar y proteger el patrimonio hist\u00f3rico de la regi\u00f3n, sobre todo, en \u00e9poca de alta afluencia de visitantes, \u201cconsideramos que estos hechos son un grave atentado contra nuestro patrimonio cultural y es responsabilidad de todos quienes visitan esta zona protegerlos\u201d.<\/p>\n<p style=\"text-align: justify;\">Desde la PDI recordaron que no es la primera vez que un hecho de estas caracter\u00edsticas haya afectado a este monumento arqueol\u00f3gico, \u201chace un par de a\u00f1os atr\u00e1s un sujeto ray\u00f3 parte de las cuevas, logrando ser identificado, aportando estos antecedentes al Ministerio P\u00fablico\u201d. Asimismo, \u201chemos tenido otras investigaciones donde sujetos intentaron sacar de la regi\u00f3n estalactitas obtenidas de las Capillas de M\u00e1rmol, no logrando cumplir su objetivo, ya que fueron sorprendidos en el aeropuerto de Balmaceda\u201d.<\/p>\n<p style=\"text-align: justify;\">Por lo anterior, \u201creiteramos cuidar nuestro patrimonio cultural y, en especial, los monumentos y parques nacionales, ya que es una riqueza que pertenece a toda la humanidad\u201d, puntualiz\u00f3 el comisario Badillo.<\/p>\n<p style=\"text-align: justify;\">Sobre este hecho, la fiscal subrogante de Chile Chico, Estefan\u00eda Leiva, inform\u00f3 que personal de BIDEMA de la PDI \u201cdio cuenta a la Fiscal\u00eda Local de Chile Chico, de da\u00f1os ocasionados por terceros en el patrimonio nacional, ubicado en el Parque Patagonia\u201d.<\/p>\n<p style=\"text-align: justify;\">En virtud de estos da\u00f1os, \u201csujetos desconocidos habr\u00edan efectuado dibujos o grafitis sobre las pinturas rupestres, con carb\u00f3n aparentemente\u201d, agreg\u00f3 la fiscal. A ra\u00edz de lo anterior, expres\u00f3 Estefan\u00eda Leiva, se despach\u00f3 una orden de investigar a la BIDEMA, la cual se encuentra en curso.<\/p>\n<p style=\"text-align: justify;\">Finalmente, los investigadores recomendaron estar alerta sobre este tipo de hechos en temporada estival donde existe un mayor flujo de turistas en la regi\u00f3n y denunciar ante las autoridades competentes para iniciar las indagaciones en torno a este tipo de situaciones que afectan el patrimonio de la regi\u00f3n.<\/p>\n<\/div><\/section><\/div><div  style='height:50px' class='hr hr-invisible   avia-builder-el-6  el_after_av_one_full  el_before_av_social_share '><span class='hr-inner ' ><span class='hr-inner-style'><\/span><\/span><\/div><\/p>\n<div  class='av-social-sharing-box  avia-builder-el-7  el_after_av_hr  el_before_av_hr  '><div class='av-share-box'><h5 class='av-share-link-description av-no-toc '>Compartir esta noticia<\/h5><ul class='av-share-box-list noLightbox'><li class='av-share-link av-social-link-facebook' ><a target=\"_blank\" aria-label=\"Compartir en Facebook\" href='https:\/\/www.facebook.com\/sharer.php?u=https:\/\/radiorevelacionfm.cl\/?p=13161&#038;t=PDI%20y%20Fiscal%C3%ADa%20inician%20investigaci%C3%B3n%20por%20rayados%20en%20Cueva%20de%20las%20Manos%20de%20Chile%20Chico' aria-hidden='false' data-av_icon='\ue8f3' data-av_iconfont='entypo-fontello' title='' data-avia-related-tooltip='Compartir en Facebook' rel=\"noopener\"><span class='avia_hidden_link_text'>Compartir en Facebook<\/span><\/a><\/li><li class='av-share-link av-social-link-twitter' ><a target=\"_blank\" aria-label=\"Compartir en Twitter\" href='https:\/\/twitter.com\/share?text=PDI%20y%20Fiscal%C3%ADa%20inician%20investigaci%C3%B3n%20por%20rayados%20en%20Cueva%20de%20las%20Manos%20de%20Chile%20Chico&#038;url=https:\/\/radiorevelacionfm.cl\/?p=13161' aria-hidden='false' data-av_icon='\ue8f1' data-av_iconfont='entypo-fontello' title='' data-avia-related-tooltip='Compartir en Twitter' rel=\"noopener\"><span class='avia_hidden_link_text'>Compartir en Twitter<\/span><\/a><\/li><li class='av-share-link av-social-link-whatsapp' ><a target=\"_blank\" aria-label=\"Compartir en Whatsapp\" href='https:\/\/api.whatsapp.com\/send?text=https:\/\/radiorevelacionfm.cl\/?p=13161' aria-hidden='false' data-av_icon='\uf232' data-av_iconfont='entypo-fontello' title='' data-avia-related-tooltip='Compartir en Whatsapp' rel=\"noopener\"><span class='avia_hidden_link_text'>Compartir en Whatsapp<\/span><\/a><\/li><li class='av-share-link av-social-link-linkedin' ><a target=\"_blank\" aria-label=\"Compartir en LinkedIn\" href='https:\/\/linkedin.com\/shareArticle?mini=true&#038;title=PDI%20y%20Fiscal%C3%ADa%20inician%20investigaci%C3%B3n%20por%20rayados%20en%20Cueva%20de%20las%20Manos%20de%20Chile%20Chico&#038;url=https:\/\/radiorevelacionfm.cl\/?p=13161' aria-hidden='false' data-av_icon='\ue8fc' data-av_iconfont='entypo-fontello' title='' data-avia-related-tooltip='Compartir en LinkedIn' rel=\"noopener\"><span class='avia_hidden_link_text'>Compartir en LinkedIn<\/span><\/a><\/li><li class='av-share-link av-social-link-mail' ><a  aria-label=\"Compartir por correo\" href='mailto:?subject=PDI%20y%20Fiscal%C3%ADa%20inician%20investigaci%C3%B3n%20por%20rayados%20en%20Cueva%20de%20las%20Manos%20de%20Chile%20Chico&#038;body=https:\/\/radiorevelacionfm.cl\/?p=13161' aria-hidden='false' data-av_icon='\ue805' data-av_iconfont='entypo-fontello' title='' data-avia-related-tooltip='Compartir por correo'><span class='avia_hidden_link_text'>Compartir por correo<\/span><\/a><\/li><\/ul><\/div><\/div>\n<div  style='height:50px' class='hr hr-invisible   avia-builder-el-8  el_after_av_social_share  el_before_av_comments_list '><span class='hr-inner ' ><span class='hr-inner-style'><\/span><\/span><\/div>\n<div  class='av-buildercomment  av-blog-meta-html-info-disabled av-blog-meta-tag-disabled  '><\/div>\n","protected":false},"excerpt":{"rendered":"","protected":false},"author":1,"featured_media":13162,"comment_status":"open","ping_status":"open","sticky":false,"template":"","format":"standard","meta":{"footnotes":""},"categories":[36],"tags":[],"class_list":["post-13161","post","type-post","status-publish","format-standard","has-post-thumbnail","hentry","category-policial"],"jetpack_featured_media_url":"https:\/\/radiorevelacionfm.cl\/wp-content\/uploads\/2022\/01\/conaf-666x430-2_optimized.jpg","_links":{"self":[{"href":"https:\/\/radiorevelacionfm.cl\/index.php?rest_route=\/wp\/v2\/posts\/13161","targetHints":{"allow":["GET"]}}],"collection":[{"href":"https:\/\/radiorevelacionfm.cl\/index.php?rest_route=\/wp\/v2\/posts"}],"about":[{"href":"https:\/\/radiorevelacionfm.cl\/index.php?rest_route=\/wp\/v2\/types\/post"}],"author":[{"embeddable":true,"href":"https:\/\/radiorevelacionfm.cl\/index.php?rest_route=\/wp\/v2\/users\/1"}],"replies":[{"embeddable":true,"href":"https:\/\/radiorevelacionfm.cl\/index.php?rest_route=%2Fwp%2Fv2%2Fcomments&post=13161"}],"version-history":[{"count":2,"href":"https:\/\/radiorevelacionfm.cl\/index.php?rest_route=\/wp\/v2\/posts\/13161\/revisions"}],"predecessor-version":[{"id":13164,"href":"https:\/\/radiorevelacionfm.cl\/index.php?rest_route=\/wp\/v2\/posts\/13161\/revisions\/13164"}],"wp:featuredmedia":[{"embeddable":true,"href":"https:\/\/radiorevelacionfm.cl\/index.php?rest_route=\/wp\/v2\/media\/13162"}],"wp:attachment":[{"href":"https:\/\/radiorevelacionfm.cl\/index.php?rest_route=%2Fwp%2Fv2%2Fmedia&parent=13161"}],"wp:term":[{"taxonomy":"category","embeddable":true,"href":"https:\/\/radiorevelacionfm.cl\/index.php?rest_route=%2Fwp%2Fv2%2Fcategories&post=13161"},{"taxonomy":"post_tag","embeddable":true,"href":"https:\/\/radiorevelacionfm.cl\/index.php?rest_route=%2Fwp%2Fv2%2Ftags&post=13161"}],"curies":[{"name":"wp","href":"https:\/\/api.w.org\/{rel}","templated":true}]}}