{"id":13146,"date":"2022-01-24T16:38:58","date_gmt":"2022-01-24T19:38:58","guid":{"rendered":"https:\/\/radiorevelacionfm.cl\/?p=13146"},"modified":"2022-01-24T16:38:58","modified_gmt":"2022-01-24T19:38:58","slug":"directora-regional-de-integra-realiza-positivo-balance-de-vacaciones-en-mi-jardin","status":"publish","type":"post","link":"https:\/\/radiorevelacionfm.cl\/?p=13146","title":{"rendered":"Directora Regional de Integra realiza positivo balance de \u201cVacaciones en Mi Jard\u00edn\u201d"},"content":{"rendered":"<div class=\"flex_column av_one_full  flex_column_div av-zero-column-padding first  avia-builder-el-0  el_before_av_one_full  avia-builder-el-first  \" style='border-radius:0px; '><div  class='avia-image-container  av-styling-    avia-builder-el-1  avia-builder-el-no-sibling  avia-align-center '  itemprop=\"image\" itemscope=\"itemscope\" itemtype=\"https:\/\/schema.org\/ImageObject\"  ><div class='avia-image-container-inner'><div class='avia-image-overlay-wrap'><img decoding=\"async\" class='wp-image-13147 avia-img-lazy-loading-not-13147 avia_image' src=\"https:\/\/radiorevelacionfm.cl\/wp-content\/uploads\/2022\/01\/img_3748-min-1_optimized.jpg\" alt='' title='img_3748-min-(1)_optimized' height=\"600\" width=\"900\"  itemprop=\"thumbnailUrl\" srcset=\"https:\/\/radiorevelacionfm.cl\/wp-content\/uploads\/2022\/01\/img_3748-min-1_optimized.jpg 900w, https:\/\/radiorevelacionfm.cl\/wp-content\/uploads\/2022\/01\/img_3748-min-1_optimized-300x200.jpg 300w, https:\/\/radiorevelacionfm.cl\/wp-content\/uploads\/2022\/01\/img_3748-min-1_optimized-768x512.jpg 768w, https:\/\/radiorevelacionfm.cl\/wp-content\/uploads\/2022\/01\/img_3748-min-1_optimized-705x470.jpg 705w, https:\/\/radiorevelacionfm.cl\/wp-content\/uploads\/2022\/01\/img_3748-min-1_optimized-600x400.jpg 600w\" sizes=\"(max-width: 900px) 100vw, 900px\" \/><\/div><\/div><\/div><\/div><div class=\"flex_column av_one_full  flex_column_div av-zero-column-padding first  avia-builder-el-2  el_after_av_one_full  el_before_av_one_full  column-top-margin\" style='border-radius:0px; '><section class=\"av_textblock_section \"  itemscope=\"itemscope\" itemtype=\"https:\/\/schema.org\/BlogPosting\" itemprop=\"blogPost\" ><div class='avia_textblock  '   itemprop=\"text\" ><p style=\"text-align: center;\"><strong><span style=\"font-size: 18pt;\">Directora Regional de Integra realiza positivo balance de \u201cVacaciones en Mi Jard\u00edn\u201d<\/span><\/strong><\/p>\n<div id=\"gtx-trans\" style=\"position: absolute; left: -50px; top: 4.31534px;\">\n<div class=\"gtx-trans-icon\"><\/div>\n<\/div>\n<\/div><\/section><\/div><div class=\"flex_column av_one_full  flex_column_div av-zero-column-padding first  avia-builder-el-4  el_after_av_one_full  el_before_av_hr  column-top-margin\" style='border-radius:0px; '><section class=\"av_textblock_section \"  itemscope=\"itemscope\" itemtype=\"https:\/\/schema.org\/BlogPosting\" itemprop=\"blogPost\" ><div class='avia_textblock  '   itemprop=\"text\" ><p style=\"font-weight: 400; text-align: justify;\">Un positivo balance realiz\u00f3 la directora regional de Fundaci\u00f3n Integra, Isabel Roncallo Fandi\u00f1o tras el inicio del Programa \u201cVacaciones en Mi Jard\u00edn\u201d en la regi\u00f3n de Ays\u00e9n en el que valor\u00f3 la alta participaci\u00f3n de las familias a este espacio bajo un marco de seguridad y bienestar para las ni\u00f1as y ni\u00f1os que forman parte de este Programa.<\/p>\n<p style=\"font-weight: 400; text-align: justify;\">La directora regional de Fundaci\u00f3n Integra, tras su visita a los jardines infantiles, destac\u00f3 que \u201ceste es un programa l\u00fadico y recreativo que est\u00e1 enfocado en los padres que trabajan y que no cuentan con redes de apoyo en la localidad. Es por eso que contamos con funcionarias expertas en diversas materias quienes son las que motivan a las ni\u00f1as y ni\u00f1os en sus distintos \u00e1mbitos de acci\u00f3n, adem\u00e1s de ser un apoyo a las familias en t\u00e9rminos pedag\u00f3gicos\u201d. A la vez destac\u00f3 que \u201cla familia es la base de la sociedad y necesitamos de su apoyo para seguir avanzando en esta materias\u201d.<\/p>\n<p style=\"font-weight: 400; text-align: justify;\">Es importante destacar que este a\u00f1o \u201cVacaciones en Mi Jard\u00edn\u201d retom\u00f3 la atenci\u00f3n presencial, luego que el 2021 se viera afectada por la pandemia para ser reemplazada por una atenci\u00f3n a distancia en la que se enviaba material educativo a los ni\u00f1os y ni\u00f1as beneficiados con este programa.<\/p>\n<p style=\"font-weight: 400; text-align: justify;\">La directora del Jard\u00edn Infantil \u201cNueva Esperanza\u201d, Javiera \u00c1lvarez Herrera recalc\u00f3 que \u201ceste es un programa que lleva muchos a\u00f1os y estamos contentos por la buena asistencia que hemos alcanzado\u201d. A su vez, enfatiz\u00f3 que \u201cel equipo est\u00e1 preparado y ha planificado diferentes talleres y actividades para los ni\u00f1os y ni\u00f1as que asisten a nuestro jard\u00edn. Todas las actividades est\u00e1n orientadas en la recreaci\u00f3n de los ni\u00f1os para que ellos se diviertan y aprendan jugando\u201d.<\/p>\n<p style=\"font-weight: 400; text-align: justify;\">Una opini\u00f3n similar tiene la directora del Jard\u00edn Infantil \u201cAyel\u00e9n\u201d, Yasna C\u00e1rcamo Aguilar quien manifest\u00f3 que \u201chan venido muchos ni\u00f1os y ni\u00f1as al Programa Vacaciones en Mi Jard\u00edn. Hemos preparado diversos talleres en base al juego a los intereses de los ni\u00f1os y ni\u00f1as y a ellos les ha gustado mucho porque es en base al juego. Han estado contentos, lo que se ve en la asistencia diaria de los ni\u00f1os y ni\u00f1as\u201d.<\/p>\n<p style=\"font-weight: 400; text-align: justify;\">El objetivo de este Programa es ofrecer una experiencia educativa, centrada en el juego y la recreaci\u00f3n, acogiendo a los ni\u00f1os durante la \u00e9poca estival, facilitando as\u00ed, la vida a cientos de padres que por trabajo no pueden estar con ellos, claramente estamos hablamos de Vacaciones en mi Jard\u00edn.<\/p>\n<p style=\"font-weight: 400; text-align: justify;\">El jefe del departamento de Promoci\u00f3n y Protecci\u00f3n de la Infancia de Fundaci\u00f3n Integra en Ays\u00e9n, Felipe Aguila Villarroel destac\u00f3 que \u201cla evaluaci\u00f3n es positiva, hay una alta asistencia de ni\u00f1os y ni\u00f1as. Adem\u00e1s se est\u00e1 dando cumplimiento a todos los Protocolos por COVID 19, aplicando todas las medidas de seguridad para tratar de evitar contagios por Coronavirus\u201d. A la vez enfatiz\u00f3 que \u201cel llamado es a seguir protegi\u00e9ndonos en nuestras casas y evitar venir al jard\u00edn si es que tienen alg\u00fan s\u00edntoma y\/o sospecha que pudiera ser asociado al COVID\u201d.<\/p>\n<p style=\"font-weight: 400; text-align: justify;\">Integra pertenece a la Red de Fundaciones de la Presidencia de la Rep\u00fablica. Con 31 a\u00f1os de experiencia, cuenta con m\u00e1s de 1.230 jardines infantiles y salas cuna gratuitos a los que asisten m\u00e1s de 91 mil ni\u00f1os y ni\u00f1as en todo Chile.<\/p>\n<\/div><\/section><\/div><div  style='height:50px' class='hr hr-invisible   avia-builder-el-6  el_after_av_one_full  el_before_av_social_share '><span class='hr-inner ' ><span class='hr-inner-style'><\/span><\/span><\/div><\/p>\n<div  class='av-social-sharing-box  avia-builder-el-7  el_after_av_hr  el_before_av_hr  '><div class='av-share-box'><h5 class='av-share-link-description av-no-toc '>Compartir esta noticia<\/h5><ul class='av-share-box-list noLightbox'><li class='av-share-link av-social-link-facebook' ><a target=\"_blank\" aria-label=\"Compartir en Facebook\" href='https:\/\/www.facebook.com\/sharer.php?u=https:\/\/radiorevelacionfm.cl\/?p=13146&#038;t=Directora%20Regional%20de%20Integra%20realiza%20positivo%20balance%20de%20%E2%80%9CVacaciones%20en%20Mi%20Jard%C3%ADn%E2%80%9D' aria-hidden='false' data-av_icon='\ue8f3' data-av_iconfont='entypo-fontello' title='' data-avia-related-tooltip='Compartir en Facebook' rel=\"noopener\"><span class='avia_hidden_link_text'>Compartir en Facebook<\/span><\/a><\/li><li class='av-share-link av-social-link-twitter' ><a target=\"_blank\" aria-label=\"Compartir en Twitter\" href='https:\/\/twitter.com\/share?text=Directora%20Regional%20de%20Integra%20realiza%20positivo%20balance%20de%20%E2%80%9CVacaciones%20en%20Mi%20Jard%C3%ADn%E2%80%9D&#038;url=https:\/\/radiorevelacionfm.cl\/?p=13146' aria-hidden='false' data-av_icon='\ue8f1' data-av_iconfont='entypo-fontello' title='' data-avia-related-tooltip='Compartir en Twitter' rel=\"noopener\"><span class='avia_hidden_link_text'>Compartir en Twitter<\/span><\/a><\/li><li class='av-share-link av-social-link-whatsapp' ><a target=\"_blank\" aria-label=\"Compartir en Whatsapp\" href='https:\/\/api.whatsapp.com\/send?text=https:\/\/radiorevelacionfm.cl\/?p=13146' aria-hidden='false' data-av_icon='\uf232' data-av_iconfont='entypo-fontello' title='' data-avia-related-tooltip='Compartir en Whatsapp' rel=\"noopener\"><span class='avia_hidden_link_text'>Compartir en Whatsapp<\/span><\/a><\/li><li class='av-share-link av-social-link-linkedin' ><a target=\"_blank\" aria-label=\"Compartir en LinkedIn\" href='https:\/\/linkedin.com\/shareArticle?mini=true&#038;title=Directora%20Regional%20de%20Integra%20realiza%20positivo%20balance%20de%20%E2%80%9CVacaciones%20en%20Mi%20Jard%C3%ADn%E2%80%9D&#038;url=https:\/\/radiorevelacionfm.cl\/?p=13146' aria-hidden='false' data-av_icon='\ue8fc' data-av_iconfont='entypo-fontello' title='' data-avia-related-tooltip='Compartir en LinkedIn' rel=\"noopener\"><span class='avia_hidden_link_text'>Compartir en LinkedIn<\/span><\/a><\/li><li class='av-share-link av-social-link-mail' ><a  aria-label=\"Compartir por correo\" href='mailto:?subject=Directora%20Regional%20de%20Integra%20realiza%20positivo%20balance%20de%20%E2%80%9CVacaciones%20en%20Mi%20Jard%C3%ADn%E2%80%9D&#038;body=https:\/\/radiorevelacionfm.cl\/?p=13146' aria-hidden='false' data-av_icon='\ue805' data-av_iconfont='entypo-fontello' title='' data-avia-related-tooltip='Compartir por correo'><span class='avia_hidden_link_text'>Compartir por correo<\/span><\/a><\/li><\/ul><\/div><\/div>\n<div  style='height:50px' class='hr hr-invisible   avia-builder-el-8  el_after_av_social_share  el_before_av_comments_list '><span class='hr-inner ' ><span class='hr-inner-style'><\/span><\/span><\/div>\n<div  class='av-buildercomment  av-blog-meta-html-info-disabled av-blog-meta-tag-disabled  '><\/div>\n","protected":false},"excerpt":{"rendered":"","protected":false},"author":1,"featured_media":13147,"comment_status":"open","ping_status":"open","sticky":false,"template":"","format":"standard","meta":{"footnotes":""},"categories":[49],"tags":[],"class_list":["post-13146","post","type-post","status-publish","format-standard","has-post-thumbnail","hentry","category-educacion"],"jetpack_featured_media_url":"https:\/\/radiorevelacionfm.cl\/wp-content\/uploads\/2022\/01\/img_3748-min-1_optimized.jpg","_links":{"self":[{"href":"https:\/\/radiorevelacionfm.cl\/index.php?rest_route=\/wp\/v2\/posts\/13146","targetHints":{"allow":["GET"]}}],"collection":[{"href":"https:\/\/radiorevelacionfm.cl\/index.php?rest_route=\/wp\/v2\/posts"}],"about":[{"href":"https:\/\/radiorevelacionfm.cl\/index.php?rest_route=\/wp\/v2\/types\/post"}],"author":[{"embeddable":true,"href":"https:\/\/radiorevelacionfm.cl\/index.php?rest_route=\/wp\/v2\/users\/1"}],"replies":[{"embeddable":true,"href":"https:\/\/radiorevelacionfm.cl\/index.php?rest_route=%2Fwp%2Fv2%2Fcomments&post=13146"}],"version-history":[{"count":2,"href":"https:\/\/radiorevelacionfm.cl\/index.php?rest_route=\/wp\/v2\/posts\/13146\/revisions"}],"predecessor-version":[{"id":13152,"href":"https:\/\/radiorevelacionfm.cl\/index.php?rest_route=\/wp\/v2\/posts\/13146\/revisions\/13152"}],"wp:featuredmedia":[{"embeddable":true,"href":"https:\/\/radiorevelacionfm.cl\/index.php?rest_route=\/wp\/v2\/media\/13147"}],"wp:attachment":[{"href":"https:\/\/radiorevelacionfm.cl\/index.php?rest_route=%2Fwp%2Fv2%2Fmedia&parent=13146"}],"wp:term":[{"taxonomy":"category","embeddable":true,"href":"https:\/\/radiorevelacionfm.cl\/index.php?rest_route=%2Fwp%2Fv2%2Fcategories&post=13146"},{"taxonomy":"post_tag","embeddable":true,"href":"https:\/\/radiorevelacionfm.cl\/index.php?rest_route=%2Fwp%2Fv2%2Ftags&post=13146"}],"curies":[{"name":"wp","href":"https:\/\/api.w.org\/{rel}","templated":true}]}}