{"id":13142,"date":"2022-01-24T17:33:38","date_gmt":"2022-01-24T20:33:38","guid":{"rendered":"https:\/\/radiorevelacionfm.cl\/?p=13142"},"modified":"2022-01-24T17:33:38","modified_gmt":"2022-01-24T20:33:38","slug":"mediante-estrategia-hospital-digital-usuarios-prais-accederan-a-especialistas-medicos","status":"publish","type":"post","link":"https:\/\/radiorevelacionfm.cl\/?p=13142","title":{"rendered":"Mediante estrategia Hospital Digital: usuarios PRAIS acceder\u00e1n a especialistas m\u00e9dicos"},"content":{"rendered":"<div class=\"flex_column av_one_full  flex_column_div av-zero-column-padding first  avia-builder-el-0  el_before_av_one_full  avia-builder-el-first  \" style='border-radius:0px; '><div  class='avia-image-container  av-styling-    avia-builder-el-1  avia-builder-el-no-sibling  avia-align-center '  itemprop=\"image\" itemscope=\"itemscope\" itemtype=\"https:\/\/schema.org\/ImageObject\"  ><div class='avia-image-container-inner'><div class='avia-image-overlay-wrap'><img decoding=\"async\" class='wp-image-13143 avia-img-lazy-loading-not-13143 avia_image' src=\"https:\/\/radiorevelacionfm.cl\/wp-content\/uploads\/2022\/01\/foto-prais-1_optimized.jpeg\" alt='' title='foto-prais-(1)_optimized' height=\"600\" width=\"1067\"  itemprop=\"thumbnailUrl\" srcset=\"https:\/\/radiorevelacionfm.cl\/wp-content\/uploads\/2022\/01\/foto-prais-1_optimized.jpeg 1067w, https:\/\/radiorevelacionfm.cl\/wp-content\/uploads\/2022\/01\/foto-prais-1_optimized-300x169.jpeg 300w, https:\/\/radiorevelacionfm.cl\/wp-content\/uploads\/2022\/01\/foto-prais-1_optimized-1030x579.jpeg 1030w, https:\/\/radiorevelacionfm.cl\/wp-content\/uploads\/2022\/01\/foto-prais-1_optimized-768x432.jpeg 768w, https:\/\/radiorevelacionfm.cl\/wp-content\/uploads\/2022\/01\/foto-prais-1_optimized-705x396.jpeg 705w, https:\/\/radiorevelacionfm.cl\/wp-content\/uploads\/2022\/01\/foto-prais-1_optimized-600x337.jpeg 600w\" sizes=\"(max-width: 1067px) 100vw, 1067px\" \/><\/div><\/div><\/div><\/div><div class=\"flex_column av_one_full  flex_column_div av-zero-column-padding first  avia-builder-el-2  el_after_av_one_full  el_before_av_one_full  column-top-margin\" style='border-radius:0px; '><section class=\"av_textblock_section \"  itemscope=\"itemscope\" itemtype=\"https:\/\/schema.org\/BlogPosting\" itemprop=\"blogPost\" ><div class='avia_textblock  '   itemprop=\"text\" ><p style=\"text-align: center;\"><span style=\"font-size: 18pt;\"><strong>Mediante estrategia Hospital Digital: usuarios PRAIS acceder\u00e1n a especialistas m\u00e9dicos<\/strong><\/span><\/p>\n<div id=\"gtx-trans\" style=\"position: absolute; left: -50px; top: 4.31534px;\">\n<div class=\"gtx-trans-icon\"><\/div>\n<\/div>\n<\/div><\/section><\/div><div class=\"flex_column av_one_full  flex_column_div av-zero-column-padding first  avia-builder-el-4  el_after_av_one_full  el_before_av_hr  column-top-margin\" style='border-radius:0px; '><section class=\"av_textblock_section \"  itemscope=\"itemscope\" itemtype=\"https:\/\/schema.org\/BlogPosting\" itemprop=\"blogPost\" ><div class='avia_textblock  '   itemprop=\"text\" ><p style=\"text-align: justify;\">Luego de una jornada de capacitaci\u00f3n \u00a0y diversas reuniones de coordinaci\u00f3n entre los equipos de profesionales del Programa de Reparaci\u00f3n y Atenci\u00f3n Integral en Salud y Derechos Humanos PRAIS y de la Estrategia Hospital Digital, las referentes de estas instancias, Prisilia Yagode y Yenny Obando respectivamente, dieron a conocer la iniciativa que beneficiar\u00e1 a usuarias y usuarios de toda la regi\u00f3n, en cuanto al acceso a diversas horas de atenci\u00f3n m\u00e9dica con especialistas, en \u00e1reas de la salud, que resultan de gran sensibilidad, sobre todo porque en muchos de los casos seg\u00fan comentaron, llevan a\u00f1os a la espera de una atenci\u00f3n.<\/p>\n<p style=\"text-align: justify;\">\u201cEstamos contentos de poder colaborar a trav\u00e9s de hospital digital para resolver problemas de salud en 4 especialidades; vamos a comenzar con: dermatolog\u00eda, nefrolog\u00eda, geriatr\u00eda y diabetes. Adem\u00e1s, vamos a realizar telemedicina sincr\u00f3nica en especialidades como dermatolog\u00eda, otorrinolaringolog\u00eda, medicina interna y ginecolog\u00eda, lo que nos convierte en la primera regi\u00f3n del pa\u00eds que hace esta alianza con los usuarios PRAIS, para resolver problemas de salud que se vienen arrastrando desde hace bastante tiempo y dar una soluci\u00f3n concreta a usuarios que est\u00e1n muy alejados de la capital regional como Cochrane, Tortel y Villa O\u2019Higgins\u201d, se\u00f1al\u00f3 Yenny Obando Latorre, Referente de la estrategia Hospital Digital en la Regi\u00f3n\u201d, inform\u00f3 la profesional.<\/p>\n<p style=\"text-align: justify;\">Por su parte, Prisilia Yagode Gonz\u00e1lez, referente del Programa PRAIS, del Servicio de Salud Ays\u00e9n, no ocult\u00f3 su satisfacci\u00f3n, por poder proyectar el inicio de mejoras en la atenci\u00f3n y diagn\u00f3stico de las y los usuarios, de los cuales muchos corresponden a adultos mayores.<\/p>\n<p style=\"text-align: justify;\">\u201cRealmente estamos muy felices al empezar este a\u00f1o 2022, ya que hemos hecho una alianza estrat\u00e9gica con Hospital digital, que nos permitir\u00e1 atender a nuestros usuarios de toda la regi\u00f3n de Ays\u00e9n, que se encuentran en la lista de espera de distintas especialidades; vamos a comenzar con algunas que son nefrolog\u00eda, dermatolog\u00eda diabetes tambi\u00e9n, limpiando nuestra lista de espera que es lo que m\u00e1s nos preocupa, porque son nuestros usuarios de primera generaci\u00f3n, quienes hoy d\u00eda son adultos mayores\u201d.<\/p>\n<p style=\"text-align: justify;\">La referente agreg\u00f3 que destaca el compromiso que tiene el equipo con todos los usuarios, a trav\u00e9s de las atenciones de salud mental, de orientaci\u00f3n social, de las atenciones m\u00e9dicas que realiza la doctora. \u201cNuestro equipo si bien es cierto es peque\u00f1ito, pero esperamos que este a\u00f1o podamos seguir creciendo y sumando m\u00e1s gente, porque realmente nuestros usuarios principalmente nuestros adultos mayores, necesitan otro tipo de profesionales\u201d, concluy\u00f3.<\/p>\n<\/div><\/section><\/div><div  style='height:50px' class='hr hr-invisible   avia-builder-el-6  el_after_av_one_full  el_before_av_social_share '><span class='hr-inner ' ><span class='hr-inner-style'><\/span><\/span><\/div><\/p>\n<div  class='av-social-sharing-box  avia-builder-el-7  el_after_av_hr  el_before_av_hr  '><div class='av-share-box'><h5 class='av-share-link-description av-no-toc '>Compartir esta noticia<\/h5><ul class='av-share-box-list noLightbox'><li class='av-share-link av-social-link-facebook' ><a target=\"_blank\" aria-label=\"Compartir en Facebook\" href='https:\/\/www.facebook.com\/sharer.php?u=https:\/\/radiorevelacionfm.cl\/?p=13142&#038;t=Mediante%20estrategia%20Hospital%20Digital%3A%20usuarios%20PRAIS%20acceder%C3%A1n%20a%20especialistas%20m%C3%A9dicos' aria-hidden='false' data-av_icon='\ue8f3' data-av_iconfont='entypo-fontello' title='' data-avia-related-tooltip='Compartir en Facebook' rel=\"noopener\"><span class='avia_hidden_link_text'>Compartir en Facebook<\/span><\/a><\/li><li class='av-share-link av-social-link-twitter' ><a target=\"_blank\" aria-label=\"Compartir en Twitter\" href='https:\/\/twitter.com\/share?text=Mediante%20estrategia%20Hospital%20Digital%3A%20usuarios%20PRAIS%20acceder%C3%A1n%20a%20especialistas%20m%C3%A9dicos&#038;url=https:\/\/radiorevelacionfm.cl\/?p=13142' aria-hidden='false' data-av_icon='\ue8f1' data-av_iconfont='entypo-fontello' title='' data-avia-related-tooltip='Compartir en Twitter' rel=\"noopener\"><span class='avia_hidden_link_text'>Compartir en Twitter<\/span><\/a><\/li><li class='av-share-link av-social-link-whatsapp' ><a target=\"_blank\" aria-label=\"Compartir en Whatsapp\" href='https:\/\/api.whatsapp.com\/send?text=https:\/\/radiorevelacionfm.cl\/?p=13142' aria-hidden='false' data-av_icon='\uf232' data-av_iconfont='entypo-fontello' title='' data-avia-related-tooltip='Compartir en Whatsapp' rel=\"noopener\"><span class='avia_hidden_link_text'>Compartir en Whatsapp<\/span><\/a><\/li><li class='av-share-link av-social-link-linkedin' ><a target=\"_blank\" aria-label=\"Compartir en LinkedIn\" href='https:\/\/linkedin.com\/shareArticle?mini=true&#038;title=Mediante%20estrategia%20Hospital%20Digital%3A%20usuarios%20PRAIS%20acceder%C3%A1n%20a%20especialistas%20m%C3%A9dicos&#038;url=https:\/\/radiorevelacionfm.cl\/?p=13142' aria-hidden='false' data-av_icon='\ue8fc' data-av_iconfont='entypo-fontello' title='' data-avia-related-tooltip='Compartir en LinkedIn' rel=\"noopener\"><span class='avia_hidden_link_text'>Compartir en LinkedIn<\/span><\/a><\/li><li class='av-share-link av-social-link-mail' ><a  aria-label=\"Compartir por correo\" href='mailto:?subject=Mediante%20estrategia%20Hospital%20Digital%3A%20usuarios%20PRAIS%20acceder%C3%A1n%20a%20especialistas%20m%C3%A9dicos&#038;body=https:\/\/radiorevelacionfm.cl\/?p=13142' aria-hidden='false' data-av_icon='\ue805' data-av_iconfont='entypo-fontello' title='' data-avia-related-tooltip='Compartir por correo'><span class='avia_hidden_link_text'>Compartir por correo<\/span><\/a><\/li><\/ul><\/div><\/div>\n<div  style='height:50px' class='hr hr-invisible   avia-builder-el-8  el_after_av_social_share  el_before_av_comments_list '><span class='hr-inner ' ><span class='hr-inner-style'><\/span><\/span><\/div>\n<div  class='av-buildercomment  av-blog-meta-html-info-disabled av-blog-meta-tag-disabled  '><\/div>\n","protected":false},"excerpt":{"rendered":"","protected":false},"author":1,"featured_media":13143,"comment_status":"open","ping_status":"open","sticky":false,"template":"","format":"standard","meta":{"footnotes":""},"categories":[46],"tags":[],"class_list":["post-13142","post","type-post","status-publish","format-standard","has-post-thumbnail","hentry","category-salud"],"jetpack_featured_media_url":"https:\/\/radiorevelacionfm.cl\/wp-content\/uploads\/2022\/01\/foto-prais-1_optimized.jpeg","_links":{"self":[{"href":"https:\/\/radiorevelacionfm.cl\/index.php?rest_route=\/wp\/v2\/posts\/13142","targetHints":{"allow":["GET"]}}],"collection":[{"href":"https:\/\/radiorevelacionfm.cl\/index.php?rest_route=\/wp\/v2\/posts"}],"about":[{"href":"https:\/\/radiorevelacionfm.cl\/index.php?rest_route=\/wp\/v2\/types\/post"}],"author":[{"embeddable":true,"href":"https:\/\/radiorevelacionfm.cl\/index.php?rest_route=\/wp\/v2\/users\/1"}],"replies":[{"embeddable":true,"href":"https:\/\/radiorevelacionfm.cl\/index.php?rest_route=%2Fwp%2Fv2%2Fcomments&post=13142"}],"version-history":[{"count":2,"href":"https:\/\/radiorevelacionfm.cl\/index.php?rest_route=\/wp\/v2\/posts\/13142\/revisions"}],"predecessor-version":[{"id":13153,"href":"https:\/\/radiorevelacionfm.cl\/index.php?rest_route=\/wp\/v2\/posts\/13142\/revisions\/13153"}],"wp:featuredmedia":[{"embeddable":true,"href":"https:\/\/radiorevelacionfm.cl\/index.php?rest_route=\/wp\/v2\/media\/13143"}],"wp:attachment":[{"href":"https:\/\/radiorevelacionfm.cl\/index.php?rest_route=%2Fwp%2Fv2%2Fmedia&parent=13142"}],"wp:term":[{"taxonomy":"category","embeddable":true,"href":"https:\/\/radiorevelacionfm.cl\/index.php?rest_route=%2Fwp%2Fv2%2Fcategories&post=13142"},{"taxonomy":"post_tag","embeddable":true,"href":"https:\/\/radiorevelacionfm.cl\/index.php?rest_route=%2Fwp%2Fv2%2Ftags&post=13142"}],"curies":[{"name":"wp","href":"https:\/\/api.w.org\/{rel}","templated":true}]}}