{"id":13139,"date":"2022-01-24T15:10:25","date_gmt":"2022-01-24T18:10:25","guid":{"rendered":"https:\/\/radiorevelacionfm.cl\/?p=13139"},"modified":"2022-01-24T15:13:32","modified_gmt":"2022-01-24T18:13:32","slug":"sindicato-realiza-elecciones-electronicas-ineditas-en-la-region-de-aysen","status":"publish","type":"post","link":"https:\/\/radiorevelacionfm.cl\/?p=13139","title":{"rendered":"Sindicato realiza elecciones electr\u00f3nicas in\u00e9ditas en la Regi\u00f3n de Ays\u00e9n"},"content":{"rendered":"<div class=\"flex_column av_one_full  flex_column_div av-zero-column-padding first  avia-builder-el-0  el_before_av_one_full  avia-builder-el-first  \" style='border-radius:0px; '><div  class='avia-image-container  av-styling-    avia-builder-el-1  avia-builder-el-no-sibling  avia-align-center '  itemprop=\"image\" itemscope=\"itemscope\" itemtype=\"https:\/\/schema.org\/ImageObject\"  ><div class='avia-image-container-inner'><div class='avia-image-overlay-wrap'><img decoding=\"async\" class='wp-image-13150 avia-img-lazy-loading-not-13150 avia_image' src=\"https:\/\/radiorevelacionfm.cl\/wp-content\/uploads\/2022\/01\/BLUMAR-5-1.jpg\" alt='' title='BLUMAR (5) (1)' height=\"600\" width=\"960\"  itemprop=\"thumbnailUrl\" srcset=\"https:\/\/radiorevelacionfm.cl\/wp-content\/uploads\/2022\/01\/BLUMAR-5-1.jpg 960w, https:\/\/radiorevelacionfm.cl\/wp-content\/uploads\/2022\/01\/BLUMAR-5-1-300x188.jpg 300w, https:\/\/radiorevelacionfm.cl\/wp-content\/uploads\/2022\/01\/BLUMAR-5-1-768x480.jpg 768w, https:\/\/radiorevelacionfm.cl\/wp-content\/uploads\/2022\/01\/BLUMAR-5-1-705x441.jpg 705w, https:\/\/radiorevelacionfm.cl\/wp-content\/uploads\/2022\/01\/BLUMAR-5-1-600x375.jpg 600w\" sizes=\"(max-width: 960px) 100vw, 960px\" \/><\/div><\/div><\/div><\/div><div class=\"flex_column av_one_full  flex_column_div av-zero-column-padding first  avia-builder-el-2  el_after_av_one_full  el_before_av_one_full  column-top-margin\" style='border-radius:0px; '><section class=\"av_textblock_section \"  itemscope=\"itemscope\" itemtype=\"https:\/\/schema.org\/BlogPosting\" itemprop=\"blogPost\" ><div class='avia_textblock  '   itemprop=\"text\" ><p style=\"text-align: center;\"><span style=\"font-size: 18pt;\"><b><span lang=\"ES-TRAD\">Sindicato realiza elecciones electr\u00f3nicas in\u00e9ditas en la Regi\u00f3n de Ays\u00e9n<\/span><\/b><\/span><\/p>\n<div id=\"gtx-trans\" style=\"position: absolute; left: -50px; top: 4.31534px;\">\n<div class=\"gtx-trans-icon\"><\/div>\n<\/div>\n<\/div><\/section><\/div><\/p>\n<div class=\"flex_column av_one_full  flex_column_div av-zero-column-padding first  avia-builder-el-4  el_after_av_one_full  el_before_av_hr  column-top-margin\" style='border-radius:0px; '><section class=\"av_textblock_section \"  itemscope=\"itemscope\" itemtype=\"https:\/\/schema.org\/BlogPosting\" itemprop=\"blogPost\" ><div class='avia_textblock  '   itemprop=\"text\" ><p class=\"v1MsoNormal\" style=\"text-align: justify;\"><span lang=\"ES-MX\">A fines de diciembre del 2021 se realizaron de forma in\u00e9dita en nuestra Regi\u00f3n de Ays\u00e9n, elecciones electr\u00f3nicas en un sindicato de trabajadores. La idea y las gestiones las realiz\u00f3 David Iturra, quien en ese momento era el presidente del Sindicato de Establecimiento Empresas Salmones Blumar S.A. XI Regi\u00f3n, siendo autorizadas por la Direcci\u00f3n del Trabajo para su ejecuci\u00f3n.<\/span><\/p>\n<p class=\"v1MsoNormal\" style=\"text-align: justify;\"><span lang=\"ES-MX\">El dirigente, quien result\u00f3 electo como tesorero del sindicato esta votaci\u00f3n de renovaci\u00f3n de directorio coment\u00f3 su motivaci\u00f3n \u00abNosotros quer\u00edamos desarrollar votaciones de renovaci\u00f3n de directorio, ya que, se encontraban pendientes desde hace un a\u00f1o porque est\u00e1bamos en plena pandemia, donde, por los aforos permitidos no se pod\u00eda juntar gente y a su vez la Inspecci\u00f3n del Trabajo no ten\u00eda un \u00absuper\u00e1vit\u00bb de ministros de fe. Se vio la necesidad de buscar otros medios para cumplir con las votaciones llegando a esta empresa que ofrec\u00eda un servicio pagado de votaci\u00f3n, estando adem\u00e1s regulado por la misma Direcci\u00f3n del Trabajo resultando ser proceso muy exitoso. El universo del sindicato son 134 personas, de las cuales votaron 106, es decir, un 79, 1% particip\u00f3 de la votaci\u00f3n online. A las 16:00 horas era el cierre de las votaciones y a las 16:20 ya ten\u00edamos los resultados. Fue un proceso \u00e1gil, din\u00e1mico y trasparente teniendo en todo momento como ministro de fe a la Sra. Mar\u00eda Soledad Uribe qui\u00e9n adem\u00e1s nos facilit\u00f3 y orient\u00f3 en todo momento; Yo catalogo este evento como un gran logro y adem\u00e1s un Hito en la regi\u00f3n que se puede replicar como una herramienta de trabajo en ayuda de las organizaciones sindicales en conjunto con la DT en su mejora continua a la modernizaci\u00f3n que se encuentra.\u00bb<\/span><\/p>\n<p class=\"v1MsoNormal\" style=\"text-align: justify;\"><span lang=\"ES-MX\">Los requisitos para participar en estas elecciones fue tener un correo electr\u00f3nico, un equipo m\u00f3vil o un computador con internet llegando as\u00ed un link, donde se ingresa a una urna electr\u00f3nica para marcar sus preferencias. Esto fue validado por la comisi\u00f3n electoral del sindicato y por el ministro de fe de la Inspecci\u00f3n del Trabajo, quien tuvo acceso en l\u00ednea a la votaci\u00f3n, detall\u00f3 Iturra. Los trabajadores votaron desde el lugar en que estaban ese d\u00eda, ya sea en terreno, en los centros de cultivo o en sus casas descansando.<\/span><\/p>\n<p class=\"v1MsoNormal\" style=\"text-align: justify;\"><span lang=\"ES-MX\">Por su parte, la Directora Regional del Trabajo, Victoria Sierra, destac\u00f3 esta iniciativa y explic\u00f3 el rol de la instituci\u00f3n en este proceso, \u00abDestacar la iniciativa de don David, pionera en nuestra regi\u00f3n, ya que no hab\u00edamos tenido votaciones electr\u00f3nicas de renovaci\u00f3n de directorio sindical. Nuestro servicio ha avanzado en materia de modernizaci\u00f3n validando estos sistemas electr\u00f3nicos de votaci\u00f3n en l\u00ednea. Dichos sistemas para ser utilizados deben cumplir ciertas formalidades para garantizar la validez del proceso de votaci\u00f3n, lo anterior conforme nuestra doctrina vigente. Instamos a los dem\u00e1s sindicatos que requieran llevar a cabo votaciones a utilizar estos sistemas electr\u00f3nicos, teniendo adem\u00e1s presente que a\u00fan nos encontramos en pandemia y a trav\u00e9s de ellos evitamos aglomeraciones y eventuales contagios\u00bb, asever\u00f3.<\/span><\/p>\n<p class=\"v1MsoNormal\" style=\"text-align: justify;\"><span lang=\"ES-MX\">\u00abFelicitamos a los dirigentes del sindicato de trabajadores de la empresa Blumar, cuyo presidente en ese momento era don David Iturra, fue el impulsor de esta gran idea de modernizar las elecciones sindicales y acceder al sistema de votaci\u00f3n electr\u00f3nica. Ello posibilit\u00f3 que aumentara la cantidad de socios que pudieron votar y as\u00ed m\u00e1s trabajadores pudieron acceder a elegir a sus dirigentes. La pandemia signific\u00f3 un desaf\u00edo en todo orden de temas, siendo uno de ellos, el acelerar el proceso de modernizaci\u00f3n y digitalizaci\u00f3n en diversas \u00e1reas. Esperamos que esta iniciativa se pueda replicar en otras instancias\u00bb, mencion\u00f3 la Seremi del Trabajo y Previsi\u00f3n Social, Andrea Ponce.<\/span><\/p>\n<p class=\"v1MsoNormal\" style=\"text-align: justify;\"><span lang=\"ES-MX\">Cabe recordar que, durante el Estado de Excepci\u00f3n de Cat\u00e1strofe declarado en el territorio nacional debido a la pandemia, se autoriz\u00f3 mediante la ley 21.235 de mayo 2020, la postergaci\u00f3n de las elecciones sindicales, manteni\u00e9ndose vigentes las directivas existentes en esos momentos. Por ello, luego de finalizado este estado de excepci\u00f3n, son diversos los sindicatos que est\u00e1n renovando sus directivas durante estas semanas.<\/span><\/p>\n<p class=\"v1MsoNormal\" style=\"text-align: justify;\"><span lang=\"ES-MX\">La nueva directiva del Sindicato de Establecimiento Empresas Salmones Blumar S.A. XI Regi\u00f3n, qued\u00f3 compuesta, luego de esta votaci\u00f3n electr\u00f3nica, por Pedro Acu\u00f1a Moenne, presidente; David Iturra Poblete, tesorero; Marcelo Aguilar Mansilla, secretario.<\/span><\/p>\n<\/div><\/section><\/div>\n<div  style='height:50px' class='hr hr-invisible   avia-builder-el-6  el_after_av_one_full  el_before_av_social_share '><span class='hr-inner ' ><span class='hr-inner-style'><\/span><\/span><\/div>\n<div  class='av-social-sharing-box  avia-builder-el-7  el_after_av_hr  el_before_av_hr  '><div class='av-share-box'><h5 class='av-share-link-description av-no-toc '>Compartir esta noticia<\/h5><ul class='av-share-box-list noLightbox'><li class='av-share-link av-social-link-facebook' ><a target=\"_blank\" aria-label=\"Compartir en Facebook\" href='https:\/\/www.facebook.com\/sharer.php?u=https:\/\/radiorevelacionfm.cl\/?p=13139&#038;t=Sindicato%20realiza%20elecciones%20electr%C3%B3nicas%20in%C3%A9ditas%20en%20la%20Regi%C3%B3n%20de%20Ays%C3%A9n' aria-hidden='false' data-av_icon='\ue8f3' data-av_iconfont='entypo-fontello' title='' data-avia-related-tooltip='Compartir en Facebook' rel=\"noopener\"><span class='avia_hidden_link_text'>Compartir en Facebook<\/span><\/a><\/li><li class='av-share-link av-social-link-twitter' ><a target=\"_blank\" aria-label=\"Compartir en Twitter\" href='https:\/\/twitter.com\/share?text=Sindicato%20realiza%20elecciones%20electr%C3%B3nicas%20in%C3%A9ditas%20en%20la%20Regi%C3%B3n%20de%20Ays%C3%A9n&#038;url=https:\/\/radiorevelacionfm.cl\/?p=13139' aria-hidden='false' data-av_icon='\ue8f1' data-av_iconfont='entypo-fontello' title='' data-avia-related-tooltip='Compartir en Twitter' rel=\"noopener\"><span class='avia_hidden_link_text'>Compartir en Twitter<\/span><\/a><\/li><li class='av-share-link av-social-link-whatsapp' ><a target=\"_blank\" aria-label=\"Compartir en Whatsapp\" href='https:\/\/api.whatsapp.com\/send?text=https:\/\/radiorevelacionfm.cl\/?p=13139' aria-hidden='false' data-av_icon='\uf232' data-av_iconfont='entypo-fontello' title='' data-avia-related-tooltip='Compartir en Whatsapp' rel=\"noopener\"><span class='avia_hidden_link_text'>Compartir en Whatsapp<\/span><\/a><\/li><li class='av-share-link av-social-link-linkedin' ><a target=\"_blank\" aria-label=\"Compartir en LinkedIn\" href='https:\/\/linkedin.com\/shareArticle?mini=true&#038;title=Sindicato%20realiza%20elecciones%20electr%C3%B3nicas%20in%C3%A9ditas%20en%20la%20Regi%C3%B3n%20de%20Ays%C3%A9n&#038;url=https:\/\/radiorevelacionfm.cl\/?p=13139' aria-hidden='false' data-av_icon='\ue8fc' data-av_iconfont='entypo-fontello' title='' data-avia-related-tooltip='Compartir en LinkedIn' rel=\"noopener\"><span class='avia_hidden_link_text'>Compartir en LinkedIn<\/span><\/a><\/li><li class='av-share-link av-social-link-mail' ><a  aria-label=\"Compartir por correo\" href='mailto:?subject=Sindicato%20realiza%20elecciones%20electr%C3%B3nicas%20in%C3%A9ditas%20en%20la%20Regi%C3%B3n%20de%20Ays%C3%A9n&#038;body=https:\/\/radiorevelacionfm.cl\/?p=13139' aria-hidden='false' data-av_icon='\ue805' data-av_iconfont='entypo-fontello' title='' data-avia-related-tooltip='Compartir por correo'><span class='avia_hidden_link_text'>Compartir por correo<\/span><\/a><\/li><\/ul><\/div><\/div>\n<div  style='height:50px' class='hr hr-invisible   avia-builder-el-8  el_after_av_social_share  el_before_av_comments_list '><span class='hr-inner ' ><span class='hr-inner-style'><\/span><\/span><\/div>\n<div  class='av-buildercomment  av-blog-meta-html-info-disabled av-blog-meta-tag-disabled  '><\/div>\n","protected":false},"excerpt":{"rendered":"","protected":false},"author":1,"featured_media":13150,"comment_status":"open","ping_status":"open","sticky":false,"template":"","format":"standard","meta":{"footnotes":""},"categories":[56],"tags":[],"class_list":["post-13139","post","type-post","status-publish","format-standard","has-post-thumbnail","hentry","category-trabajo"],"jetpack_featured_media_url":"https:\/\/radiorevelacionfm.cl\/wp-content\/uploads\/2022\/01\/BLUMAR-5-1.jpg","_links":{"self":[{"href":"https:\/\/radiorevelacionfm.cl\/index.php?rest_route=\/wp\/v2\/posts\/13139","targetHints":{"allow":["GET"]}}],"collection":[{"href":"https:\/\/radiorevelacionfm.cl\/index.php?rest_route=\/wp\/v2\/posts"}],"about":[{"href":"https:\/\/radiorevelacionfm.cl\/index.php?rest_route=\/wp\/v2\/types\/post"}],"author":[{"embeddable":true,"href":"https:\/\/radiorevelacionfm.cl\/index.php?rest_route=\/wp\/v2\/users\/1"}],"replies":[{"embeddable":true,"href":"https:\/\/radiorevelacionfm.cl\/index.php?rest_route=%2Fwp%2Fv2%2Fcomments&post=13139"}],"version-history":[{"count":3,"href":"https:\/\/radiorevelacionfm.cl\/index.php?rest_route=\/wp\/v2\/posts\/13139\/revisions"}],"predecessor-version":[{"id":13149,"href":"https:\/\/radiorevelacionfm.cl\/index.php?rest_route=\/wp\/v2\/posts\/13139\/revisions\/13149"}],"wp:featuredmedia":[{"embeddable":true,"href":"https:\/\/radiorevelacionfm.cl\/index.php?rest_route=\/wp\/v2\/media\/13150"}],"wp:attachment":[{"href":"https:\/\/radiorevelacionfm.cl\/index.php?rest_route=%2Fwp%2Fv2%2Fmedia&parent=13139"}],"wp:term":[{"taxonomy":"category","embeddable":true,"href":"https:\/\/radiorevelacionfm.cl\/index.php?rest_route=%2Fwp%2Fv2%2Fcategories&post=13139"},{"taxonomy":"post_tag","embeddable":true,"href":"https:\/\/radiorevelacionfm.cl\/index.php?rest_route=%2Fwp%2Fv2%2Ftags&post=13139"}],"curies":[{"name":"wp","href":"https:\/\/api.w.org\/{rel}","templated":true}]}}