{"id":13135,"date":"2022-01-24T13:19:16","date_gmt":"2022-01-24T16:19:16","guid":{"rendered":"https:\/\/radiorevelacionfm.cl\/?p=13135"},"modified":"2022-01-24T13:19:16","modified_gmt":"2022-01-24T16:19:16","slug":"diputado-calisto-insiste-en-concretar-la-uci-pediatrica-en-hospital-regional","status":"publish","type":"post","link":"https:\/\/radiorevelacionfm.cl\/?p=13135","title":{"rendered":"Diputado Calisto insiste en concretar la UCI Pedi\u00e1trica en Hospital Regional"},"content":{"rendered":"<div class=\"flex_column av_one_full  flex_column_div av-zero-column-padding first  avia-builder-el-0  el_before_av_one_full  avia-builder-el-first  \" style='border-radius:0px; '><div  class='avia-image-container  av-styling-    avia-builder-el-1  avia-builder-el-no-sibling  avia-align-center '  itemprop=\"image\" itemscope=\"itemscope\" itemtype=\"https:\/\/schema.org\/ImageObject\"  ><div class='avia-image-container-inner'><div class='avia-image-overlay-wrap'><img decoding=\"async\" class='wp-image-13136 avia-img-lazy-loading-not-13136 avia_image' src=\"https:\/\/radiorevelacionfm.cl\/wp-content\/uploads\/2022\/01\/CALISTO-Y-DIR-SALUD-1-1.jpeg\" alt='' title='CALISTO Y DIR SALUD (1) (1)' height=\"600\" width=\"989\"  itemprop=\"thumbnailUrl\" srcset=\"https:\/\/radiorevelacionfm.cl\/wp-content\/uploads\/2022\/01\/CALISTO-Y-DIR-SALUD-1-1.jpeg 989w, https:\/\/radiorevelacionfm.cl\/wp-content\/uploads\/2022\/01\/CALISTO-Y-DIR-SALUD-1-1-300x182.jpeg 300w, https:\/\/radiorevelacionfm.cl\/wp-content\/uploads\/2022\/01\/CALISTO-Y-DIR-SALUD-1-1-768x466.jpeg 768w, https:\/\/radiorevelacionfm.cl\/wp-content\/uploads\/2022\/01\/CALISTO-Y-DIR-SALUD-1-1-705x428.jpeg 705w, https:\/\/radiorevelacionfm.cl\/wp-content\/uploads\/2022\/01\/CALISTO-Y-DIR-SALUD-1-1-600x364.jpeg 600w\" sizes=\"(max-width: 989px) 100vw, 989px\" \/><\/div><\/div><\/div><\/div><div class=\"flex_column av_one_full  flex_column_div av-zero-column-padding first  avia-builder-el-2  el_after_av_one_full  el_before_av_one_full  column-top-margin\" style='border-radius:0px; '><section class=\"av_textblock_section \"  itemscope=\"itemscope\" itemtype=\"https:\/\/schema.org\/BlogPosting\" itemprop=\"blogPost\" ><div class='avia_textblock  '   itemprop=\"text\" ><p style=\"text-align: center;\"><span style=\"font-size: 18pt;\"><b><span lang=\"ES\">Diputado Calisto insiste en concretar la UCI Pedi\u00e1trica en Hospital Regional<\/span><\/b><\/span><\/p>\n<div id=\"gtx-trans\" style=\"position: absolute; left: -50px; top: 4.31534px;\">\n<div class=\"gtx-trans-icon\"><\/div>\n<\/div>\n<\/div><\/section><\/div><div class=\"flex_column av_one_full  flex_column_div av-zero-column-padding first  avia-builder-el-4  el_after_av_one_full  el_before_av_hr  column-top-margin\" style='border-radius:0px; '><section class=\"av_textblock_section \"  itemscope=\"itemscope\" itemtype=\"https:\/\/schema.org\/BlogPosting\" itemprop=\"blogPost\" ><div class='avia_textblock  '   itemprop=\"text\" ><p style=\"font-weight: 400; text-align: justify;\">Consciente de las carencias que existen en materia de salud en la regi\u00f3n de Ays\u00e9n, el diputado Miguel \u00c1ngel Calisto se reuni\u00f3 con el Director del Servicio de Salud, Gabriel Burgos, para reiterarle la necesidad urgente de agilizar la implementaci\u00f3n y construcci\u00f3n de la UCI Pedi\u00e1trica en el Hospital Regional de Coyhaique.<\/p>\n<p style=\"font-weight: 400; text-align: justify;\">Esta unidad cuenta con la aprobaci\u00f3n de los recursos por parte del Gobierno Regional desde el a\u00f1o 2018, instancia en que se aprobaron m\u00e1s de 61 mil millones de pesos en un convenio de programaci\u00f3n para proyectos ligados al \u00e1rea de la salud, donde se incluye adem\u00e1s de la UCI Pedi\u00e1trica, la adquisici\u00f3n de ambulancias, entre otras iniciativas.<\/p>\n<p style=\"font-weight: 400; text-align: justify;\">Seg\u00fan el diputado Calisto, \u201csostuvimos una importante reuni\u00f3n con el Director del Servicio de Salud Ays\u00e9n, con la finalidad de pedirle que se agilice la implementaci\u00f3n de la UCI Pedi\u00e1trica. Este proyecto lo peleamos junto a muchas familias, muchas mam\u00e1s y pap\u00e1s que hemos tenido a nuestros hijos enfermos, pasando por situaciones complejas, dolorosas, al ser atendidos en la UCI del Hospital.<\/p>\n<p style=\"font-weight: 400; text-align: justify;\">En este tipo de situaciones, los ni\u00f1os que son atendidos en esta unidad, deben compartir espacio con personas mayores que est\u00e1n en estado cr\u00edtico, con todo lo que eso puede significar para un ni\u00f1o peque\u00f1o. Por esto, es fundamental tener un espacio especializado en infancia pronto, por lo que necesitamos que este proyecto avance.<\/p>\n<p style=\"font-weight: 400; text-align: justify;\">Los recursos para la UCI Pedi\u00e1trica fueros aprobados por parte del Gobierno Regional hace bastante tiempo, pero lamentablemente no hay avances. Creemos que es fundamental esta unidad para la regi\u00f3n de Ays\u00e9n, es de toda justicia, as\u00ed como tambi\u00e9n contar con un laboratorio de hemodinamia para las personas que tienen enfermedades coronarias.<\/p>\n<p style=\"font-weight: 400; text-align: justify;\">La salud debe ser una prioridad a nivel regional. Es bastante valorable as\u00ed los avances que han habido en materia de infraestructura para los hospitales provinciales en Ays\u00e9n, Cochrane y el futuro hospital de Chile Chico, pero es fundamental que estos recintos cuenten con mayor resolutividad. Esperamos tener resultados concretos durante el primer semestre de este a\u00f1o con respecto a la UCI Pedi\u00e1trica.<\/p>\n<\/div><\/section><\/div><div  style='height:50px' class='hr hr-invisible   avia-builder-el-6  el_after_av_one_full  el_before_av_social_share '><span class='hr-inner ' ><span class='hr-inner-style'><\/span><\/span><\/div><\/p>\n<div  class='av-social-sharing-box  avia-builder-el-7  el_after_av_hr  el_before_av_hr  '><div class='av-share-box'><h5 class='av-share-link-description av-no-toc '>Compartir esta noticia<\/h5><ul class='av-share-box-list noLightbox'><li class='av-share-link av-social-link-facebook' ><a target=\"_blank\" aria-label=\"Compartir en Facebook\" href='https:\/\/www.facebook.com\/sharer.php?u=https:\/\/radiorevelacionfm.cl\/?p=13135&#038;t=Diputado%20Calisto%20insiste%20en%20concretar%20la%20UCI%20Pedi%C3%A1trica%20en%20Hospital%20Regional' aria-hidden='false' data-av_icon='\ue8f3' data-av_iconfont='entypo-fontello' title='' data-avia-related-tooltip='Compartir en Facebook' rel=\"noopener\"><span class='avia_hidden_link_text'>Compartir en Facebook<\/span><\/a><\/li><li class='av-share-link av-social-link-twitter' ><a target=\"_blank\" aria-label=\"Compartir en Twitter\" href='https:\/\/twitter.com\/share?text=Diputado%20Calisto%20insiste%20en%20concretar%20la%20UCI%20Pedi%C3%A1trica%20en%20Hospital%20Regional&#038;url=https:\/\/radiorevelacionfm.cl\/?p=13135' aria-hidden='false' data-av_icon='\ue8f1' data-av_iconfont='entypo-fontello' title='' data-avia-related-tooltip='Compartir en Twitter' rel=\"noopener\"><span class='avia_hidden_link_text'>Compartir en Twitter<\/span><\/a><\/li><li class='av-share-link av-social-link-whatsapp' ><a target=\"_blank\" aria-label=\"Compartir en Whatsapp\" href='https:\/\/api.whatsapp.com\/send?text=https:\/\/radiorevelacionfm.cl\/?p=13135' aria-hidden='false' data-av_icon='\uf232' data-av_iconfont='entypo-fontello' title='' data-avia-related-tooltip='Compartir en Whatsapp' rel=\"noopener\"><span class='avia_hidden_link_text'>Compartir en Whatsapp<\/span><\/a><\/li><li class='av-share-link av-social-link-linkedin' ><a target=\"_blank\" aria-label=\"Compartir en LinkedIn\" href='https:\/\/linkedin.com\/shareArticle?mini=true&#038;title=Diputado%20Calisto%20insiste%20en%20concretar%20la%20UCI%20Pedi%C3%A1trica%20en%20Hospital%20Regional&#038;url=https:\/\/radiorevelacionfm.cl\/?p=13135' aria-hidden='false' data-av_icon='\ue8fc' data-av_iconfont='entypo-fontello' title='' data-avia-related-tooltip='Compartir en LinkedIn' rel=\"noopener\"><span class='avia_hidden_link_text'>Compartir en LinkedIn<\/span><\/a><\/li><li class='av-share-link av-social-link-mail' ><a  aria-label=\"Compartir por correo\" href='mailto:?subject=Diputado%20Calisto%20insiste%20en%20concretar%20la%20UCI%20Pedi%C3%A1trica%20en%20Hospital%20Regional&#038;body=https:\/\/radiorevelacionfm.cl\/?p=13135' aria-hidden='false' data-av_icon='\ue805' data-av_iconfont='entypo-fontello' title='' data-avia-related-tooltip='Compartir por correo'><span class='avia_hidden_link_text'>Compartir por correo<\/span><\/a><\/li><\/ul><\/div><\/div>\n<div  style='height:50px' class='hr hr-invisible   avia-builder-el-8  el_after_av_social_share  el_before_av_comments_list '><span class='hr-inner ' ><span class='hr-inner-style'><\/span><\/span><\/div>\n<div  class='av-buildercomment  av-blog-meta-html-info-disabled av-blog-meta-tag-disabled  '><\/div>\n","protected":false},"excerpt":{"rendered":"","protected":false},"author":1,"featured_media":13136,"comment_status":"open","ping_status":"open","sticky":false,"template":"","format":"standard","meta":{"footnotes":""},"categories":[35],"tags":[],"class_list":["post-13135","post","type-post","status-publish","format-standard","has-post-thumbnail","hentry","category-politica"],"jetpack_featured_media_url":"https:\/\/radiorevelacionfm.cl\/wp-content\/uploads\/2022\/01\/CALISTO-Y-DIR-SALUD-1-1.jpeg","_links":{"self":[{"href":"https:\/\/radiorevelacionfm.cl\/index.php?rest_route=\/wp\/v2\/posts\/13135","targetHints":{"allow":["GET"]}}],"collection":[{"href":"https:\/\/radiorevelacionfm.cl\/index.php?rest_route=\/wp\/v2\/posts"}],"about":[{"href":"https:\/\/radiorevelacionfm.cl\/index.php?rest_route=\/wp\/v2\/types\/post"}],"author":[{"embeddable":true,"href":"https:\/\/radiorevelacionfm.cl\/index.php?rest_route=\/wp\/v2\/users\/1"}],"replies":[{"embeddable":true,"href":"https:\/\/radiorevelacionfm.cl\/index.php?rest_route=%2Fwp%2Fv2%2Fcomments&post=13135"}],"version-history":[{"count":2,"href":"https:\/\/radiorevelacionfm.cl\/index.php?rest_route=\/wp\/v2\/posts\/13135\/revisions"}],"predecessor-version":[{"id":13145,"href":"https:\/\/radiorevelacionfm.cl\/index.php?rest_route=\/wp\/v2\/posts\/13135\/revisions\/13145"}],"wp:featuredmedia":[{"embeddable":true,"href":"https:\/\/radiorevelacionfm.cl\/index.php?rest_route=\/wp\/v2\/media\/13136"}],"wp:attachment":[{"href":"https:\/\/radiorevelacionfm.cl\/index.php?rest_route=%2Fwp%2Fv2%2Fmedia&parent=13135"}],"wp:term":[{"taxonomy":"category","embeddable":true,"href":"https:\/\/radiorevelacionfm.cl\/index.php?rest_route=%2Fwp%2Fv2%2Fcategories&post=13135"},{"taxonomy":"post_tag","embeddable":true,"href":"https:\/\/radiorevelacionfm.cl\/index.php?rest_route=%2Fwp%2Fv2%2Ftags&post=13135"}],"curies":[{"name":"wp","href":"https:\/\/api.w.org\/{rel}","templated":true}]}}