{"id":13130,"date":"2022-01-24T12:47:28","date_gmt":"2022-01-24T15:47:28","guid":{"rendered":"https:\/\/radiorevelacionfm.cl\/?p=13130"},"modified":"2022-01-24T12:47:28","modified_gmt":"2022-01-24T15:47:28","slug":"acuerdan-trabajo-para-la-construccion-de-la-casa-del-deportista-en-coyhaique","status":"publish","type":"post","link":"https:\/\/radiorevelacionfm.cl\/?p=13130","title":{"rendered":"Acuerdan trabajo para la construcci\u00f3n de la Casa del Deportista en Coyhaique"},"content":{"rendered":"<div class=\"flex_column av_one_full  flex_column_div av-zero-column-padding first  avia-builder-el-0  el_before_av_one_full  avia-builder-el-first  \" style='border-radius:0px; '><div  class='avia-image-container  av-styling-    avia-builder-el-1  avia-builder-el-no-sibling  avia-align-center '  itemprop=\"image\" itemscope=\"itemscope\" itemtype=\"https:\/\/schema.org\/ImageObject\"  ><div class='avia-image-container-inner'><div class='avia-image-overlay-wrap'><img decoding=\"async\" class='wp-image-13132 avia-img-lazy-loading-not-13132 avia_image' src=\"https:\/\/radiorevelacionfm.cl\/wp-content\/uploads\/2022\/01\/Casa-del-Deportista-1-1.jpeg\" alt='' title='Casa del Deportista 1 (1)' height=\"600\" width=\"900\"  itemprop=\"thumbnailUrl\" srcset=\"https:\/\/radiorevelacionfm.cl\/wp-content\/uploads\/2022\/01\/Casa-del-Deportista-1-1.jpeg 900w, https:\/\/radiorevelacionfm.cl\/wp-content\/uploads\/2022\/01\/Casa-del-Deportista-1-1-300x200.jpeg 300w, https:\/\/radiorevelacionfm.cl\/wp-content\/uploads\/2022\/01\/Casa-del-Deportista-1-1-768x512.jpeg 768w, https:\/\/radiorevelacionfm.cl\/wp-content\/uploads\/2022\/01\/Casa-del-Deportista-1-1-705x470.jpeg 705w, https:\/\/radiorevelacionfm.cl\/wp-content\/uploads\/2022\/01\/Casa-del-Deportista-1-1-600x400.jpeg 600w\" sizes=\"(max-width: 900px) 100vw, 900px\" \/><\/div><\/div><\/div><\/div><div class=\"flex_column av_one_full  flex_column_div av-zero-column-padding first  avia-builder-el-2  el_after_av_one_full  el_before_av_one_full  column-top-margin\" style='border-radius:0px; '><section class=\"av_textblock_section \"  itemscope=\"itemscope\" itemtype=\"https:\/\/schema.org\/BlogPosting\" itemprop=\"blogPost\" ><div class='avia_textblock  '   itemprop=\"text\" ><p style=\"text-align: center;\"><span style=\"font-size: 18pt;\"><b>Acuerdan trabajo para la construcci\u00f3n de la Casa del Deportista en Coyhaique<span class=\"v1gmail-Apple-converted-space\">\u00a0<\/span><\/b><\/span><\/p>\n<div id=\"gtx-trans\" style=\"position: absolute; left: -50px; top: 4.31534px;\">\n<div class=\"gtx-trans-icon\"><\/div>\n<\/div>\n<\/div><\/section><\/div><div class=\"flex_column av_one_full  flex_column_div av-zero-column-padding first  avia-builder-el-4  el_after_av_one_full  el_before_av_hr  column-top-margin\" style='border-radius:0px; '><section class=\"av_textblock_section \"  itemscope=\"itemscope\" itemtype=\"https:\/\/schema.org\/BlogPosting\" itemprop=\"blogPost\" ><div class='avia_textblock  '   itemprop=\"text\" ><p style=\"text-align: justify;\">Un espacio para organizaciones deportivas, que se pueda organizar por ellos mismos y que tenga todas las implementaciones necesarias, ser\u00e1 parte del trabajo conjunto que comprometieron la Gobernadora Regional Andrea Mac\u00edas y el alcalde de la comuna de Coyhaique.<span class=\"v1gmail-Apple-converted-space\">\u00a0<\/span><\/p>\n<p style=\"text-align: justify;\">\u00abDesde el Gobierno Regional convocamos a una mesa de trabajo, a trav\u00e9s de nuestra Divisi\u00f3n de Desarrollo Social y Humano (DIDESOH), porque de verdad que estamos convencidos que si hay un medio de transformaci\u00f3n social potente es el de deporte en sus distintas disciplinas\u00bb, manifest\u00f3 la Gobernadora Andrea Mac\u00edas en la reuni\u00f3n ampliada que se gener\u00f3 entre distintos actores involucrados.<span class=\"v1gmail-Apple-converted-space\">\u00a0<\/span><\/p>\n<p style=\"text-align: justify;\">Este proyecto, que ha sido un anhelo por varios a\u00f1os de parte de las organizaciones deportivas de la comuna de Coyhaique, al fin comienza a ver la luz con el compromiso del Municipio y el Gobierno Regional.<span class=\"v1gmail-Apple-converted-space\">\u00a0<\/span><\/p>\n<p style=\"text-align: justify;\">Para el alcalde Carlos Gatica, la noticia del compromiso que comienza entre ambas instituciones es fundamental para el desarrollo de las organizaciones de la comuna.<span class=\"v1gmail-Apple-converted-space\">\u00a0<\/span><\/p>\n<p style=\"text-align: justify;\">\u00abHoy d\u00eda tenemos la misi\u00f3n de poder recalcular un proyecto que vienen trabajando hace muchos a\u00f1os la Asociaci\u00f3n de F\u00fatbol y otras asociaciones deportivas, que tiene que ver con la Casa del Deportista, hoy d\u00eda vemos una esperanza y un horizonte en poder ejecutar esta obras tan anhelada por nuestros dirigentes sindicales, dirigentes sociales, dirigentes deportivos. Vamos a recalcular este proyecto para presentarlo lo m\u00e1s pronto posible, pero tambi\u00e9n forma parte de la mesa que constituye este Gobierno Regional para poder ir viendo proyectos deportivos, no tan solo el f\u00fatbol, sino que es en otras disciplinas para poder darle dignidad y tambi\u00e9n recuperar esa deuda que tenemos con los deportistas para nuestra regi\u00f3n\u00bb, afirm\u00f3.<span class=\"v1gmail-Apple-converted-space\">\u00a0<\/span><\/p>\n<p style=\"text-align: justify;\">Dentro de los dirigentes presentes en esta mesa de trabajo, Roberto Espinoza, Club Deportivo San Juan de Lago Pollux del ANFA Coyhaique, manifest\u00f3 la alegr\u00eda de las noticias del proyecto que podr\u00e1 ver la luz.<span class=\"v1gmail-Apple-converted-space\">\u00a0<\/span><\/p>\n<p style=\"text-align: justify;\">\u00abLa Casa del Deportista aqu\u00ed en Coyhaique es muy necesaria, no solamente para nosotros como ANFA Coyhaique y no solamente para Coyhaique, sino para la regi\u00f3n de Ays\u00e9n producto que podemos trabajar ampliamente con muchas delegaciones y con muchas disciplinas deportivas ah\u00ed y eso ha sido planteado a trav\u00e9s del se\u00f1or alcalde de don Carlos Gatica y la se\u00f1ora Gobernadora Andrea Mac\u00edas\u00bb, coment\u00f3.<span class=\"v1gmail-Apple-converted-space\">\u00a0<\/span><br \/>\n<b><br \/>\nEje del Gobierno Regional<\/b><\/p>\n<p style=\"text-align: justify;\">La promoci\u00f3n del deporte, en sus distintas manifestaciones, es prioridad para la gesti\u00f3n del Plan de Gobierno de la Gobernadora Andrea Mac\u00edas.<span class=\"v1gmail-Apple-converted-space\">\u00a0<\/span><\/p>\n<p style=\"text-align: justify;\">\u00abCuando decimos deporte, hablamos de trabajo en equipo, de constancia, de niveles de tolerancia a la frustraci\u00f3n, a nuevos aprendizajes. Queremos ir avanzando a ser una mejor regi\u00f3n con mejores personas, con mejores ciudadanos y que podamos estar m\u00e1s sanos, tener una salud mental que nos permita hacer una aporte para el desarrollo de nuestra regi\u00f3n. Por eso recogemos el guante en materia de las necesidades que existen, pero esto es de ida y vuelta y aqu\u00ed la invitaci\u00f3n es a que podamos iniciar entonces un trabajo en conjunto. Yo me alegro de ver este avance que ha habido entre las asociaciones, para poder sentarnos todos dialogar entendiendo que tenemos un solo objetivo com\u00fan y que hacia all\u00e1 debemos todos remar\u00bb, puntualiz\u00f3 la Gobernadora Mac\u00edas.<span class=\"v1gmail-Apple-converted-space\">\u00a0<\/span><\/p>\n<p style=\"text-align: justify;\">El Consejero Regional y presidente de la Comisi\u00f3n Social, Gustavo Villarroel, manifest\u00f3 en la oportunidad. \u00abHemos intentado hacer los esfuerzos para canalizar aquellos apoyos de financiamiento, se provoca una gran distancia en c\u00f3mo lograr el financiamiento para el proyecto de infraestructura, por lo tanto creo que este trabajo conjunto va a permitir poder priorizar y en ese sentido sabemos que siempre Gobernadora, en su calidad de Presidenta del Consejo, va a estar la disposici\u00f3n para apoyar primero en lo que guarda relaci\u00f3n a las prioridades y, en segundo lugar, las distintas alternativas de financiamiento\u00bb.<span class=\"v1gmail-Apple-converted-space\">\u00a0<\/span><\/p>\n<p style=\"text-align: justify;\">Finalmente, Ren\u00e9 Ram\u00edrez, Presidente del ANFA Coyhaique, destac\u00f3 la noticia que luego de muchos a\u00f1os para poder tener una Casa del Deportista. \u00abSomos 18 equipos en este momento d\u00f3nde poder hacer nuestras reuniones, poder tener nuestros equipamientos y poder juntarnos tranquilamente a compartir un momento dado. Muchas veces a nosotros dijeron que nosotros no \u00e9ramos capaces como Asociaci\u00f3n de F\u00fatbol de poder administrar algo as\u00ed, pero yo siempre he dicho, nosotros ya somos viejos, pero tenemos hijos, y tenemos nietos que son ingenieros que son profesionales que f\u00e1cilmente pueden administrar y son jugadores, y son integrantes de nuestra asociaci\u00f3n y pueden administrar satisfactoriamente una estructura tan grande como esta\u00bb.<span style=\"color: #888888;\"><br \/>\n<\/span><\/p>\n<div><\/div>\n<\/div><\/section><\/div><div  style='height:50px' class='hr hr-invisible   avia-builder-el-6  el_after_av_one_full  el_before_av_social_share '><span class='hr-inner ' ><span class='hr-inner-style'><\/span><\/span><\/div><\/p>\n<div  class='av-social-sharing-box  avia-builder-el-7  el_after_av_hr  el_before_av_hr  '><div class='av-share-box'><h5 class='av-share-link-description av-no-toc '>Compartir esta noticia<\/h5><ul class='av-share-box-list noLightbox'><li class='av-share-link av-social-link-facebook' ><a target=\"_blank\" aria-label=\"Compartir en Facebook\" href='https:\/\/www.facebook.com\/sharer.php?u=https:\/\/radiorevelacionfm.cl\/?p=13130&#038;t=Acuerdan%20trabajo%20para%20la%20construcci%C3%B3n%20de%20la%20Casa%20del%20Deportista%20en%20Coyhaique' aria-hidden='false' data-av_icon='\ue8f3' data-av_iconfont='entypo-fontello' title='' data-avia-related-tooltip='Compartir en Facebook' rel=\"noopener\"><span class='avia_hidden_link_text'>Compartir en Facebook<\/span><\/a><\/li><li class='av-share-link av-social-link-twitter' ><a target=\"_blank\" aria-label=\"Compartir en Twitter\" href='https:\/\/twitter.com\/share?text=Acuerdan%20trabajo%20para%20la%20construcci%C3%B3n%20de%20la%20Casa%20del%20Deportista%20en%20Coyhaique&#038;url=https:\/\/radiorevelacionfm.cl\/?p=13130' aria-hidden='false' data-av_icon='\ue8f1' data-av_iconfont='entypo-fontello' title='' data-avia-related-tooltip='Compartir en Twitter' rel=\"noopener\"><span class='avia_hidden_link_text'>Compartir en Twitter<\/span><\/a><\/li><li class='av-share-link av-social-link-whatsapp' ><a target=\"_blank\" aria-label=\"Compartir en Whatsapp\" href='https:\/\/api.whatsapp.com\/send?text=https:\/\/radiorevelacionfm.cl\/?p=13130' aria-hidden='false' data-av_icon='\uf232' data-av_iconfont='entypo-fontello' title='' data-avia-related-tooltip='Compartir en Whatsapp' rel=\"noopener\"><span class='avia_hidden_link_text'>Compartir en Whatsapp<\/span><\/a><\/li><li class='av-share-link av-social-link-linkedin' ><a target=\"_blank\" aria-label=\"Compartir en LinkedIn\" href='https:\/\/linkedin.com\/shareArticle?mini=true&#038;title=Acuerdan%20trabajo%20para%20la%20construcci%C3%B3n%20de%20la%20Casa%20del%20Deportista%20en%20Coyhaique&#038;url=https:\/\/radiorevelacionfm.cl\/?p=13130' aria-hidden='false' data-av_icon='\ue8fc' data-av_iconfont='entypo-fontello' title='' data-avia-related-tooltip='Compartir en LinkedIn' rel=\"noopener\"><span class='avia_hidden_link_text'>Compartir en LinkedIn<\/span><\/a><\/li><li class='av-share-link av-social-link-mail' ><a  aria-label=\"Compartir por correo\" href='mailto:?subject=Acuerdan%20trabajo%20para%20la%20construcci%C3%B3n%20de%20la%20Casa%20del%20Deportista%20en%20Coyhaique&#038;body=https:\/\/radiorevelacionfm.cl\/?p=13130' aria-hidden='false' data-av_icon='\ue805' data-av_iconfont='entypo-fontello' title='' data-avia-related-tooltip='Compartir por correo'><span class='avia_hidden_link_text'>Compartir por correo<\/span><\/a><\/li><\/ul><\/div><\/div>\n<div  style='height:50px' class='hr hr-invisible   avia-builder-el-8  el_after_av_social_share  el_before_av_comments_list '><span class='hr-inner ' ><span class='hr-inner-style'><\/span><\/span><\/div>\n<div  class='av-buildercomment  av-blog-meta-html-info-disabled av-blog-meta-tag-disabled  '><\/div>\n","protected":false},"excerpt":{"rendered":"","protected":false},"author":1,"featured_media":13132,"comment_status":"open","ping_status":"open","sticky":false,"template":"","format":"standard","meta":{"footnotes":""},"categories":[38],"tags":[],"class_list":["post-13130","post","type-post","status-publish","format-standard","has-post-thumbnail","hentry","category-regional"],"jetpack_featured_media_url":"https:\/\/radiorevelacionfm.cl\/wp-content\/uploads\/2022\/01\/Casa-del-Deportista-1-1.jpeg","_links":{"self":[{"href":"https:\/\/radiorevelacionfm.cl\/index.php?rest_route=\/wp\/v2\/posts\/13130","targetHints":{"allow":["GET"]}}],"collection":[{"href":"https:\/\/radiorevelacionfm.cl\/index.php?rest_route=\/wp\/v2\/posts"}],"about":[{"href":"https:\/\/radiorevelacionfm.cl\/index.php?rest_route=\/wp\/v2\/types\/post"}],"author":[{"embeddable":true,"href":"https:\/\/radiorevelacionfm.cl\/index.php?rest_route=\/wp\/v2\/users\/1"}],"replies":[{"embeddable":true,"href":"https:\/\/radiorevelacionfm.cl\/index.php?rest_route=%2Fwp%2Fv2%2Fcomments&post=13130"}],"version-history":[{"count":2,"href":"https:\/\/radiorevelacionfm.cl\/index.php?rest_route=\/wp\/v2\/posts\/13130\/revisions"}],"predecessor-version":[{"id":13134,"href":"https:\/\/radiorevelacionfm.cl\/index.php?rest_route=\/wp\/v2\/posts\/13130\/revisions\/13134"}],"wp:featuredmedia":[{"embeddable":true,"href":"https:\/\/radiorevelacionfm.cl\/index.php?rest_route=\/wp\/v2\/media\/13132"}],"wp:attachment":[{"href":"https:\/\/radiorevelacionfm.cl\/index.php?rest_route=%2Fwp%2Fv2%2Fmedia&parent=13130"}],"wp:term":[{"taxonomy":"category","embeddable":true,"href":"https:\/\/radiorevelacionfm.cl\/index.php?rest_route=%2Fwp%2Fv2%2Fcategories&post=13130"},{"taxonomy":"post_tag","embeddable":true,"href":"https:\/\/radiorevelacionfm.cl\/index.php?rest_route=%2Fwp%2Fv2%2Ftags&post=13130"}],"curies":[{"name":"wp","href":"https:\/\/api.w.org\/{rel}","templated":true}]}}