{"id":13124,"date":"2022-01-24T09:34:16","date_gmt":"2022-01-24T12:34:16","guid":{"rendered":"https:\/\/radiorevelacionfm.cl\/?p=13124"},"modified":"2022-01-24T09:44:33","modified_gmt":"2022-01-24T12:44:33","slug":"sandoval-planteo-la-necesidad-de-concretar-la-adquisicion-de-un-angiogoafo-al-presidente-pinera-en-su-visita-a-la-region-de-aysen","status":"publish","type":"post","link":"https:\/\/radiorevelacionfm.cl\/?p=13124","title":{"rendered":"Sandoval plante\u00f3 la necesidad de concretar la adquisici\u00f3n de un angi\u00f3grafo al Presidente Pi\u00f1era en su visita a la regi\u00f3n de Ays\u00e9n"},"content":{"rendered":"<div class=\"flex_column av_one_full  flex_column_div av-zero-column-padding first  avia-builder-el-0  el_before_av_one_full  avia-builder-el-first  \" style='border-radius:0px; '><div  class='avia-image-container  av-styling-    avia-builder-el-1  avia-builder-el-no-sibling  avia-align-center '  itemprop=\"image\" itemscope=\"itemscope\" itemtype=\"https:\/\/schema.org\/ImageObject\"  ><div class='avia-image-container-inner'><div class='avia-image-overlay-wrap'><img decoding=\"async\" class='wp-image-13125 avia-img-lazy-loading-not-13125 avia_image' src=\"https:\/\/radiorevelacionfm.cl\/wp-content\/uploads\/2022\/01\/SENADOR-SANDOVAL-6-1-1.jpg\" alt='' title='SENADOR SANDOVAL (6) (1) (1)' height=\"600\" width=\"800\"  itemprop=\"thumbnailUrl\" srcset=\"https:\/\/radiorevelacionfm.cl\/wp-content\/uploads\/2022\/01\/SENADOR-SANDOVAL-6-1-1.jpg 800w, https:\/\/radiorevelacionfm.cl\/wp-content\/uploads\/2022\/01\/SENADOR-SANDOVAL-6-1-1-300x225.jpg 300w, https:\/\/radiorevelacionfm.cl\/wp-content\/uploads\/2022\/01\/SENADOR-SANDOVAL-6-1-1-768x576.jpg 768w, https:\/\/radiorevelacionfm.cl\/wp-content\/uploads\/2022\/01\/SENADOR-SANDOVAL-6-1-1-705x529.jpg 705w, https:\/\/radiorevelacionfm.cl\/wp-content\/uploads\/2022\/01\/SENADOR-SANDOVAL-6-1-1-600x450.jpg 600w\" sizes=\"(max-width: 800px) 100vw, 800px\" \/><\/div><\/div><\/div><\/div>\n<div class=\"flex_column av_one_full  flex_column_div av-zero-column-padding first  avia-builder-el-2  el_after_av_one_full  el_before_av_one_full  column-top-margin\" style='border-radius:0px; '><section class=\"av_textblock_section \"  itemscope=\"itemscope\" itemtype=\"https:\/\/schema.org\/BlogPosting\" itemprop=\"blogPost\" ><div class='avia_textblock  '   itemprop=\"text\" ><p style=\"text-align: center;\"><span style=\"font-size: 18pt;\"><strong>Sandoval plante\u00f3 la necesidad de concretar la adquisici\u00f3n de un angi\u00f3grafo al Presidente Pi\u00f1era en su visita a la regi\u00f3n de Ays\u00e9n<\/strong><\/span><\/p>\n<div id=\"gtx-trans\" style=\"position: absolute; left: -50px; top: 4.31534px;\">\n<div class=\"gtx-trans-icon\"><\/div>\n<\/div>\n<\/div><\/section><\/div><div class=\"flex_column av_one_full  flex_column_div av-zero-column-padding first  avia-builder-el-4  el_after_av_one_full  el_before_av_hr  column-top-margin\" style='border-radius:0px; '><section class=\"av_textblock_section \"  itemscope=\"itemscope\" itemtype=\"https:\/\/schema.org\/BlogPosting\" itemprop=\"blogPost\" ><div class='avia_textblock  '   itemprop=\"text\" ><p style=\"text-align: justify;\">\u201cTener este equipamiento en la regi\u00f3n va a ser un aporte muy grande para salvar vidas y evitar grandes secuelas\u201d. As\u00ed lo afirm\u00f3 el senador David Sandoval, respecto a la necesidad de concretar el proyecto de adquisici\u00f3n de un angi\u00f3grafo, herramienta fundamental para la unidad de Hemodinamia del Hospital Regional de Coyhaique, tema que plante\u00f3 al presidente Sebasti\u00e1n Pi\u00f1era, en su reciente visita a la regi\u00f3n de Ays\u00e9n.<\/p>\n<p style=\"text-align: justify;\">En ese contexto, Sandoval record\u00f3 que los accidentes cerebrovasculares son, junto con el c\u00e1ncer, una de las principales causas de muerte a nivel regional, por lo cual destac\u00f3 el compromiso del ministerio de Hacienda y la Subsecretar\u00eda de Redes Asistenciales, para poner en marcha el proyecto. \u201cLas dos horas, cuando una persona est\u00e1 infartada, son cruciales en la sobrevida de esa persona\u201d, puntualiz\u00f3.<\/p>\n<p style=\"text-align: justify;\">\u201cAdem\u00e1s es crucial para que las eventuales secuelas, sean las m\u00ednimas posibles\u201d, se\u00f1al\u00f3 el parlamentario.<\/p>\n<p style=\"text-align: justify;\">En ese contexto, el parlamentario particip\u00f3 en la ceremonia de corte de cinta e inauguraci\u00f3n del Hospital de Cochrane, obra largamente esperada por la comunidad. \u201cUn orgullo que est\u00e9 el Presidente y la Primera Dama (Cecilia Morel), en una obra que es un anhelo de d\u00e9cadas. Yo conoc\u00ed el hospital cuando aqu\u00ed hab\u00eda dos viviendas coravit, como una posta. Despu\u00e9s con la segunda etapa del edificio antiguo, por lo tanto, tengo una historia humana de muchos profesionales, de gente que luch\u00f3 por este tema\u201d, record\u00f3.<\/p>\n<p style=\"text-align: justify;\">En esa l\u00ednea, el legislador resalt\u00f3 especialmente el rol que cumpli\u00f3 en su minuto el ex alcalde de Cochrane, Patricio Ulloa, que fue quien consigui\u00f3 con el entonces ministro de Salud, Jaime Ma\u00f1alich, los recursos para el financiamiento del dise\u00f1o de este proyecto. \u201cLo m\u00e1s importante es que no solamente Cochrane, sino que la zona sur de la regi\u00f3n de Ays\u00e9n tiene un centro hospitalario que le permitir\u00e1 dar un salto en la calidad de vida y en la salud de las personas\u201d, subray\u00f3.<\/p>\n<p style=\"text-align: justify;\">Finalmente, el senador Sandoval, tambi\u00e9n valor\u00f3 lo que se est\u00e1 haciendo en otras zonas de la regi\u00f3n en materia de infraestructura de salud, entre ellas, Chile Chico, con la construcci\u00f3n del nuevo hospital, la necesidad de avanzar en el nuevo hospital Regional, as\u00ed como la importancia de contar con el angi\u00f3grafo, entre otras iniciativas. \u201cSon grandes noticias, sumado al desaf\u00edo de la mediana complejidad del hospital de Puerto Ays\u00e9n, que tambi\u00e9n es un anhelo de la comunidad. Todas son obras que tienen mucho sentido\u201d, concluy\u00f3.<\/p>\n<\/div><\/section><\/div><div  style='height:50px' class='hr hr-invisible   avia-builder-el-6  el_after_av_one_full  el_before_av_social_share '><span class='hr-inner ' ><span class='hr-inner-style'><\/span><\/span><\/div><\/p>\n<div  class='av-social-sharing-box  avia-builder-el-7  el_after_av_hr  el_before_av_hr  '><div class='av-share-box'><h5 class='av-share-link-description av-no-toc '>Compartir esta noticia<\/h5><ul class='av-share-box-list noLightbox'><li class='av-share-link av-social-link-facebook' ><a target=\"_blank\" aria-label=\"Compartir en Facebook\" href='https:\/\/www.facebook.com\/sharer.php?u=https:\/\/radiorevelacionfm.cl\/?p=13124&#038;t=Sandoval%20plante%C3%B3%20la%20necesidad%20de%20concretar%20la%20adquisici%C3%B3n%20de%20un%20angi%C3%B3grafo%20al%20Presidente%20Pi%C3%B1era%20en%20su%20visita%20a%20la%20regi%C3%B3n%20de%20Ays%C3%A9n' aria-hidden='false' data-av_icon='\ue8f3' data-av_iconfont='entypo-fontello' title='' data-avia-related-tooltip='Compartir en Facebook' rel=\"noopener\"><span class='avia_hidden_link_text'>Compartir en Facebook<\/span><\/a><\/li><li class='av-share-link av-social-link-twitter' ><a target=\"_blank\" aria-label=\"Compartir en Twitter\" href='https:\/\/twitter.com\/share?text=Sandoval%20plante%C3%B3%20la%20necesidad%20de%20concretar%20la%20adquisici%C3%B3n%20de%20un%20angi%C3%B3grafo%20al%20Presidente%20Pi%C3%B1era%20en%20su%20visita%20a%20la%20regi%C3%B3n%20de%20Ays%C3%A9n&#038;url=https:\/\/radiorevelacionfm.cl\/?p=13124' aria-hidden='false' data-av_icon='\ue8f1' data-av_iconfont='entypo-fontello' title='' data-avia-related-tooltip='Compartir en Twitter' rel=\"noopener\"><span class='avia_hidden_link_text'>Compartir en Twitter<\/span><\/a><\/li><li class='av-share-link av-social-link-whatsapp' ><a target=\"_blank\" aria-label=\"Compartir en Whatsapp\" href='https:\/\/api.whatsapp.com\/send?text=https:\/\/radiorevelacionfm.cl\/?p=13124' aria-hidden='false' data-av_icon='\uf232' data-av_iconfont='entypo-fontello' title='' data-avia-related-tooltip='Compartir en Whatsapp' rel=\"noopener\"><span class='avia_hidden_link_text'>Compartir en Whatsapp<\/span><\/a><\/li><li class='av-share-link av-social-link-linkedin' ><a target=\"_blank\" aria-label=\"Compartir en LinkedIn\" href='https:\/\/linkedin.com\/shareArticle?mini=true&#038;title=Sandoval%20plante%C3%B3%20la%20necesidad%20de%20concretar%20la%20adquisici%C3%B3n%20de%20un%20angi%C3%B3grafo%20al%20Presidente%20Pi%C3%B1era%20en%20su%20visita%20a%20la%20regi%C3%B3n%20de%20Ays%C3%A9n&#038;url=https:\/\/radiorevelacionfm.cl\/?p=13124' aria-hidden='false' data-av_icon='\ue8fc' data-av_iconfont='entypo-fontello' title='' data-avia-related-tooltip='Compartir en LinkedIn' rel=\"noopener\"><span class='avia_hidden_link_text'>Compartir en LinkedIn<\/span><\/a><\/li><li class='av-share-link av-social-link-mail' ><a  aria-label=\"Compartir por correo\" href='mailto:?subject=Sandoval%20plante%C3%B3%20la%20necesidad%20de%20concretar%20la%20adquisici%C3%B3n%20de%20un%20angi%C3%B3grafo%20al%20Presidente%20Pi%C3%B1era%20en%20su%20visita%20a%20la%20regi%C3%B3n%20de%20Ays%C3%A9n&#038;body=https:\/\/radiorevelacionfm.cl\/?p=13124' aria-hidden='false' data-av_icon='\ue805' data-av_iconfont='entypo-fontello' title='' data-avia-related-tooltip='Compartir por correo'><span class='avia_hidden_link_text'>Compartir por correo<\/span><\/a><\/li><\/ul><\/div><\/div>\n<div  style='height:50px' class='hr hr-invisible   avia-builder-el-8  el_after_av_social_share  el_before_av_comments_list '><span class='hr-inner ' ><span class='hr-inner-style'><\/span><\/span><\/div>\n<div  class='av-buildercomment  av-blog-meta-html-info-disabled av-blog-meta-tag-disabled  '><\/div>\n","protected":false},"excerpt":{"rendered":"","protected":false},"author":1,"featured_media":13125,"comment_status":"open","ping_status":"open","sticky":false,"template":"","format":"standard","meta":{"footnotes":""},"categories":[35],"tags":[],"class_list":["post-13124","post","type-post","status-publish","format-standard","has-post-thumbnail","hentry","category-politica"],"jetpack_featured_media_url":"https:\/\/radiorevelacionfm.cl\/wp-content\/uploads\/2022\/01\/SENADOR-SANDOVAL-6-1-1.jpg","_links":{"self":[{"href":"https:\/\/radiorevelacionfm.cl\/index.php?rest_route=\/wp\/v2\/posts\/13124","targetHints":{"allow":["GET"]}}],"collection":[{"href":"https:\/\/radiorevelacionfm.cl\/index.php?rest_route=\/wp\/v2\/posts"}],"about":[{"href":"https:\/\/radiorevelacionfm.cl\/index.php?rest_route=\/wp\/v2\/types\/post"}],"author":[{"embeddable":true,"href":"https:\/\/radiorevelacionfm.cl\/index.php?rest_route=\/wp\/v2\/users\/1"}],"replies":[{"embeddable":true,"href":"https:\/\/radiorevelacionfm.cl\/index.php?rest_route=%2Fwp%2Fv2%2Fcomments&post=13124"}],"version-history":[{"count":3,"href":"https:\/\/radiorevelacionfm.cl\/index.php?rest_route=\/wp\/v2\/posts\/13124\/revisions"}],"predecessor-version":[{"id":13127,"href":"https:\/\/radiorevelacionfm.cl\/index.php?rest_route=\/wp\/v2\/posts\/13124\/revisions\/13127"}],"wp:featuredmedia":[{"embeddable":true,"href":"https:\/\/radiorevelacionfm.cl\/index.php?rest_route=\/wp\/v2\/media\/13125"}],"wp:attachment":[{"href":"https:\/\/radiorevelacionfm.cl\/index.php?rest_route=%2Fwp%2Fv2%2Fmedia&parent=13124"}],"wp:term":[{"taxonomy":"category","embeddable":true,"href":"https:\/\/radiorevelacionfm.cl\/index.php?rest_route=%2Fwp%2Fv2%2Fcategories&post=13124"},{"taxonomy":"post_tag","embeddable":true,"href":"https:\/\/radiorevelacionfm.cl\/index.php?rest_route=%2Fwp%2Fv2%2Ftags&post=13124"}],"curies":[{"name":"wp","href":"https:\/\/api.w.org\/{rel}","templated":true}]}}