{"id":13117,"date":"2022-01-23T13:21:26","date_gmt":"2022-01-23T16:21:26","guid":{"rendered":"https:\/\/radiorevelacionfm.cl\/?p=13117"},"modified":"2022-01-23T13:21:26","modified_gmt":"2022-01-23T16:21:26","slug":"litoralena-localidad-de-puerto-gala-tendra-recinto-de-votacion-para-las-proximas-elecciones","status":"publish","type":"post","link":"https:\/\/radiorevelacionfm.cl\/?p=13117","title":{"rendered":"Litorale\u00f1a localidad de Puerto Gala tendr\u00e1 recinto de votaci\u00f3n para las pr\u00f3ximas elecciones"},"content":{"rendered":"<div class=\"flex_column av_one_full  flex_column_div av-zero-column-padding first  avia-builder-el-0  el_before_av_one_full  avia-builder-el-first  \" style='border-radius:0px; '><div  class='avia-image-container  av-styling-    avia-builder-el-1  avia-builder-el-no-sibling  avia-align-center '  itemprop=\"image\" itemscope=\"itemscope\" itemtype=\"https:\/\/schema.org\/ImageObject\"  ><div class='avia-image-container-inner'><div class='avia-image-overlay-wrap'><img decoding=\"async\" class='wp-image-13118 avia-img-lazy-loading-not-13118 avia_image' src=\"https:\/\/radiorevelacionfm.cl\/wp-content\/uploads\/2022\/01\/reuniones-gala-2-1_optimized.jpg\" alt='' title='reuniones-gala-2-(1)_optimized' height=\"600\" width=\"1067\"  itemprop=\"thumbnailUrl\" srcset=\"https:\/\/radiorevelacionfm.cl\/wp-content\/uploads\/2022\/01\/reuniones-gala-2-1_optimized.jpg 1067w, https:\/\/radiorevelacionfm.cl\/wp-content\/uploads\/2022\/01\/reuniones-gala-2-1_optimized-300x169.jpg 300w, https:\/\/radiorevelacionfm.cl\/wp-content\/uploads\/2022\/01\/reuniones-gala-2-1_optimized-1030x579.jpg 1030w, https:\/\/radiorevelacionfm.cl\/wp-content\/uploads\/2022\/01\/reuniones-gala-2-1_optimized-768x432.jpg 768w, https:\/\/radiorevelacionfm.cl\/wp-content\/uploads\/2022\/01\/reuniones-gala-2-1_optimized-705x396.jpg 705w, https:\/\/radiorevelacionfm.cl\/wp-content\/uploads\/2022\/01\/reuniones-gala-2-1_optimized-600x337.jpg 600w\" sizes=\"(max-width: 1067px) 100vw, 1067px\" \/><\/div><\/div><\/div><\/div><div class=\"flex_column av_one_full  flex_column_div av-zero-column-padding first  avia-builder-el-2  el_after_av_one_full  el_before_av_one_full  column-top-margin\" style='border-radius:0px; '><section class=\"av_textblock_section \"  itemscope=\"itemscope\" itemtype=\"https:\/\/schema.org\/BlogPosting\" itemprop=\"blogPost\" ><div class='avia_textblock  '   itemprop=\"text\" ><p style=\"text-align: center;\"><strong><span style=\"font-size: 18pt;\">Litorale\u00f1a localidad de Puerto Gala tendr\u00e1 recinto de votaci\u00f3n para las pr\u00f3ximas elecciones <\/span><\/strong><\/p>\n<div id=\"gtx-trans\" style=\"position: absolute; left: -50px; top: 4.31534px;\">\n<div class=\"gtx-trans-icon\"><\/div>\n<\/div>\n<\/div><\/section><\/div><div class=\"flex_column av_one_full  flex_column_div av-zero-column-padding first  avia-builder-el-4  el_after_av_one_full  el_before_av_hr  column-top-margin\" style='border-radius:0px; '><section class=\"av_textblock_section \"  itemscope=\"itemscope\" itemtype=\"https:\/\/schema.org\/BlogPosting\" itemprop=\"blogPost\" ><div class='avia_textblock  '   itemprop=\"text\" ><p style=\"text-align: justify;\">Una comitiva de la Municipalidad de Cisnes, encabezada por el Alcalde, Francisco Roncagliolo, estuvo la semana reci\u00e9n pasada en Puerto Gala, donde se llevaron a cabo una serie de reuniones y visitas a terreno, con el fin abordar las principales inquietudes de la comunidad y en conjunto ir buscando las soluciones.<\/p>\n<p style=\"text-align: justify;\">En esta oportunidad estuvieron tambi\u00e9n los Concejales Larry Letcher y Cristian Jaramillo, el profesional del Ministerio de Vivienda en la regi\u00f3n Cristian Mauret, un equipo de Secplan de la Municipalidad de Cisnes y el Director Regional del SERVEL, N\u00e9stor Sep\u00falveda, quien hizo un anuncio bastante esperado por los vecinos y vecinas de Puerto Gala.<\/p>\n<p style=\"text-align: justify;\">Sep\u00falveda y por gestiones del Alcalde Francisco Roncagliolo, lleg\u00f3 a la localidad para conocer algunos recintos, sus espacios y luego anunciar en reuni\u00f3n con la comunidad que, Puerto Gala, tendr\u00e1 una mesa receptora de sufragios, a contar de las pr\u00f3ximas elecciones.<\/p>\n<p style=\"text-align: justify;\">\u201cSe legislo al respecto y ello est\u00e1 acercando a los ciudadanos a locales de votaci\u00f3n, para evitar traslados muy onerosos y que hagan peligrar la seguridad de los electores. En esa funci\u00f3n est\u00e1bamos, por eso hicimos este viaje a Puerto Gala, para ver la infraestructura con la cual cont\u00e1bamos en caso de tener un recinto de votaci\u00f3n. Me voy con una buena impresi\u00f3n de la localidad, hay una escuela que esta pronto a ser entregada y ahora tenemos que analizar otros factores m\u00e1s, para ya poner en marcha en forma definitiva a la isla Gala, como un nuevo recinto de votaci\u00f3n\u201d.<\/p>\n<p style=\"text-align: justify;\">Esta fue sin duda, una gran noticia que puso en valor el Alcalde de la comuna de Cisnes, Francisco Roncagliolo, haciendo tambi\u00e9n un resumen de las distintas reuniones sostenidas con la comunidad de Puerto Gala.<\/p>\n<p style=\"text-align: justify;\">\u201cLa buena noticia es la que nos dio el director regional del SERVEL, en la cual, se ve Puerto Gala como un punto m\u00e1s dentro de nuestro pa\u00eds, para poder cumplir no solamente con un derecho, sino que tambi\u00e9n un deber, el poder participar en las elecciones. En esta ocasi\u00f3n, adem\u00e1s, hemos conversado con los vecinos en relaci\u00f3n a las distintas tem\u00e1ticas, tanto de las pasarelas como de la red el\u00e9ctrica, tambi\u00e9n lo de tenencia responsable, medio ambiente, el tema de la basura. De igual forma, se vieron las expectativas productivas y de crecimiento que tiene la localidad, as\u00ed es que, nos vamos muy contentos y con desaf\u00edos mutuos. Porque esta ha sido una reuni\u00f3n donde no solamente nos hemos planteado desaf\u00edos como Municipalidad, sino que tambi\u00e9n, con la comunidad y esperamos que este trabajo colaborativo que se viene hacia adelante, d\u00e9 muy buenos frutos, en el posicionamiento comunal y regional que tiene una localidad muy importante para nosotros, como es Puerto Gala\u201d.<\/p>\n<p style=\"text-align: justify;\">El Concejal, Cristian Jaramillo, realiz\u00f3 un positivo balance del trabajo desarrollado junto al Alcalde y otras autoridades en Puerto Gala. \u201cSostuvimos reuni\u00f3n con el comit\u00e9 de electrificaci\u00f3n viendo algunos temas, ya que hab\u00eda algunos inconvenientes con la generaci\u00f3n y la distribuci\u00f3n. Luego tuvimos reuni\u00f3n con la gente del jard\u00edn infantil Hijitos del Mar, que ten\u00edan algunas preocupaciones por el probable cierre del recinto, lo cual no va a ser suceder, el Alcalde les confirm\u00f3 que est\u00e1 firmando el convenio correspondiente para el funcionamiento del a\u00f1o 2022. Despu\u00e9s sostuvimos una reuni\u00f3n con gente del SERVEL, quienes confirmaron que Gala va a ser local de votaci\u00f3n, as\u00ed es que, eso es muy importante y la gente lo celebr\u00f3 bastante. Luego, tuvimos la reuni\u00f3n con la junta de vecinos, revisando varios temas de importancia para la localidad, as\u00ed es que, una buena evaluaci\u00f3n del viaje a Puerto Gala\u201d.<\/p>\n<p style=\"text-align: justify;\">Una de las reuniones con temas espec\u00edficos que se llev\u00f3 a cabo en la localidad fue con el comit\u00e9 de agua y electrificaci\u00f3n de Gala. Donde de manera muy directa y franca el presidente la organizaci\u00f3n, Mario Raipani, plante\u00f3 los principales inconvenientes a la autoridad comunal, valorando la instancia de dialogo para arribar a las soluciones que la comunidad espera. \u201cLa conversaci\u00f3n que tuvimos con el Alcalde fue bastante franca, \u00e9l escuch\u00f3 el planteamiento que le tra\u00edamos, yo s\u00e9 que tiene mucha disposici\u00f3n de trabajar, pero tienen que ser soluciones concretas. Todo tiene que llegar a una conversaci\u00f3n, se toman ciertas medidas, las soluciones no van a ser de la noche a la ma\u00f1ana porque no pasan solamente por \u00e9l, porque tiene un Concejo y tienen que remar todos para el mismo lado. Yo le dec\u00eda, el apoyo y la disposici\u00f3n de nosotros como dirigentes va a estar todo el tiempo y el apoyo de la comunidad\u201d.<\/p>\n<p style=\"text-align: justify;\">La presidenta de la junta de vecinos de Puerto Gala, Berta Valdera, destac\u00f3 la posibilidad de que las autoridades est\u00e9n en terreno escuchando la comunidad. Resaltando, adem\u00e1s, algo que esperaban hace mucho tiempo y que es lo anunciado por SERVEL, donde establece a la localidad como lugar de votaci\u00f3n. \u201cLo del SERVEL era algo que se estaba esperando por a\u00f1os, as\u00ed es que, ahora estamos muy contentos con eso, muy provecha la reuni\u00f3n y esto de un recinto de votaci\u00f3n es hist\u00f3rico para Gala. Y as\u00ed como vino hoy nuestro Acalde con otras autoridades, eso le sirve mucho a este lugar, entonces, ahora nos vuelve el alma al cuerpo como se dice, porque nos vinieron a ver, nos trajeron proyectos y ya sabemos que nos tienen en cuenta para muchas cosas que est\u00e1bamos haciendo peticiones hace a\u00f1os. La idea es que, ellos tengan el tiempo, como hoy, para escuchar cada uno de los temas que se propuso en la reuni\u00f3n\u201d.<\/p>\n<p style=\"text-align: justify;\">En cada una de las reuniones los vecinos y vecinas de Puerto Gala, expresaron cada una de sus inquietudes con toda franqueza y respeto, de la misma forma la autoridad comunal respondi\u00f3 a los planteamientos, fijando acciones en conjunto por el bien de la localidad.<\/p>\n<\/div><\/section><\/div><div  style='height:50px' class='hr hr-invisible   avia-builder-el-6  el_after_av_one_full  el_before_av_social_share '><span class='hr-inner ' ><span class='hr-inner-style'><\/span><\/span><\/div><\/p>\n<div  class='av-social-sharing-box  avia-builder-el-7  el_after_av_hr  el_before_av_hr  '><div class='av-share-box'><h5 class='av-share-link-description av-no-toc '>Compartir esta noticia<\/h5><ul class='av-share-box-list noLightbox'><li class='av-share-link av-social-link-facebook' ><a target=\"_blank\" aria-label=\"Compartir en Facebook\" href='https:\/\/www.facebook.com\/sharer.php?u=https:\/\/radiorevelacionfm.cl\/?p=13117&#038;t=Litorale%C3%B1a%20localidad%20de%20Puerto%20Gala%20tendr%C3%A1%20recinto%20de%20votaci%C3%B3n%20para%20las%20pr%C3%B3ximas%20elecciones' aria-hidden='false' data-av_icon='\ue8f3' data-av_iconfont='entypo-fontello' title='' data-avia-related-tooltip='Compartir en Facebook' rel=\"noopener\"><span class='avia_hidden_link_text'>Compartir en Facebook<\/span><\/a><\/li><li class='av-share-link av-social-link-twitter' ><a target=\"_blank\" aria-label=\"Compartir en Twitter\" href='https:\/\/twitter.com\/share?text=Litorale%C3%B1a%20localidad%20de%20Puerto%20Gala%20tendr%C3%A1%20recinto%20de%20votaci%C3%B3n%20para%20las%20pr%C3%B3ximas%20elecciones&#038;url=https:\/\/radiorevelacionfm.cl\/?p=13117' aria-hidden='false' data-av_icon='\ue8f1' data-av_iconfont='entypo-fontello' title='' data-avia-related-tooltip='Compartir en Twitter' rel=\"noopener\"><span class='avia_hidden_link_text'>Compartir en Twitter<\/span><\/a><\/li><li class='av-share-link av-social-link-whatsapp' ><a target=\"_blank\" aria-label=\"Compartir en Whatsapp\" href='https:\/\/api.whatsapp.com\/send?text=https:\/\/radiorevelacionfm.cl\/?p=13117' aria-hidden='false' data-av_icon='\uf232' data-av_iconfont='entypo-fontello' title='' data-avia-related-tooltip='Compartir en Whatsapp' rel=\"noopener\"><span class='avia_hidden_link_text'>Compartir en Whatsapp<\/span><\/a><\/li><li class='av-share-link av-social-link-linkedin' ><a target=\"_blank\" aria-label=\"Compartir en LinkedIn\" href='https:\/\/linkedin.com\/shareArticle?mini=true&#038;title=Litorale%C3%B1a%20localidad%20de%20Puerto%20Gala%20tendr%C3%A1%20recinto%20de%20votaci%C3%B3n%20para%20las%20pr%C3%B3ximas%20elecciones&#038;url=https:\/\/radiorevelacionfm.cl\/?p=13117' aria-hidden='false' data-av_icon='\ue8fc' data-av_iconfont='entypo-fontello' title='' data-avia-related-tooltip='Compartir en LinkedIn' rel=\"noopener\"><span class='avia_hidden_link_text'>Compartir en LinkedIn<\/span><\/a><\/li><li class='av-share-link av-social-link-mail' ><a  aria-label=\"Compartir por correo\" href='mailto:?subject=Litorale%C3%B1a%20localidad%20de%20Puerto%20Gala%20tendr%C3%A1%20recinto%20de%20votaci%C3%B3n%20para%20las%20pr%C3%B3ximas%20elecciones&#038;body=https:\/\/radiorevelacionfm.cl\/?p=13117' aria-hidden='false' data-av_icon='\ue805' data-av_iconfont='entypo-fontello' title='' data-avia-related-tooltip='Compartir por correo'><span class='avia_hidden_link_text'>Compartir por correo<\/span><\/a><\/li><\/ul><\/div><\/div>\n<div  style='height:50px' class='hr hr-invisible   avia-builder-el-8  el_after_av_social_share  el_before_av_comments_list '><span class='hr-inner ' ><span class='hr-inner-style'><\/span><\/span><\/div>\n<div  class='av-buildercomment  av-blog-meta-html-info-disabled av-blog-meta-tag-disabled  '><\/div>\n","protected":false},"excerpt":{"rendered":"","protected":false},"author":1,"featured_media":13118,"comment_status":"open","ping_status":"open","sticky":false,"template":"","format":"standard","meta":{"footnotes":""},"categories":[38],"tags":[],"class_list":["post-13117","post","type-post","status-publish","format-standard","has-post-thumbnail","hentry","category-regional"],"jetpack_featured_media_url":"https:\/\/radiorevelacionfm.cl\/wp-content\/uploads\/2022\/01\/reuniones-gala-2-1_optimized.jpg","_links":{"self":[{"href":"https:\/\/radiorevelacionfm.cl\/index.php?rest_route=\/wp\/v2\/posts\/13117","targetHints":{"allow":["GET"]}}],"collection":[{"href":"https:\/\/radiorevelacionfm.cl\/index.php?rest_route=\/wp\/v2\/posts"}],"about":[{"href":"https:\/\/radiorevelacionfm.cl\/index.php?rest_route=\/wp\/v2\/types\/post"}],"author":[{"embeddable":true,"href":"https:\/\/radiorevelacionfm.cl\/index.php?rest_route=\/wp\/v2\/users\/1"}],"replies":[{"embeddable":true,"href":"https:\/\/radiorevelacionfm.cl\/index.php?rest_route=%2Fwp%2Fv2%2Fcomments&post=13117"}],"version-history":[{"count":2,"href":"https:\/\/radiorevelacionfm.cl\/index.php?rest_route=\/wp\/v2\/posts\/13117\/revisions"}],"predecessor-version":[{"id":13159,"href":"https:\/\/radiorevelacionfm.cl\/index.php?rest_route=\/wp\/v2\/posts\/13117\/revisions\/13159"}],"wp:featuredmedia":[{"embeddable":true,"href":"https:\/\/radiorevelacionfm.cl\/index.php?rest_route=\/wp\/v2\/media\/13118"}],"wp:attachment":[{"href":"https:\/\/radiorevelacionfm.cl\/index.php?rest_route=%2Fwp%2Fv2%2Fmedia&parent=13117"}],"wp:term":[{"taxonomy":"category","embeddable":true,"href":"https:\/\/radiorevelacionfm.cl\/index.php?rest_route=%2Fwp%2Fv2%2Fcategories&post=13117"},{"taxonomy":"post_tag","embeddable":true,"href":"https:\/\/radiorevelacionfm.cl\/index.php?rest_route=%2Fwp%2Fv2%2Ftags&post=13117"}],"curies":[{"name":"wp","href":"https:\/\/api.w.org\/{rel}","templated":true}]}}