{"id":13110,"date":"2022-01-21T17:26:38","date_gmt":"2022-01-21T20:26:38","guid":{"rendered":"https:\/\/radiorevelacionfm.cl\/?p=13110"},"modified":"2022-01-21T17:32:54","modified_gmt":"2022-01-21T20:32:54","slug":"en-cisnes-inician-proceso-para-elaborar-plan-de-desarrollo-turistico-2022-2029","status":"publish","type":"post","link":"https:\/\/radiorevelacionfm.cl\/?p=13110","title":{"rendered":"En Cisnes inician proceso para elaborar Plan de Desarrollo Tur\u00edstico 2022 &#8211; 2029"},"content":{"rendered":"<div class=\"flex_column av_one_full  flex_column_div av-zero-column-padding first  avia-builder-el-0  el_before_av_one_full  avia-builder-el-first  \" style='border-radius:0px; '><div  class='avia-image-container  av-styling-    avia-builder-el-1  avia-builder-el-no-sibling  avia-align-center '  itemprop=\"image\" itemscope=\"itemscope\" itemtype=\"https:\/\/schema.org\/ImageObject\"  ><div class='avia-image-container-inner'><div class='avia-image-overlay-wrap'><img decoding=\"async\" class='wp-image-13114 avia-img-lazy-loading-not-13114 avia_image' src=\"https:\/\/radiorevelacionfm.cl\/wp-content\/uploads\/2022\/01\/pladetur-cisnes-1-1_optimized.jpg\" alt='' title='pladetur-cisnes-1-(1)_optimized' height=\"600\" width=\"1067\"  itemprop=\"thumbnailUrl\" srcset=\"https:\/\/radiorevelacionfm.cl\/wp-content\/uploads\/2022\/01\/pladetur-cisnes-1-1_optimized.jpg 1067w, https:\/\/radiorevelacionfm.cl\/wp-content\/uploads\/2022\/01\/pladetur-cisnes-1-1_optimized-300x169.jpg 300w, https:\/\/radiorevelacionfm.cl\/wp-content\/uploads\/2022\/01\/pladetur-cisnes-1-1_optimized-1030x579.jpg 1030w, https:\/\/radiorevelacionfm.cl\/wp-content\/uploads\/2022\/01\/pladetur-cisnes-1-1_optimized-768x432.jpg 768w, https:\/\/radiorevelacionfm.cl\/wp-content\/uploads\/2022\/01\/pladetur-cisnes-1-1_optimized-705x396.jpg 705w, https:\/\/radiorevelacionfm.cl\/wp-content\/uploads\/2022\/01\/pladetur-cisnes-1-1_optimized-600x337.jpg 600w\" sizes=\"(max-width: 1067px) 100vw, 1067px\" \/><\/div><\/div><\/div><\/div><div class=\"flex_column av_one_full  flex_column_div av-zero-column-padding first  avia-builder-el-2  el_after_av_one_full  el_before_av_one_full  column-top-margin\" style='border-radius:0px; '><section class=\"av_textblock_section \"  itemscope=\"itemscope\" itemtype=\"https:\/\/schema.org\/BlogPosting\" itemprop=\"blogPost\" ><div class='avia_textblock  '   itemprop=\"text\" ><p style=\"text-align: center;\"><strong><span style=\"font-size: 18pt;\">En Cisnes inician proceso para elaborar Plan de Desarrollo Tur\u00edstico 2022 &#8211; 2029<\/span><\/strong><\/p>\n<div id=\"gtx-trans\" style=\"position: absolute; left: -50px; top: 4.31534px;\">\n<div class=\"gtx-trans-icon\"><\/div>\n<\/div>\n<\/div><\/section><\/div><\/p>\n<div class=\"flex_column av_one_full  flex_column_div av-zero-column-padding first  avia-builder-el-4  el_after_av_one_full  el_before_av_hr  column-top-margin\" style='border-radius:0px; '><section class=\"av_textblock_section \"  itemscope=\"itemscope\" itemtype=\"https:\/\/schema.org\/BlogPosting\" itemprop=\"blogPost\" ><div class='avia_textblock  '   itemprop=\"text\" ><p style=\"text-align: justify;\">Con el objetivo de contar con un instrumento de planificaci\u00f3n que guiar\u00e1 el desarrollo tur\u00edstico de la zona, el municipio de Cisnes present\u00f3 a la comunidad los detalles de la iniciativa que busca elaborar el Plan de Desarrollo Tur\u00edstico (Pladetur) de la comuna. La actividad tuvo lugar el pasado 17 de enero, la cual cont\u00f3 con un punto de prensa en la Biblioteca Municipal.<\/p>\n<p style=\"text-align: justify;\">Mediante este instrumento se establecer\u00e1n las directrices para potenciar un tipo de turismo que permita dar a conocer la riqueza natural y cultural de la comuna, lo que deja en evidencia el inter\u00e9s que tiene el municipio por avanzar hacia una mayor conciencia ambiental y puesta en valor del patrimonio cultural y pueblos originarios.<\/p>\n<p style=\"text-align: justify;\">Al respecto, el Alcalde de Cisnes, Francisco Roncagliolo, detall\u00f3 la importancia de contar con una herramienta que no solo busque ordenar, sino que tambi\u00e9n busque generar tranquilidad y las claves tanto para proveedores locales, como para quienes quieran estar en la Comuna de Cisnes y llevar adelante sus emprendimientos. \u201cCreo que las etapas de diagn\u00f3stico y desarrollo son fundamentales, y por lo mismo somos claros defensores de esta sumatoria de voluntades que se generan entre actores p\u00fablicos y privados\u201d, se\u00f1al\u00f3 el Alcalde Francisco Roncagliolo.<\/p>\n<p style=\"text-align: justify;\">La iniciativa liderada por el Municipio de Cisnes cuenta con el apoyo del Programa Austral Patagonia, el Instituto de Turismo y Campus Patagonia de la Universidad Austral de Chile, The Pew Charitable Trusts y PER Turismo Ays\u00e9n. El equipo t\u00e9cnico, integrado por representantes de dichas instituciones tendr\u00e1 180 d\u00edas para elaborar el Pladetur, que contempla las etapas de diagn\u00f3stico participativo, imagen objetivo, plan de acci\u00f3n y financiamiento, evaluaci\u00f3n y seguimiento.<\/p>\n<p style=\"text-align: justify;\">Rolf Traeger Gimeno, gerente de PER Turismo Ays\u00e9n destac\u00f3 la consolidaci\u00f3n del turismo tanto en la Comuna de Cisnes, como en la Regi\u00f3n de Ays\u00e9n, lo que permite potenciar a los emprendedores tur\u00edsticos. \u201cCon esto se le da tranquilidad y un instrumento para los municipios y empresarios, para poder potenciar el sector y empezar a invertir de forma ordenada, para efectivamente tener este desarrollo que tanto se necesita en la comuna. Se va a generar un gran flujo de turistas y nuevos emprendimientos en distintos sectores de la comuna\u201d, agreg\u00f3.<\/p>\n<p style=\"text-align: justify;\">Por su parte, Mauricio Trivi\u00f1os, profesor del Instituto de Turismo de la UACh y jefe de proyecto del Pladetur de la comuna de Cisnes, se refiri\u00f3 al desarrollo de la primera etapa de implementaci\u00f3n de esta iniciativa, la que corresponde a un diagn\u00f3stico de car\u00e1cter participativo. \u201cHemos tenido una participaci\u00f3n de al menos 45 empresarios, emprendedores, y entrevistas con actores locales para generar un diagn\u00f3stico co-construido, para pasar as\u00ed a las siguientes etapas\u201d, destac\u00f3.<\/p>\n<p style=\"text-align: justify;\">Por otro lado, Mar\u00eda Teresa Montiel, presidenta de la C\u00e1mara de Turismo de Cisnes, se\u00f1al\u00f3 la importancia de trabajar el Pladetur con toda la comunidad. \u201cPara nosotros como C\u00e1mara de Turismo de Cisnes es muy buena esta iniciativa. De esa forma vamos a seguir trabajando con la comunidad, con el objetivo que participe toda la comunidad. La idea es que el turismo siga aumentando y se d\u00e9 a conocer hacia fuera\u201d.<\/p>\n<p style=\"text-align: justify;\">El Pladetur mantendr\u00e1 estrecha relaci\u00f3n con las comunidades aleda\u00f1as a las \u00c1reas Protegidas, denominadas Comunidades Portal. \u201cLas Comunidades Portal reflejan la relaci\u00f3n virtuosa que existe entre los actores locales y su aporte a la protecci\u00f3n de sus ecosistemas, en los \u00e1mbitos ambientales, socioculturales y econ\u00f3micos. Creemos que el turismo responsable y planificado es una de las herramientas que permite avanzar en esta direcci\u00f3n y este municipio con clara vocaci\u00f3n tur\u00edstica ha apostado por un desarrollo planificado y armonioso\u201d, comenta C\u00e9sar Guala, director del Programa Austral Patagonia-UACh.<\/p>\n<p style=\"text-align: justify;\">Desde la Municipalidad de Cisnes, el Alcalde Francisco Roncagliolo, enfatiz\u00f3 que en este tipo de iniciativas es fundamental la opini\u00f3n de la comunidad, sus dirigentes, por ello, es importante la participaci\u00f3n de la ciudadan\u00eda en cada una de las instancias de dialogo, que se realizar\u00e1n en toda la comuna de manera presencial o virtual, considerando que a\u00fan estamos en medio de una pandemia.<\/p>\n<p style=\"text-align: justify;\">Paralelamente, se est\u00e1 trabajando de forma activa en el co-dise\u00f1o de la Estrategia de Comunidades portal de las \u00c1reas Protegidas de la Patagonia chilena, proceso que incluye a 26 municipios de la Patagonia y que ha sido facilitado por el Programa Austral Patagonia y un conjunto de instituciones como The Pew Charitable Trusts, Balloon Latam, CONAF y el Ministerio del Medio Ambiente. Cabe destacar, que la comuna de Cisnes fue elegida una de las 7 comunas piloto de esta iniciativa.<\/p>\n<\/div><\/section><\/div>\n<div  style='height:50px' class='hr hr-invisible   avia-builder-el-6  el_after_av_one_full  el_before_av_social_share '><span class='hr-inner ' ><span class='hr-inner-style'><\/span><\/span><\/div>\n<div  class='av-social-sharing-box  avia-builder-el-7  el_after_av_hr  el_before_av_hr  '><div class='av-share-box'><h5 class='av-share-link-description av-no-toc '>Compartir esta noticia<\/h5><ul class='av-share-box-list noLightbox'><li class='av-share-link av-social-link-facebook' ><a target=\"_blank\" aria-label=\"Compartir en Facebook\" href='https:\/\/www.facebook.com\/sharer.php?u=https:\/\/radiorevelacionfm.cl\/?p=13110&#038;t=En%20Cisnes%20inician%20proceso%20para%20elaborar%20Plan%20de%20Desarrollo%20Tur%C3%ADstico%202022%20%E2%80%93%202029' aria-hidden='false' data-av_icon='\ue8f3' data-av_iconfont='entypo-fontello' title='' data-avia-related-tooltip='Compartir en Facebook' rel=\"noopener\"><span class='avia_hidden_link_text'>Compartir en Facebook<\/span><\/a><\/li><li class='av-share-link av-social-link-twitter' ><a target=\"_blank\" aria-label=\"Compartir en Twitter\" href='https:\/\/twitter.com\/share?text=En%20Cisnes%20inician%20proceso%20para%20elaborar%20Plan%20de%20Desarrollo%20Tur%C3%ADstico%202022%20%E2%80%93%202029&#038;url=https:\/\/radiorevelacionfm.cl\/?p=13110' aria-hidden='false' data-av_icon='\ue8f1' data-av_iconfont='entypo-fontello' title='' data-avia-related-tooltip='Compartir en Twitter' rel=\"noopener\"><span class='avia_hidden_link_text'>Compartir en Twitter<\/span><\/a><\/li><li class='av-share-link av-social-link-whatsapp' ><a target=\"_blank\" aria-label=\"Compartir en Whatsapp\" href='https:\/\/api.whatsapp.com\/send?text=https:\/\/radiorevelacionfm.cl\/?p=13110' aria-hidden='false' data-av_icon='\uf232' data-av_iconfont='entypo-fontello' title='' data-avia-related-tooltip='Compartir en Whatsapp' rel=\"noopener\"><span class='avia_hidden_link_text'>Compartir en Whatsapp<\/span><\/a><\/li><li class='av-share-link av-social-link-linkedin' ><a target=\"_blank\" aria-label=\"Compartir en LinkedIn\" href='https:\/\/linkedin.com\/shareArticle?mini=true&#038;title=En%20Cisnes%20inician%20proceso%20para%20elaborar%20Plan%20de%20Desarrollo%20Tur%C3%ADstico%202022%20%E2%80%93%202029&#038;url=https:\/\/radiorevelacionfm.cl\/?p=13110' aria-hidden='false' data-av_icon='\ue8fc' data-av_iconfont='entypo-fontello' title='' data-avia-related-tooltip='Compartir en LinkedIn' rel=\"noopener\"><span class='avia_hidden_link_text'>Compartir en LinkedIn<\/span><\/a><\/li><li class='av-share-link av-social-link-mail' ><a  aria-label=\"Compartir por correo\" href='mailto:?subject=En%20Cisnes%20inician%20proceso%20para%20elaborar%20Plan%20de%20Desarrollo%20Tur%C3%ADstico%202022%20%E2%80%93%202029&#038;body=https:\/\/radiorevelacionfm.cl\/?p=13110' aria-hidden='false' data-av_icon='\ue805' data-av_iconfont='entypo-fontello' title='' data-avia-related-tooltip='Compartir por correo'><span class='avia_hidden_link_text'>Compartir por correo<\/span><\/a><\/li><\/ul><\/div><\/div>\n<div  style='height:50px' class='hr hr-invisible   avia-builder-el-8  el_after_av_social_share  el_before_av_comments_list '><span class='hr-inner ' ><span class='hr-inner-style'><\/span><\/span><\/div>\n<div  class='av-buildercomment  av-blog-meta-html-info-disabled av-blog-meta-tag-disabled  '><\/div>\n","protected":false},"excerpt":{"rendered":"","protected":false},"author":1,"featured_media":13114,"comment_status":"open","ping_status":"open","sticky":false,"template":"","format":"standard","meta":{"footnotes":""},"categories":[38],"tags":[],"class_list":["post-13110","post","type-post","status-publish","format-standard","has-post-thumbnail","hentry","category-regional"],"jetpack_featured_media_url":"https:\/\/radiorevelacionfm.cl\/wp-content\/uploads\/2022\/01\/pladetur-cisnes-1-1_optimized.jpg","_links":{"self":[{"href":"https:\/\/radiorevelacionfm.cl\/index.php?rest_route=\/wp\/v2\/posts\/13110","targetHints":{"allow":["GET"]}}],"collection":[{"href":"https:\/\/radiorevelacionfm.cl\/index.php?rest_route=\/wp\/v2\/posts"}],"about":[{"href":"https:\/\/radiorevelacionfm.cl\/index.php?rest_route=\/wp\/v2\/types\/post"}],"author":[{"embeddable":true,"href":"https:\/\/radiorevelacionfm.cl\/index.php?rest_route=\/wp\/v2\/users\/1"}],"replies":[{"embeddable":true,"href":"https:\/\/radiorevelacionfm.cl\/index.php?rest_route=%2Fwp%2Fv2%2Fcomments&post=13110"}],"version-history":[{"count":3,"href":"https:\/\/radiorevelacionfm.cl\/index.php?rest_route=\/wp\/v2\/posts\/13110\/revisions"}],"predecessor-version":[{"id":13113,"href":"https:\/\/radiorevelacionfm.cl\/index.php?rest_route=\/wp\/v2\/posts\/13110\/revisions\/13113"}],"wp:featuredmedia":[{"embeddable":true,"href":"https:\/\/radiorevelacionfm.cl\/index.php?rest_route=\/wp\/v2\/media\/13114"}],"wp:attachment":[{"href":"https:\/\/radiorevelacionfm.cl\/index.php?rest_route=%2Fwp%2Fv2%2Fmedia&parent=13110"}],"wp:term":[{"taxonomy":"category","embeddable":true,"href":"https:\/\/radiorevelacionfm.cl\/index.php?rest_route=%2Fwp%2Fv2%2Fcategories&post=13110"},{"taxonomy":"post_tag","embeddable":true,"href":"https:\/\/radiorevelacionfm.cl\/index.php?rest_route=%2Fwp%2Fv2%2Ftags&post=13110"}],"curies":[{"name":"wp","href":"https:\/\/api.w.org\/{rel}","templated":true}]}}