{"id":13102,"date":"2022-01-21T15:39:19","date_gmt":"2022-01-21T18:39:19","guid":{"rendered":"https:\/\/radiorevelacionfm.cl\/?p=13102"},"modified":"2022-01-21T15:39:19","modified_gmt":"2022-01-21T18:39:19","slug":"alcalde-y-concejales-lamentan-determinacion-del-gore-que-disminuyo-recursos-fril-para-la-comuna-de-aysen","status":"publish","type":"post","link":"https:\/\/radiorevelacionfm.cl\/?p=13102","title":{"rendered":"Alcalde y concejales lamentan determinaci\u00f3n del GORE que disminuy\u00f3 recursos FRIL para la comuna de Ays\u00e9n"},"content":{"rendered":"<div class=\"flex_column av_one_full  flex_column_div av-zero-column-padding first  avia-builder-el-0  el_before_av_one_full  avia-builder-el-first  \" style='border-radius:0px; '><div  class='avia-image-container  av-styling-    avia-builder-el-1  avia-builder-el-no-sibling  avia-align-center '  itemprop=\"image\" itemscope=\"itemscope\" itemtype=\"https:\/\/schema.org\/ImageObject\"  ><div class='avia-image-container-inner'><div class='avia-image-overlay-wrap'><img decoding=\"async\" class='wp-image-13103 avia-img-lazy-loading-not-13103 avia_image' src=\"https:\/\/radiorevelacionfm.cl\/wp-content\/uploads\/2022\/01\/img-core-fril-muniaysen0-1_optimized.jpeg\" alt='' title='img-core-fril-muniaysen0-(1)_optimized' height=\"600\" width=\"800\"  itemprop=\"thumbnailUrl\" srcset=\"https:\/\/radiorevelacionfm.cl\/wp-content\/uploads\/2022\/01\/img-core-fril-muniaysen0-1_optimized.jpeg 800w, https:\/\/radiorevelacionfm.cl\/wp-content\/uploads\/2022\/01\/img-core-fril-muniaysen0-1_optimized-300x225.jpeg 300w, https:\/\/radiorevelacionfm.cl\/wp-content\/uploads\/2022\/01\/img-core-fril-muniaysen0-1_optimized-768x576.jpeg 768w, https:\/\/radiorevelacionfm.cl\/wp-content\/uploads\/2022\/01\/img-core-fril-muniaysen0-1_optimized-705x529.jpeg 705w, https:\/\/radiorevelacionfm.cl\/wp-content\/uploads\/2022\/01\/img-core-fril-muniaysen0-1_optimized-600x450.jpeg 600w\" sizes=\"(max-width: 800px) 100vw, 800px\" \/><\/div><\/div><\/div><\/div><div class=\"flex_column av_one_full  flex_column_div av-zero-column-padding first  avia-builder-el-2  el_after_av_one_full  el_before_av_one_full  column-top-margin\" style='border-radius:0px; '><section class=\"av_textblock_section \"  itemscope=\"itemscope\" itemtype=\"https:\/\/schema.org\/BlogPosting\" itemprop=\"blogPost\" ><div class='avia_textblock  '   itemprop=\"text\" ><p style=\"text-align: center;\"><strong><span style=\"font-size: 18pt;\">Alcalde y concejales lamentan determinaci\u00f3n del GORE que disminuy\u00f3 recursos FRIL para la comuna de Ays\u00e9n<\/span><\/strong><\/p>\n<div id=\"gtx-trans\" style=\"position: absolute; left: -50px; top: 4.31534px;\">\n<div class=\"gtx-trans-icon\"><\/div>\n<\/div>\n<\/div><\/section><\/div><div class=\"flex_column av_one_full  flex_column_div av-zero-column-padding first  avia-builder-el-4  el_after_av_one_full  el_before_av_hr  column-top-margin\" style='border-radius:0px; '><section class=\"av_textblock_section \"  itemscope=\"itemscope\" itemtype=\"https:\/\/schema.org\/BlogPosting\" itemprop=\"blogPost\" ><div class='avia_textblock  '   itemprop=\"text\" ><p style=\"text-align: justify;\">Con la esperanza de revertir la situaci\u00f3n el Honorable Concejo Municipal de Ays\u00e9n viaj\u00f3 hasta Coyhaique para estar presente en la sesi\u00f3n del Consejo Regional y exponer con argumentos las consecuencias que tendr\u00eda la determinaci\u00f3n del nuevo marco presupuestario para el Fondo Regional de Iniciativa Local del Gobierno Regional. Situaci\u00f3n que no prosper\u00f3 y que finalmente redujo el presupuesto asignado a la Ilustre Municipalidad de Ays\u00e9n en esta l\u00ednea por m\u00e1s de 340 millones de pesos, lo implicar\u00eda mermar tres iniciativas completas bajo este mecanismo, el cual entrega empleo a personas que poseen distintos determinantes sociales que no les permite optar a otras fuentes laborales.<\/p>\n<p style=\"text-align: justify;\">Al respecto, el alcalde de Ays\u00e9n, Julio Uribe Alvarado, destac\u00f3 que \u201casistimos como Concejo Comunal al Consejo Regional por dos motivos, uno era la rebaja en el marco FRIL por menos 342 millones de pesos, lo cual no pudimos revertir y se aprob\u00f3 ese marco presupuestario que nos afecta y tambi\u00e9n por el tema del cementerio. Nosotros hoy en d\u00eda estamos enterrando a nuestros deudos del cementerio en el pasillo, estamos dejando a las personas que tienen movilidad reducida sin poder visitar a sus deudos y es un proyecto que est\u00e1 por m\u00e1s de un a\u00f1o con recomendaci\u00f3n satisfactoria (RS) para ser financiado y hasta el d\u00eda de hoy, le hemos solicitado a la gobernadora en reiteradas veces, ella demostr\u00f3 voluntad pero ahora se est\u00e1 quitando esto para poder financiarnos esto y por lo tanto vamos a seguir insistiendo como Concejo para que nos puedan aprobar esta iniciativa\u201d.<\/p>\n<p style=\"text-align: justify;\">Por su parte, el concejal Jorge Figueroa Jara, abord\u00f3 el apoyo entregado a la primera autoridad de la comuna como cuerpo colegiado para evitar la disminuci\u00f3n presupuestaria propiciada por la autoridad regional \u201cno encontramos esa respuesta pero lo que llevamos es la esperanza de que en alg\u00fan momento la administraci\u00f3n pueda cambiar de opini\u00f3n y pueda levantar estos proyectos que est\u00e1n en deuda con los ayseninos. Esto pasa cuando las decisiones se toman entre cuatro paredes, estas decisiones de cambio de bases de este tipo de postulaciones no fueron adecuadas porque tampoco fueron conversadas con el municipio porque de ser as\u00ed, el municipio abr\u00eda tomado otro tipo de proyectos y no habr\u00eda existido esta reducci\u00f3n\u201d.<\/p>\n<p style=\"text-align: justify;\">Finalmente, Lucerina Ru\u00edz, presidenta del Sindicato de Mujeres del Mar de Puerto Chacabuco que participa en las iniciativas contempladas en el FRIL mencion\u00f3 que esto la dej\u00f3 \u201ccon gusto a poco\u201d, agregando que \u201cse supone que esto es una nueva administraci\u00f3n, estamos en un tema de pandemia y hay muchos m\u00e1s problemas con los trabajos FRIL en Ays\u00e9n que es una comuna muy ampliada en estos temas y ser\u00eda muy fome dejar a gente sin trabajo\u201d, por lo que la l\u00edder sindical espera que la gobernadora Mac\u00edas pueda efectivamente realizar la evaluaci\u00f3n intermedia para que la gente pueda verse beneficiada de las iniciativas para el empleo local.<\/p>\n<\/div><\/section><\/div><div  style='height:50px' class='hr hr-invisible   avia-builder-el-6  el_after_av_one_full  el_before_av_social_share '><span class='hr-inner ' ><span class='hr-inner-style'><\/span><\/span><\/div><\/p>\n<div  class='av-social-sharing-box  avia-builder-el-7  el_after_av_hr  el_before_av_hr  '><div class='av-share-box'><h5 class='av-share-link-description av-no-toc '>Compartir esta noticia<\/h5><ul class='av-share-box-list noLightbox'><li class='av-share-link av-social-link-facebook' ><a target=\"_blank\" aria-label=\"Compartir en Facebook\" href='https:\/\/www.facebook.com\/sharer.php?u=https:\/\/radiorevelacionfm.cl\/?p=13102&#038;t=Alcalde%20y%20concejales%20lamentan%20determinaci%C3%B3n%20del%20GORE%20que%20disminuy%C3%B3%20recursos%20FRIL%20para%20la%20comuna%20de%20Ays%C3%A9n' aria-hidden='false' data-av_icon='\ue8f3' data-av_iconfont='entypo-fontello' title='' data-avia-related-tooltip='Compartir en Facebook' rel=\"noopener\"><span class='avia_hidden_link_text'>Compartir en Facebook<\/span><\/a><\/li><li class='av-share-link av-social-link-twitter' ><a target=\"_blank\" aria-label=\"Compartir en Twitter\" href='https:\/\/twitter.com\/share?text=Alcalde%20y%20concejales%20lamentan%20determinaci%C3%B3n%20del%20GORE%20que%20disminuy%C3%B3%20recursos%20FRIL%20para%20la%20comuna%20de%20Ays%C3%A9n&#038;url=https:\/\/radiorevelacionfm.cl\/?p=13102' aria-hidden='false' data-av_icon='\ue8f1' data-av_iconfont='entypo-fontello' title='' data-avia-related-tooltip='Compartir en Twitter' rel=\"noopener\"><span class='avia_hidden_link_text'>Compartir en Twitter<\/span><\/a><\/li><li class='av-share-link av-social-link-whatsapp' ><a target=\"_blank\" aria-label=\"Compartir en Whatsapp\" href='https:\/\/api.whatsapp.com\/send?text=https:\/\/radiorevelacionfm.cl\/?p=13102' aria-hidden='false' data-av_icon='\uf232' data-av_iconfont='entypo-fontello' title='' data-avia-related-tooltip='Compartir en Whatsapp' rel=\"noopener\"><span class='avia_hidden_link_text'>Compartir en Whatsapp<\/span><\/a><\/li><li class='av-share-link av-social-link-linkedin' ><a target=\"_blank\" aria-label=\"Compartir en LinkedIn\" href='https:\/\/linkedin.com\/shareArticle?mini=true&#038;title=Alcalde%20y%20concejales%20lamentan%20determinaci%C3%B3n%20del%20GORE%20que%20disminuy%C3%B3%20recursos%20FRIL%20para%20la%20comuna%20de%20Ays%C3%A9n&#038;url=https:\/\/radiorevelacionfm.cl\/?p=13102' aria-hidden='false' data-av_icon='\ue8fc' data-av_iconfont='entypo-fontello' title='' data-avia-related-tooltip='Compartir en LinkedIn' rel=\"noopener\"><span class='avia_hidden_link_text'>Compartir en LinkedIn<\/span><\/a><\/li><li class='av-share-link av-social-link-mail' ><a  aria-label=\"Compartir por correo\" href='mailto:?subject=Alcalde%20y%20concejales%20lamentan%20determinaci%C3%B3n%20del%20GORE%20que%20disminuy%C3%B3%20recursos%20FRIL%20para%20la%20comuna%20de%20Ays%C3%A9n&#038;body=https:\/\/radiorevelacionfm.cl\/?p=13102' aria-hidden='false' data-av_icon='\ue805' data-av_iconfont='entypo-fontello' title='' data-avia-related-tooltip='Compartir por correo'><span class='avia_hidden_link_text'>Compartir por correo<\/span><\/a><\/li><\/ul><\/div><\/div>\n<div  style='height:50px' class='hr hr-invisible   avia-builder-el-8  el_after_av_social_share  el_before_av_comments_list '><span class='hr-inner ' ><span class='hr-inner-style'><\/span><\/span><\/div>\n<div  class='av-buildercomment  av-blog-meta-html-info-disabled av-blog-meta-tag-disabled  '><\/div>\n","protected":false},"excerpt":{"rendered":"","protected":false},"author":1,"featured_media":13103,"comment_status":"open","ping_status":"open","sticky":false,"template":"","format":"standard","meta":{"footnotes":""},"categories":[38],"tags":[],"class_list":["post-13102","post","type-post","status-publish","format-standard","has-post-thumbnail","hentry","category-regional"],"jetpack_featured_media_url":"https:\/\/radiorevelacionfm.cl\/wp-content\/uploads\/2022\/01\/img-core-fril-muniaysen0-1_optimized.jpeg","_links":{"self":[{"href":"https:\/\/radiorevelacionfm.cl\/index.php?rest_route=\/wp\/v2\/posts\/13102","targetHints":{"allow":["GET"]}}],"collection":[{"href":"https:\/\/radiorevelacionfm.cl\/index.php?rest_route=\/wp\/v2\/posts"}],"about":[{"href":"https:\/\/radiorevelacionfm.cl\/index.php?rest_route=\/wp\/v2\/types\/post"}],"author":[{"embeddable":true,"href":"https:\/\/radiorevelacionfm.cl\/index.php?rest_route=\/wp\/v2\/users\/1"}],"replies":[{"embeddable":true,"href":"https:\/\/radiorevelacionfm.cl\/index.php?rest_route=%2Fwp%2Fv2%2Fcomments&post=13102"}],"version-history":[{"count":2,"href":"https:\/\/radiorevelacionfm.cl\/index.php?rest_route=\/wp\/v2\/posts\/13102\/revisions"}],"predecessor-version":[{"id":13105,"href":"https:\/\/radiorevelacionfm.cl\/index.php?rest_route=\/wp\/v2\/posts\/13102\/revisions\/13105"}],"wp:featuredmedia":[{"embeddable":true,"href":"https:\/\/radiorevelacionfm.cl\/index.php?rest_route=\/wp\/v2\/media\/13103"}],"wp:attachment":[{"href":"https:\/\/radiorevelacionfm.cl\/index.php?rest_route=%2Fwp%2Fv2%2Fmedia&parent=13102"}],"wp:term":[{"taxonomy":"category","embeddable":true,"href":"https:\/\/radiorevelacionfm.cl\/index.php?rest_route=%2Fwp%2Fv2%2Fcategories&post=13102"},{"taxonomy":"post_tag","embeddable":true,"href":"https:\/\/radiorevelacionfm.cl\/index.php?rest_route=%2Fwp%2Fv2%2Ftags&post=13102"}],"curies":[{"name":"wp","href":"https:\/\/api.w.org\/{rel}","templated":true}]}}