{"id":13095,"date":"2022-01-21T12:58:45","date_gmt":"2022-01-21T15:58:45","guid":{"rendered":"https:\/\/radiorevelacionfm.cl\/?p=13095"},"modified":"2022-01-21T12:58:45","modified_gmt":"2022-01-21T15:58:45","slug":"emprendedoras-es-de-cisnes-y-lago-verde-reciben-apoyo-del-fosis-para-fortalecer-sus-negocios","status":"publish","type":"post","link":"https:\/\/radiorevelacionfm.cl\/?p=13095","title":{"rendered":"Emprendedoras\/es de Cisnes y Lago Verde reciben apoyo del FOSIS para fortalecer sus negocios"},"content":{"rendered":"<div class=\"flex_column av_one_full  flex_column_div av-zero-column-padding first  avia-builder-el-0  el_before_av_one_full  avia-builder-el-first  \" style='border-radius:0px; '><div  class='avia-image-container  av-styling-    avia-builder-el-1  avia-builder-el-no-sibling  avia-align-center '  itemprop=\"image\" itemscope=\"itemscope\" itemtype=\"https:\/\/schema.org\/ImageObject\"  ><div class='avia-image-container-inner'><div class='avia-image-overlay-wrap'><img decoding=\"async\" class='wp-image-13096 avia-img-lazy-loading-not-13096 avia_image' src=\"https:\/\/radiorevelacionfm.cl\/wp-content\/uploads\/2022\/01\/cisnes1-1_optimized.jpeg\" alt='' title='cisnes1-(1)_optimized' height=\"600\" width=\"1067\"  itemprop=\"thumbnailUrl\" srcset=\"https:\/\/radiorevelacionfm.cl\/wp-content\/uploads\/2022\/01\/cisnes1-1_optimized.jpeg 1067w, https:\/\/radiorevelacionfm.cl\/wp-content\/uploads\/2022\/01\/cisnes1-1_optimized-300x169.jpeg 300w, https:\/\/radiorevelacionfm.cl\/wp-content\/uploads\/2022\/01\/cisnes1-1_optimized-1030x579.jpeg 1030w, https:\/\/radiorevelacionfm.cl\/wp-content\/uploads\/2022\/01\/cisnes1-1_optimized-768x432.jpeg 768w, https:\/\/radiorevelacionfm.cl\/wp-content\/uploads\/2022\/01\/cisnes1-1_optimized-705x396.jpeg 705w, https:\/\/radiorevelacionfm.cl\/wp-content\/uploads\/2022\/01\/cisnes1-1_optimized-600x337.jpeg 600w\" sizes=\"(max-width: 1067px) 100vw, 1067px\" \/><\/div><\/div><\/div><\/div><div class=\"flex_column av_one_full  flex_column_div av-zero-column-padding first  avia-builder-el-2  el_after_av_one_full  el_before_av_one_full  column-top-margin\" style='border-radius:0px; '><section class=\"av_textblock_section \"  itemscope=\"itemscope\" itemtype=\"https:\/\/schema.org\/BlogPosting\" itemprop=\"blogPost\" ><div class='avia_textblock  '   itemprop=\"text\" ><p style=\"text-align: center;\"><span style=\"font-size: 18pt;\"><strong>Emprendedoras\/es de Cisnes y Lago Verde reciben apoyo del FOSIS para fortalecer sus negocios<\/strong><\/span><\/p>\n<div id=\"gtx-trans\" style=\"position: absolute; left: -50px; top: 4.31534px;\">\n<div class=\"gtx-trans-icon\"><\/div>\n<\/div>\n<\/div><\/section><\/div><div class=\"flex_column av_one_full  flex_column_div av-zero-column-padding first  avia-builder-el-4  el_after_av_one_full  el_before_av_hr  column-top-margin\" style='border-radius:0px; '><section class=\"av_textblock_section \"  itemscope=\"itemscope\" itemtype=\"https:\/\/schema.org\/BlogPosting\" itemprop=\"blogPost\" ><div class='avia_textblock  '   itemprop=\"text\" ><p style=\"text-align: justify;\">Hasta Puerto Cisnes lleg\u00f3 la Directora Regional del FOSIS para hacer entrega de los certificados de participaci\u00f3n y compartir con los emprendedores y emprendedoras de las comunas de Cisnes y Lago Verde, quienes finalizaron exitosamente las distintas etapas comprendidas por el programa Yo Emprendo, financiado por el Fondo de Solidaridad e Inversi\u00f3n Social, FOSIS y ejecutado con apoyo de Chelenko Consultores.<\/p>\n<p style=\"text-align: justify;\">Los y las participantes del programa Yo Emprendo B\u00e1sico y Yo Emprendo Semilla para familias del Subsistema de Seguridades y Oportunidades, pudieron financiar un plan de negocios para comprar herramientas e insumos, junto con recibir de manera remota asesor\u00eda t\u00e9cnica personalizada y capacitaciones para optimizar el desarrollo de sus emprendimientos.<\/p>\n<p style=\"text-align: justify;\">Dominique Br\u00e4utigam, Directora Regional del FOSIS en Ays\u00e9n, destac\u00f3 que \u00abacompa\u00f1amos a nuestras emprendedoras y emprendedores de las comunas de Cisnes y Lago Verde en la ceremonia de certificaci\u00f3n, una instancia que es importante para quienes participan en programas del FOSIS, ya que cierran un ciclo de formaci\u00f3n y aprendizaje, donde pasan por distintas etapas metodol\u00f3gicas que les permite dar un impulso a sus negocios y aumentar la generaci\u00f3n de ingresos. Las ejecuciones del programa Yo Emprendo durante el 2021 fueron de manera remota, por lo que valoramos el compromiso, inter\u00e9s y capacidad de adaptarse que han tenido nuestras usuarias y usuarios de Puerto Cisnes y Lago Verde\u00bb.<\/p>\n<p style=\"text-align: justify;\">Madelaine Villegas; trabaja en corte, entrada y orden de le\u00f1a, en Puerto Cisnes y manifest\u00f3 estar \u201cmuy contenta por haber podido adjudicarme este proyecto de Yo Emprendo Semilla, porque para nosotros es importante tener implementaci\u00f3n de seguridad. Ten\u00edamos en mente comprar esta implementaci\u00f3n, pero el presupuesto no nos alcanzaba y ya con este proyecto se nos facilit\u00f3 para tener el resguardo necesario en la actividad que realizamos. Agradecida por toda la entrega de informaci\u00f3n y herramientas digitales para poder trabajar, esto va a ser un impulso para salir adelante y entregar un servicio de mejor calidad a los clientes\u201d.<\/p>\n<p style=\"text-align: justify;\">Fueron un total de 65 usuarias y usuarios los que cursaron de manera satisfactoria esta instancia formativa, ejecutada de manera remota, dirigida a personas con caracter\u00edsticas emprendedoras, que tienen una idea de negocio o desarrollan una actividad econ\u00f3mica incipiente en distintos niveles.<\/p>\n<p style=\"text-align: justify;\">Cabe destacar que la ceremonia de certificaci\u00f3n fue transmitida por Facebook Live gracias al apoyo de Radio Aut\u00e9ntica de Puerto Cisnes, para que pudieran estar presentes de manera remota, emprendedores y emprendedoras que no pudieron asistir al evento.<\/p>\n<\/div><\/section><\/div><div  style='height:50px' class='hr hr-invisible   avia-builder-el-6  el_after_av_one_full  el_before_av_social_share '><span class='hr-inner ' ><span class='hr-inner-style'><\/span><\/span><\/div><\/p>\n<div  class='av-social-sharing-box  avia-builder-el-7  el_after_av_hr  el_before_av_hr  '><div class='av-share-box'><h5 class='av-share-link-description av-no-toc '>Compartir esta noticia<\/h5><ul class='av-share-box-list noLightbox'><li class='av-share-link av-social-link-facebook' ><a target=\"_blank\" aria-label=\"Compartir en Facebook\" href='https:\/\/www.facebook.com\/sharer.php?u=https:\/\/radiorevelacionfm.cl\/?p=13095&#038;t=Emprendedoras%2Fes%20de%20Cisnes%20y%20Lago%20Verde%20reciben%20apoyo%20del%20FOSIS%20para%20fortalecer%20sus%20negocios' aria-hidden='false' data-av_icon='\ue8f3' data-av_iconfont='entypo-fontello' title='' data-avia-related-tooltip='Compartir en Facebook' rel=\"noopener\"><span class='avia_hidden_link_text'>Compartir en Facebook<\/span><\/a><\/li><li class='av-share-link av-social-link-twitter' ><a target=\"_blank\" aria-label=\"Compartir en Twitter\" href='https:\/\/twitter.com\/share?text=Emprendedoras%2Fes%20de%20Cisnes%20y%20Lago%20Verde%20reciben%20apoyo%20del%20FOSIS%20para%20fortalecer%20sus%20negocios&#038;url=https:\/\/radiorevelacionfm.cl\/?p=13095' aria-hidden='false' data-av_icon='\ue8f1' data-av_iconfont='entypo-fontello' title='' data-avia-related-tooltip='Compartir en Twitter' rel=\"noopener\"><span class='avia_hidden_link_text'>Compartir en Twitter<\/span><\/a><\/li><li class='av-share-link av-social-link-whatsapp' ><a target=\"_blank\" aria-label=\"Compartir en Whatsapp\" href='https:\/\/api.whatsapp.com\/send?text=https:\/\/radiorevelacionfm.cl\/?p=13095' aria-hidden='false' data-av_icon='\uf232' data-av_iconfont='entypo-fontello' title='' data-avia-related-tooltip='Compartir en Whatsapp' rel=\"noopener\"><span class='avia_hidden_link_text'>Compartir en Whatsapp<\/span><\/a><\/li><li class='av-share-link av-social-link-linkedin' ><a target=\"_blank\" aria-label=\"Compartir en LinkedIn\" href='https:\/\/linkedin.com\/shareArticle?mini=true&#038;title=Emprendedoras%2Fes%20de%20Cisnes%20y%20Lago%20Verde%20reciben%20apoyo%20del%20FOSIS%20para%20fortalecer%20sus%20negocios&#038;url=https:\/\/radiorevelacionfm.cl\/?p=13095' aria-hidden='false' data-av_icon='\ue8fc' data-av_iconfont='entypo-fontello' title='' data-avia-related-tooltip='Compartir en LinkedIn' rel=\"noopener\"><span class='avia_hidden_link_text'>Compartir en LinkedIn<\/span><\/a><\/li><li class='av-share-link av-social-link-mail' ><a  aria-label=\"Compartir por correo\" href='mailto:?subject=Emprendedoras%2Fes%20de%20Cisnes%20y%20Lago%20Verde%20reciben%20apoyo%20del%20FOSIS%20para%20fortalecer%20sus%20negocios&#038;body=https:\/\/radiorevelacionfm.cl\/?p=13095' aria-hidden='false' data-av_icon='\ue805' data-av_iconfont='entypo-fontello' title='' data-avia-related-tooltip='Compartir por correo'><span class='avia_hidden_link_text'>Compartir por correo<\/span><\/a><\/li><\/ul><\/div><\/div>\n<div  style='height:50px' class='hr hr-invisible   avia-builder-el-8  el_after_av_social_share  el_before_av_comments_list '><span class='hr-inner ' ><span class='hr-inner-style'><\/span><\/span><\/div>\n<div  class='av-buildercomment  av-blog-meta-html-info-disabled av-blog-meta-tag-disabled  '><\/div>\n","protected":false},"excerpt":{"rendered":"","protected":false},"author":1,"featured_media":13096,"comment_status":"open","ping_status":"open","sticky":false,"template":"","format":"standard","meta":{"footnotes":""},"categories":[38],"tags":[],"class_list":["post-13095","post","type-post","status-publish","format-standard","has-post-thumbnail","hentry","category-regional"],"jetpack_featured_media_url":"https:\/\/radiorevelacionfm.cl\/wp-content\/uploads\/2022\/01\/cisnes1-1_optimized.jpeg","_links":{"self":[{"href":"https:\/\/radiorevelacionfm.cl\/index.php?rest_route=\/wp\/v2\/posts\/13095","targetHints":{"allow":["GET"]}}],"collection":[{"href":"https:\/\/radiorevelacionfm.cl\/index.php?rest_route=\/wp\/v2\/posts"}],"about":[{"href":"https:\/\/radiorevelacionfm.cl\/index.php?rest_route=\/wp\/v2\/types\/post"}],"author":[{"embeddable":true,"href":"https:\/\/radiorevelacionfm.cl\/index.php?rest_route=\/wp\/v2\/users\/1"}],"replies":[{"embeddable":true,"href":"https:\/\/radiorevelacionfm.cl\/index.php?rest_route=%2Fwp%2Fv2%2Fcomments&post=13095"}],"version-history":[{"count":2,"href":"https:\/\/radiorevelacionfm.cl\/index.php?rest_route=\/wp\/v2\/posts\/13095\/revisions"}],"predecessor-version":[{"id":13098,"href":"https:\/\/radiorevelacionfm.cl\/index.php?rest_route=\/wp\/v2\/posts\/13095\/revisions\/13098"}],"wp:featuredmedia":[{"embeddable":true,"href":"https:\/\/radiorevelacionfm.cl\/index.php?rest_route=\/wp\/v2\/media\/13096"}],"wp:attachment":[{"href":"https:\/\/radiorevelacionfm.cl\/index.php?rest_route=%2Fwp%2Fv2%2Fmedia&parent=13095"}],"wp:term":[{"taxonomy":"category","embeddable":true,"href":"https:\/\/radiorevelacionfm.cl\/index.php?rest_route=%2Fwp%2Fv2%2Fcategories&post=13095"},{"taxonomy":"post_tag","embeddable":true,"href":"https:\/\/radiorevelacionfm.cl\/index.php?rest_route=%2Fwp%2Fv2%2Ftags&post=13095"}],"curies":[{"name":"wp","href":"https:\/\/api.w.org\/{rel}","templated":true}]}}