{"id":13091,"date":"2022-01-21T12:49:32","date_gmt":"2022-01-21T15:49:32","guid":{"rendered":"https:\/\/radiorevelacionfm.cl\/?p=13091"},"modified":"2022-01-21T12:49:32","modified_gmt":"2022-01-21T15:49:32","slug":"sag-amplia-plazo-para-declarar-las-plantaciones-de-vides-con-su-ubicacion-geoespacial","status":"publish","type":"post","link":"https:\/\/radiorevelacionfm.cl\/?p=13091","title":{"rendered":"SAG ampl\u00eda plazo para declarar las plantaciones de vides con su ubicaci\u00f3n geoespacial"},"content":{"rendered":"<div class=\"flex_column av_one_full  flex_column_div av-zero-column-padding first  avia-builder-el-0  el_before_av_one_full  avia-builder-el-first  \" style='border-radius:0px; '><div  class='avia-image-container  av-styling-    avia-builder-el-1  avia-builder-el-no-sibling  avia-align-center '  itemprop=\"image\" itemscope=\"itemscope\" itemtype=\"https:\/\/schema.org\/ImageObject\"  ><div class='avia-image-container-inner'><div class='avia-image-overlay-wrap'><img decoding=\"async\" class='wp-image-13092 avia-img-lazy-loading-not-13092 avia_image' src=\"https:\/\/radiorevelacionfm.cl\/wp-content\/uploads\/2022\/01\/IMG-V20200617-WA0030-1-1.jpg\" alt='' title='IMG-V20200617-WA0030 (1) (1)' height=\"600\" width=\"800\"  itemprop=\"thumbnailUrl\" srcset=\"https:\/\/radiorevelacionfm.cl\/wp-content\/uploads\/2022\/01\/IMG-V20200617-WA0030-1-1.jpg 800w, https:\/\/radiorevelacionfm.cl\/wp-content\/uploads\/2022\/01\/IMG-V20200617-WA0030-1-1-300x225.jpg 300w, https:\/\/radiorevelacionfm.cl\/wp-content\/uploads\/2022\/01\/IMG-V20200617-WA0030-1-1-768x576.jpg 768w, https:\/\/radiorevelacionfm.cl\/wp-content\/uploads\/2022\/01\/IMG-V20200617-WA0030-1-1-705x529.jpg 705w, https:\/\/radiorevelacionfm.cl\/wp-content\/uploads\/2022\/01\/IMG-V20200617-WA0030-1-1-600x450.jpg 600w\" sizes=\"(max-width: 800px) 100vw, 800px\" \/><\/div><\/div><\/div><\/div><div class=\"flex_column av_one_full  flex_column_div av-zero-column-padding first  avia-builder-el-2  el_after_av_one_full  el_before_av_one_full  column-top-margin\" style='border-radius:0px; '><section class=\"av_textblock_section \"  itemscope=\"itemscope\" itemtype=\"https:\/\/schema.org\/BlogPosting\" itemprop=\"blogPost\" ><div class='avia_textblock  '   itemprop=\"text\" ><p style=\"text-align: center;\"><span style=\"font-size: 18pt;\"><strong>SAG ampl\u00eda plazo para declarar las plantaciones de vides con su ubicaci\u00f3n geoespacial<\/strong><\/span><\/p>\n<div id=\"gtx-trans\" style=\"position: absolute; left: -50px; top: 4.31534px;\">\n<div class=\"gtx-trans-icon\"><\/div>\n<\/div>\n<\/div><\/section><\/div><div class=\"flex_column av_one_full  flex_column_div av-zero-column-padding first  avia-builder-el-4  el_after_av_one_full  el_before_av_hr  column-top-margin\" style='border-radius:0px; '><section class=\"av_textblock_section \"  itemscope=\"itemscope\" itemtype=\"https:\/\/schema.org\/BlogPosting\" itemprop=\"blogPost\" ><div class='avia_textblock  '   itemprop=\"text\" ><p style=\"text-align: justify;\">Hasta el 31 de diciembre de 2022 se ampli\u00f3 el plazo a quienes posean plantaciones de vides y\/o parronales, as\u00ed como bodegas de vino, para que realicen su declaraci\u00f3n completa ante el Servicio Agr\u00edcola y Ganadero registrando la ubicaci\u00f3n geoespacial de cada predio y de los cuarteles de uva existentes.<\/p>\n<p style=\"text-align: justify;\">Mediante la promulgaci\u00f3n de la Resoluci\u00f3n 8064\/2021 publicada el 21 de diciembre en el Diario Oficial, el SAG extendi\u00f3 por 365 d\u00edas, es decir hasta fines de 2022, el tiempo a los productores del rubro para que hagan ingreso de estos datos en el sistema electr\u00f3nico que lleva el Servicio, lo cual permitir\u00e1 en el futuro cercano generar el Catastro Vit\u00edcola Nacional con informaci\u00f3n mucho m\u00e1s precisa, ayudando as\u00ed a fortalecer el control en toda la cadena para una mayor transparencia del mercado vitivin\u00edcola nacional.<\/p>\n<p style=\"text-align: justify;\">Esta obligaci\u00f3n se estableci\u00f3 a trav\u00e9s de la Resoluci\u00f3n 927\/2020, solicitando a todos los propietarios\/as, arrendatarios\/as o tenedores\/as a cualquier t\u00edtulo de vi\u00f1as y\/o parronales a actualizar y complementar de manera obligatoria la informaci\u00f3n de sus plantaciones de uva de mesa, vin\u00edfera y pisquera, registrando tambi\u00e9n la ubicaci\u00f3n geoespacial de sus predios.<\/p>\n<p style=\"text-align: justify;\">Para ello, el SAG dispone de un sistema inform\u00e1tico denominado \u201cRegistro Agr\u00edcola (SRA)\u201d, al cual se accede en el siguiente link <a href=\"https:\/\/nam10.safelinks.protection.outlook.com\/?url=https%3A%2F%2Fsra.sag.gob.cl%2F&amp;data=04%7C01%7Ccecilia.munoz%40sag.gob.cl%7C07a01ea708634ab8877b08d9c576ff65%7C77ecda755864422aa5356ea67154029c%7C0%7C0%7C637757937146890133%7CUnknown%7CTWFpbGZsb3d8eyJWIjoiMC4wLjAwMDAiLCJQIjoiV2luMzIiLCJBTiI6Ik1haWwiLCJXVCI6Mn0%3D%7C3000&amp;sdata=1v8HXPOUY5n2cqhkHf1vt4aP7Fba3%2BZaaeJHvibVY%2BU%3D&amp;reserved=0\">sra.sag.gob.cl\/<\/a> o a trav\u00e9s de la p\u00e1gina web del SAG, en el apartado \u201cSistemas en l\u00ednea\u201d.<\/p>\n<p style=\"text-align: justify;\">Este proceso de declaraci\u00f3n y actualizaci\u00f3n de las plantaciones de vides y la incorporaci\u00f3n de su ubicaci\u00f3n geoespacial a trav\u00e9s del sistema SRA permitir\u00e1 generar el Catastro Vit\u00edcola Nacional con informaci\u00f3n mucho m\u00e1s precisa, que servir\u00e1 de base para la implementaci\u00f3n y operaci\u00f3n del nuevo sistema inform\u00e1tico que llevar\u00e1 la trazabilidad de las uvas y los vinos que se producen en el pa\u00eds, en lo que respecta al origen, movimiento, destino y producci\u00f3n de aquellos con denominaci\u00f3n de origen, sin denominaci\u00f3n de origen y elaborados con uva de mesa. Estas medidas buscan fortalecer el control del SAG en toda la cadena y contribuir a una mayor transparencia del mercado vitivin\u00edcola nacional.<\/p>\n<\/div><\/section><\/div><div  style='height:50px' class='hr hr-invisible   avia-builder-el-6  el_after_av_one_full  el_before_av_social_share '><span class='hr-inner ' ><span class='hr-inner-style'><\/span><\/span><\/div><\/p>\n<div  class='av-social-sharing-box  avia-builder-el-7  el_after_av_hr  el_before_av_hr  '><div class='av-share-box'><h5 class='av-share-link-description av-no-toc '>Compartir esta noticia<\/h5><ul class='av-share-box-list noLightbox'><li class='av-share-link av-social-link-facebook' ><a target=\"_blank\" aria-label=\"Compartir en Facebook\" href='https:\/\/www.facebook.com\/sharer.php?u=https:\/\/radiorevelacionfm.cl\/?p=13091&#038;t=SAG%20ampl%C3%ADa%20plazo%20para%20declarar%20las%20plantaciones%20de%20vides%20con%20su%20ubicaci%C3%B3n%20geoespacial' aria-hidden='false' data-av_icon='\ue8f3' data-av_iconfont='entypo-fontello' title='' data-avia-related-tooltip='Compartir en Facebook' rel=\"noopener\"><span class='avia_hidden_link_text'>Compartir en Facebook<\/span><\/a><\/li><li class='av-share-link av-social-link-twitter' ><a target=\"_blank\" aria-label=\"Compartir en Twitter\" href='https:\/\/twitter.com\/share?text=SAG%20ampl%C3%ADa%20plazo%20para%20declarar%20las%20plantaciones%20de%20vides%20con%20su%20ubicaci%C3%B3n%20geoespacial&#038;url=https:\/\/radiorevelacionfm.cl\/?p=13091' aria-hidden='false' data-av_icon='\ue8f1' data-av_iconfont='entypo-fontello' title='' data-avia-related-tooltip='Compartir en Twitter' rel=\"noopener\"><span class='avia_hidden_link_text'>Compartir en Twitter<\/span><\/a><\/li><li class='av-share-link av-social-link-whatsapp' ><a target=\"_blank\" aria-label=\"Compartir en Whatsapp\" href='https:\/\/api.whatsapp.com\/send?text=https:\/\/radiorevelacionfm.cl\/?p=13091' aria-hidden='false' data-av_icon='\uf232' data-av_iconfont='entypo-fontello' title='' data-avia-related-tooltip='Compartir en Whatsapp' rel=\"noopener\"><span class='avia_hidden_link_text'>Compartir en Whatsapp<\/span><\/a><\/li><li class='av-share-link av-social-link-linkedin' ><a target=\"_blank\" aria-label=\"Compartir en LinkedIn\" href='https:\/\/linkedin.com\/shareArticle?mini=true&#038;title=SAG%20ampl%C3%ADa%20plazo%20para%20declarar%20las%20plantaciones%20de%20vides%20con%20su%20ubicaci%C3%B3n%20geoespacial&#038;url=https:\/\/radiorevelacionfm.cl\/?p=13091' aria-hidden='false' data-av_icon='\ue8fc' data-av_iconfont='entypo-fontello' title='' data-avia-related-tooltip='Compartir en LinkedIn' rel=\"noopener\"><span class='avia_hidden_link_text'>Compartir en LinkedIn<\/span><\/a><\/li><li class='av-share-link av-social-link-mail' ><a  aria-label=\"Compartir por correo\" href='mailto:?subject=SAG%20ampl%C3%ADa%20plazo%20para%20declarar%20las%20plantaciones%20de%20vides%20con%20su%20ubicaci%C3%B3n%20geoespacial&#038;body=https:\/\/radiorevelacionfm.cl\/?p=13091' aria-hidden='false' data-av_icon='\ue805' data-av_iconfont='entypo-fontello' title='' data-avia-related-tooltip='Compartir por correo'><span class='avia_hidden_link_text'>Compartir por correo<\/span><\/a><\/li><\/ul><\/div><\/div>\n<div  style='height:50px' class='hr hr-invisible   avia-builder-el-8  el_after_av_social_share  el_before_av_comments_list '><span class='hr-inner ' ><span class='hr-inner-style'><\/span><\/span><\/div>\n<div  class='av-buildercomment  av-blog-meta-html-info-disabled av-blog-meta-tag-disabled  '><\/div>\n","protected":false},"excerpt":{"rendered":"","protected":false},"author":1,"featured_media":13092,"comment_status":"open","ping_status":"open","sticky":false,"template":"","format":"standard","meta":{"footnotes":""},"categories":[58],"tags":[],"class_list":["post-13091","post","type-post","status-publish","format-standard","has-post-thumbnail","hentry","category-agricultura"],"jetpack_featured_media_url":"https:\/\/radiorevelacionfm.cl\/wp-content\/uploads\/2022\/01\/IMG-V20200617-WA0030-1-1.jpg","_links":{"self":[{"href":"https:\/\/radiorevelacionfm.cl\/index.php?rest_route=\/wp\/v2\/posts\/13091","targetHints":{"allow":["GET"]}}],"collection":[{"href":"https:\/\/radiorevelacionfm.cl\/index.php?rest_route=\/wp\/v2\/posts"}],"about":[{"href":"https:\/\/radiorevelacionfm.cl\/index.php?rest_route=\/wp\/v2\/types\/post"}],"author":[{"embeddable":true,"href":"https:\/\/radiorevelacionfm.cl\/index.php?rest_route=\/wp\/v2\/users\/1"}],"replies":[{"embeddable":true,"href":"https:\/\/radiorevelacionfm.cl\/index.php?rest_route=%2Fwp%2Fv2%2Fcomments&post=13091"}],"version-history":[{"count":2,"href":"https:\/\/radiorevelacionfm.cl\/index.php?rest_route=\/wp\/v2\/posts\/13091\/revisions"}],"predecessor-version":[{"id":13094,"href":"https:\/\/radiorevelacionfm.cl\/index.php?rest_route=\/wp\/v2\/posts\/13091\/revisions\/13094"}],"wp:featuredmedia":[{"embeddable":true,"href":"https:\/\/radiorevelacionfm.cl\/index.php?rest_route=\/wp\/v2\/media\/13092"}],"wp:attachment":[{"href":"https:\/\/radiorevelacionfm.cl\/index.php?rest_route=%2Fwp%2Fv2%2Fmedia&parent=13091"}],"wp:term":[{"taxonomy":"category","embeddable":true,"href":"https:\/\/radiorevelacionfm.cl\/index.php?rest_route=%2Fwp%2Fv2%2Fcategories&post=13091"},{"taxonomy":"post_tag","embeddable":true,"href":"https:\/\/radiorevelacionfm.cl\/index.php?rest_route=%2Fwp%2Fv2%2Ftags&post=13091"}],"curies":[{"name":"wp","href":"https:\/\/api.w.org\/{rel}","templated":true}]}}