{"id":13088,"date":"2022-01-21T10:40:15","date_gmt":"2022-01-21T13:40:15","guid":{"rendered":"https:\/\/radiorevelacionfm.cl\/?p=13088"},"modified":"2022-01-21T10:40:15","modified_gmt":"2022-01-21T13:40:15","slug":"vecinos-de-villa-amengual-son-beneficiados-con-historico-financiamiento-del-gore-para-alcantarillado","status":"publish","type":"post","link":"https:\/\/radiorevelacionfm.cl\/?p=13088","title":{"rendered":"Vecinos de Villa Amengual son beneficiados con hist\u00f3rico financiamiento del GORE para alcantarillado"},"content":{"rendered":"<div class=\"flex_column av_one_full  flex_column_div av-zero-column-padding first  avia-builder-el-0  el_before_av_one_full  avia-builder-el-first  \" style='border-radius:0px; '><div  class='avia-image-container  av-styling-    avia-builder-el-1  avia-builder-el-no-sibling  avia-align-center '  itemprop=\"image\" itemscope=\"itemscope\" itemtype=\"https:\/\/schema.org\/ImageObject\"  ><div class='avia-image-container-inner'><div class='avia-image-overlay-wrap'><img decoding=\"async\" class='wp-image-9652 avia-img-lazy-loading-not-9652 avia_image' src=\"https:\/\/radiorevelacionfm.cl\/wp-content\/uploads\/2021\/10\/villa-amengual-1-1_optimized.jpg\" alt='' title='villa-amengual-1-(1)_optimized' height=\"600\" width=\"800\"  itemprop=\"thumbnailUrl\" srcset=\"https:\/\/radiorevelacionfm.cl\/wp-content\/uploads\/2021\/10\/villa-amengual-1-1_optimized.jpg 800w, https:\/\/radiorevelacionfm.cl\/wp-content\/uploads\/2021\/10\/villa-amengual-1-1_optimized-300x225.jpg 300w, https:\/\/radiorevelacionfm.cl\/wp-content\/uploads\/2021\/10\/villa-amengual-1-1_optimized-768x576.jpg 768w, https:\/\/radiorevelacionfm.cl\/wp-content\/uploads\/2021\/10\/villa-amengual-1-1_optimized-705x529.jpg 705w, https:\/\/radiorevelacionfm.cl\/wp-content\/uploads\/2021\/10\/villa-amengual-1-1_optimized-600x450.jpg 600w\" sizes=\"(max-width: 800px) 100vw, 800px\" \/><\/div><\/div><\/div><\/div><div class=\"flex_column av_one_full  flex_column_div av-zero-column-padding first  avia-builder-el-2  el_after_av_one_full  el_before_av_one_full  column-top-margin\" style='border-radius:0px; '><section class=\"av_textblock_section \"  itemscope=\"itemscope\" itemtype=\"https:\/\/schema.org\/BlogPosting\" itemprop=\"blogPost\" ><div class='avia_textblock  '   itemprop=\"text\" ><p style=\"text-align: center;\"><strong><span style=\"font-size: 18pt;\">Vecinos de Villa Amengual son beneficiados con hist\u00f3rico financiamiento del GORE para alcantarillado <\/span><\/strong><\/p>\n<div id=\"gtx-trans\" style=\"position: absolute; left: -50px; top: 4.31534px;\">\n<div class=\"gtx-trans-icon\"><\/div>\n<\/div>\n<\/div><\/section><\/div><div class=\"flex_column av_one_full  flex_column_div av-zero-column-padding first  avia-builder-el-4  el_after_av_one_full  el_before_av_hr  column-top-margin\" style='border-radius:0px; '><section class=\"av_textblock_section \"  itemscope=\"itemscope\" itemtype=\"https:\/\/schema.org\/BlogPosting\" itemprop=\"blogPost\" ><div class='avia_textblock  '   itemprop=\"text\" ><p style=\"text-align: justify;\">La Gobernadora Regional Andrea Mac\u00edas destac\u00f3 la relevancia de este proyecto para poder garantizar los servicios b\u00e1sicos para todos los habitantes de la regi\u00f3n y as\u00ed, avanzar hacia la igualdad de las oportunidades de desarrollo.<\/p>\n<p style=\"text-align: justify;\">El sector de Villa Amengual, de la comuna de Lago Verde, ha sido beneficiado con la aprobaci\u00f3n de recursos desde el Gobierno Regional de Ays\u00e9n para la construcci\u00f3n de un sistema de recolecci\u00f3n y tratamiento de aguas servidas, a trav\u00e9s de una planta de tratamiento (sistema Toh\u00e1).<\/p>\n<p style=\"text-align: justify;\">La ejecuci\u00f3n de este proyecto permitir\u00e1 dar cumplimiento a las normas sanitarias y ambientales m\u00ednimas, adem\u00e1s de dar una soluci\u00f3n digna para los m\u00e1s de 300 vecinos y vecinas de la localidad.<\/p>\n<p style=\"text-align: justify;\">Para el alcalde Nels\u00f3n Opazo, este proyecto ha sido esperado por la comunidad por mucho tiempo y es resultado de un apoyo decidido de la actual gesti\u00f3n regional.<\/p>\n<p style=\"text-align: justify;\">\u00abHubo un apoyo absolutamente concreto, como es el respaldo de la Gobernadora Regional, que nos ha impulsado este tema en esta instancia. (&#8230;) La aprobaci\u00f3n un\u00e1nime del Consejo Regional se suma al trabajo t\u00e9cnico de nuestro Concejo Municipal y de nuestro equipo, concretando el financiamiento cierto de esta importante obra que ya parte su ejecuci\u00f3n este a\u00f1o 2021. Con esta decisi\u00f3n definitivamente le podemos decir a nuestra comunidad que se ha concretado esta iniciativa en t\u00e9rminos de financiamiento que tiene un impacto important\u00edsimo\u00bb, coment\u00f3 el edil.<\/p>\n<p style=\"text-align: justify;\">Por su parte, la Gobernadora Regional Andrea Mac\u00edas destac\u00f3 el impacto que tendr\u00e1 en mejorar las oportunidades de desarrollo de la localidad para todos los vecinos y vecinas.<\/p>\n<p style=\"text-align: justify;\">\u00abEs una noticia important\u00edsima porque sabemos que el alcantarillado es una necesidad b\u00e1sica que nos va a brindar tambi\u00e9n oportunidades de desarrollo y va a permitir mejorar de manera significativa la calidad de vida de todas las familias de Villa Amengual. Debo destacar el compromiso tambi\u00e9n del Municipio y de la SUBDERE quienes han comprometido tambi\u00e9n una parte del financiamiento, para que de esta forma podamos de manera conjunta dar una soluci\u00f3n esperamos y ya durante el segundo semestre de este a\u00f1o se puedan iniciar las obras\u00bb, afirm\u00f3 la m\u00e1xima autoridad regional.<\/p>\n<p style=\"text-align: justify;\">Para el consejero regional Juan \u00c1lvarez Santana, presidente de la Comisi\u00f3n RIMA, estos acontecimientos reafirman el compromiso del Gobierno Regional por descentralizar las decisiones.<\/p>\n<p style=\"text-align: justify;\">\u00abEl financiamiento al alcantarillado de Villa Amengual sin duda obedece a una muestra concreta de que se est\u00e1 a contar de la preocupaci\u00f3n de la Gobernadora Regional de Andrea Mac\u00edas por descentralizar de sacar no solamente la inversi\u00f3n, pensando no s\u00f3lo en las comunidades que tienen mayor cantidad de habitantes, sino tambi\u00e9n hacia que efectivamente nos necesitan. Ya resolvimos una situaci\u00f3n similar hace poco tiempo atr\u00e1s que ten\u00eda que ver con proyectos de rezago denominados que ten\u00edan que ver por ejemplo con Puerto Tranquilo, hoy d\u00eda estamos resolviendo esta situaci\u00f3n en particular que tiene que ver con Villa Amengual; una localidad de la comuna de Lago Verde muy importante toda vez que todos que todos los que transitamos por la carretera austral tenemos que pasar necesariamente por aquella villa y esto es un avance important\u00edsimo para la comunidad. Implica ir resolviendo los temas, como dec\u00eda al inicio, de larga data, se producen hoy d\u00eda as\u00ed que en buena hora y transmitir a la comunidad de Lago Verde, a quienes quiero mucho, a todos sus habitantes mis saludos\u00bb, finaliz\u00f3 el consejero \u00c1lvarez.<\/p>\n<p style=\"text-align: justify;\">La Gobernadora Regional ha marcado el eje central de la inversi\u00f3n p\u00fablica en la regi\u00f3n de Ays\u00e9n. \u00abNos hemos propuesto estar presentes en el territorio ayudando a solucionar problemas reales, dado que el Gobierno Regional tiene la obligaci\u00f3n de poder velar por el desarrollo de cada una de las comunidades, independiente al n\u00famero de habitantes que tenga\u00bb.<\/p>\n<\/div><\/section><\/div><div  style='height:50px' class='hr hr-invisible   avia-builder-el-6  el_after_av_one_full  el_before_av_social_share '><span class='hr-inner ' ><span class='hr-inner-style'><\/span><\/span><\/div><\/p>\n<div  class='av-social-sharing-box  avia-builder-el-7  el_after_av_hr  el_before_av_hr  '><div class='av-share-box'><h5 class='av-share-link-description av-no-toc '>Compartir esta noticia<\/h5><ul class='av-share-box-list noLightbox'><li class='av-share-link av-social-link-facebook' ><a target=\"_blank\" aria-label=\"Compartir en Facebook\" href='https:\/\/www.facebook.com\/sharer.php?u=https:\/\/radiorevelacionfm.cl\/?p=13088&#038;t=Vecinos%20de%20Villa%20Amengual%20son%20beneficiados%20con%20hist%C3%B3rico%20financiamiento%20del%20GORE%20para%20alcantarillado' aria-hidden='false' data-av_icon='\ue8f3' data-av_iconfont='entypo-fontello' title='' data-avia-related-tooltip='Compartir en Facebook' rel=\"noopener\"><span class='avia_hidden_link_text'>Compartir en Facebook<\/span><\/a><\/li><li class='av-share-link av-social-link-twitter' ><a target=\"_blank\" aria-label=\"Compartir en Twitter\" href='https:\/\/twitter.com\/share?text=Vecinos%20de%20Villa%20Amengual%20son%20beneficiados%20con%20hist%C3%B3rico%20financiamiento%20del%20GORE%20para%20alcantarillado&#038;url=https:\/\/radiorevelacionfm.cl\/?p=13088' aria-hidden='false' data-av_icon='\ue8f1' data-av_iconfont='entypo-fontello' title='' data-avia-related-tooltip='Compartir en Twitter' rel=\"noopener\"><span class='avia_hidden_link_text'>Compartir en Twitter<\/span><\/a><\/li><li class='av-share-link av-social-link-whatsapp' ><a target=\"_blank\" aria-label=\"Compartir en Whatsapp\" href='https:\/\/api.whatsapp.com\/send?text=https:\/\/radiorevelacionfm.cl\/?p=13088' aria-hidden='false' data-av_icon='\uf232' data-av_iconfont='entypo-fontello' title='' data-avia-related-tooltip='Compartir en Whatsapp' rel=\"noopener\"><span class='avia_hidden_link_text'>Compartir en Whatsapp<\/span><\/a><\/li><li class='av-share-link av-social-link-linkedin' ><a target=\"_blank\" aria-label=\"Compartir en LinkedIn\" href='https:\/\/linkedin.com\/shareArticle?mini=true&#038;title=Vecinos%20de%20Villa%20Amengual%20son%20beneficiados%20con%20hist%C3%B3rico%20financiamiento%20del%20GORE%20para%20alcantarillado&#038;url=https:\/\/radiorevelacionfm.cl\/?p=13088' aria-hidden='false' data-av_icon='\ue8fc' data-av_iconfont='entypo-fontello' title='' data-avia-related-tooltip='Compartir en LinkedIn' rel=\"noopener\"><span class='avia_hidden_link_text'>Compartir en LinkedIn<\/span><\/a><\/li><li class='av-share-link av-social-link-mail' ><a  aria-label=\"Compartir por correo\" href='mailto:?subject=Vecinos%20de%20Villa%20Amengual%20son%20beneficiados%20con%20hist%C3%B3rico%20financiamiento%20del%20GORE%20para%20alcantarillado&#038;body=https:\/\/radiorevelacionfm.cl\/?p=13088' aria-hidden='false' data-av_icon='\ue805' data-av_iconfont='entypo-fontello' title='' data-avia-related-tooltip='Compartir por correo'><span class='avia_hidden_link_text'>Compartir por correo<\/span><\/a><\/li><\/ul><\/div><\/div>\n<div  style='height:50px' class='hr hr-invisible   avia-builder-el-8  el_after_av_social_share  el_before_av_comments_list '><span class='hr-inner ' ><span class='hr-inner-style'><\/span><\/span><\/div>\n<div  class='av-buildercomment  av-blog-meta-html-info-disabled av-blog-meta-tag-disabled  '><\/div>\n","protected":false},"excerpt":{"rendered":"","protected":false},"author":1,"featured_media":9652,"comment_status":"open","ping_status":"open","sticky":false,"template":"","format":"standard","meta":{"footnotes":""},"categories":[38],"tags":[],"class_list":["post-13088","post","type-post","status-publish","format-standard","has-post-thumbnail","hentry","category-regional"],"jetpack_featured_media_url":"https:\/\/radiorevelacionfm.cl\/wp-content\/uploads\/2021\/10\/villa-amengual-1-1_optimized.jpg","_links":{"self":[{"href":"https:\/\/radiorevelacionfm.cl\/index.php?rest_route=\/wp\/v2\/posts\/13088","targetHints":{"allow":["GET"]}}],"collection":[{"href":"https:\/\/radiorevelacionfm.cl\/index.php?rest_route=\/wp\/v2\/posts"}],"about":[{"href":"https:\/\/radiorevelacionfm.cl\/index.php?rest_route=\/wp\/v2\/types\/post"}],"author":[{"embeddable":true,"href":"https:\/\/radiorevelacionfm.cl\/index.php?rest_route=\/wp\/v2\/users\/1"}],"replies":[{"embeddable":true,"href":"https:\/\/radiorevelacionfm.cl\/index.php?rest_route=%2Fwp%2Fv2%2Fcomments&post=13088"}],"version-history":[{"count":2,"href":"https:\/\/radiorevelacionfm.cl\/index.php?rest_route=\/wp\/v2\/posts\/13088\/revisions"}],"predecessor-version":[{"id":13090,"href":"https:\/\/radiorevelacionfm.cl\/index.php?rest_route=\/wp\/v2\/posts\/13088\/revisions\/13090"}],"wp:featuredmedia":[{"embeddable":true,"href":"https:\/\/radiorevelacionfm.cl\/index.php?rest_route=\/wp\/v2\/media\/9652"}],"wp:attachment":[{"href":"https:\/\/radiorevelacionfm.cl\/index.php?rest_route=%2Fwp%2Fv2%2Fmedia&parent=13088"}],"wp:term":[{"taxonomy":"category","embeddable":true,"href":"https:\/\/radiorevelacionfm.cl\/index.php?rest_route=%2Fwp%2Fv2%2Fcategories&post=13088"},{"taxonomy":"post_tag","embeddable":true,"href":"https:\/\/radiorevelacionfm.cl\/index.php?rest_route=%2Fwp%2Fv2%2Ftags&post=13088"}],"curies":[{"name":"wp","href":"https:\/\/api.w.org\/{rel}","templated":true}]}}