{"id":13077,"date":"2022-01-20T16:57:25","date_gmt":"2022-01-20T19:57:25","guid":{"rendered":"https:\/\/radiorevelacionfm.cl\/?p=13077"},"modified":"2022-01-20T16:57:25","modified_gmt":"2022-01-20T19:57:25","slug":"aprueban-recursos-para-la-construccion-del-alcantarillado-y-planta-de-tratamiento-de-villa-amengual","status":"publish","type":"post","link":"https:\/\/radiorevelacionfm.cl\/?p=13077","title":{"rendered":"Aprueban recursos para la construcci\u00f3n del Alcantarillado y Planta de Tratamiento de Villa Amengual"},"content":{"rendered":"<div class=\"flex_column av_one_full  flex_column_div av-zero-column-padding first  avia-builder-el-0  el_before_av_one_full  avia-builder-el-first  \" style='border-radius:0px; '><div  class='avia-image-container  av-styling-    avia-builder-el-1  avia-builder-el-no-sibling  avia-align-center '  itemprop=\"image\" itemscope=\"itemscope\" itemtype=\"https:\/\/schema.org\/ImageObject\"  ><div class='avia-image-container-inner'><div class='avia-image-overlay-wrap'><img decoding=\"async\" class='wp-image-13078 avia-img-lazy-loading-not-13078 avia_image' src=\"https:\/\/radiorevelacionfm.cl\/wp-content\/uploads\/2022\/01\/APROBACION-ALCANTARILLADO-3-1-1.jpeg\" alt='' title='APROBACION ALCANTARILLADO 3 (1) (1)' height=\"600\" width=\"800\"  itemprop=\"thumbnailUrl\" srcset=\"https:\/\/radiorevelacionfm.cl\/wp-content\/uploads\/2022\/01\/APROBACION-ALCANTARILLADO-3-1-1.jpeg 800w, https:\/\/radiorevelacionfm.cl\/wp-content\/uploads\/2022\/01\/APROBACION-ALCANTARILLADO-3-1-1-300x225.jpeg 300w, https:\/\/radiorevelacionfm.cl\/wp-content\/uploads\/2022\/01\/APROBACION-ALCANTARILLADO-3-1-1-768x576.jpeg 768w, https:\/\/radiorevelacionfm.cl\/wp-content\/uploads\/2022\/01\/APROBACION-ALCANTARILLADO-3-1-1-705x529.jpeg 705w, https:\/\/radiorevelacionfm.cl\/wp-content\/uploads\/2022\/01\/APROBACION-ALCANTARILLADO-3-1-1-600x450.jpeg 600w\" sizes=\"(max-width: 800px) 100vw, 800px\" \/><\/div><\/div><\/div><\/div><div class=\"flex_column av_one_full  flex_column_div av-zero-column-padding first  avia-builder-el-2  el_after_av_one_full  el_before_av_one_full  column-top-margin\" style='border-radius:0px; '><section class=\"av_textblock_section \"  itemscope=\"itemscope\" itemtype=\"https:\/\/schema.org\/BlogPosting\" itemprop=\"blogPost\" ><div class='avia_textblock  '   itemprop=\"text\" ><p style=\"text-align: center;\"><strong><span style=\"font-size: 18pt;\">Aprueban recursos para la construcci\u00f3n del Alcantarillado y Planta de Tratamiento de Villa Amengual <\/span><\/strong><\/p>\n<div id=\"gtx-trans\" style=\"position: absolute; left: -50px; top: 4.31534px;\">\n<div class=\"gtx-trans-icon\"><\/div>\n<\/div>\n<\/div><\/section><\/div><div class=\"flex_column av_one_full  flex_column_div av-zero-column-padding first  avia-builder-el-4  el_after_av_one_full  el_before_av_hr  column-top-margin\" style='border-radius:0px; '><section class=\"av_textblock_section \"  itemscope=\"itemscope\" itemtype=\"https:\/\/schema.org\/BlogPosting\" itemprop=\"blogPost\" ><div class='avia_textblock  '   itemprop=\"text\" ><p style=\"text-align: justify;\">Siguen las buenas noticias para la comuna de Lago Verde, esta vez, para Villa Amengual, localidad que ya cuenta con los recursos para la construcci\u00f3n del Alcantarillado y Planta de Tratamiento de Aguas Servidas. Esto luego de que el Consejo Regional en pleno, encabezado por la Gobernadora Regional, Andrea Mac\u00edas, aprobar\u00e1 el financiamiento del 50% de los recursos que se necesitan para concretar el proyecto, ya que, la Subdere comprometi\u00f3 el otro 50% de los fondos.<\/p>\n<p style=\"text-align: justify;\">Las gestiones del Alcalde, Nelson Opazo, han sido incansables para arribar a esta buena noticia, algo que el edil celebr\u00f3 y destac\u00f3 la uni\u00f3n de voluntades y disposici\u00f3n pol\u00edtica de los distintos organismos y autoridades que colaboraron para que los vecinos y vecinas de Villa Amengual, puedan mejorar su calidad de vida.<\/p>\n<p style=\"text-align: justify;\">De esta forma se logra, \u201cla aprobaci\u00f3n de m\u00e1s de 2.560 millones de pesos, para instalar la planta de tratamiento y la red de colectores que faltan, claramente este a\u00f1o se inician sus obras con esta decisi\u00f3n. Valorar much\u00edsimo lo que ha sido el concurso de actores relevantes a la hora de tomar una decisi\u00f3n tan importante como esta, es un proyecto de m\u00e1s de 2 mil millones, por lo tanto, ese proceso no es tan f\u00e1cil. Por ende, sino hubiese estado el apoyo de la Gobernadora Regional, Andrea Mac\u00edas, sino hubiese estado el apoyo y la disposici\u00f3n permanente del Senador David Sandoval, del encargado regional Subdere, Patricio Ulloa, que tambi\u00e9n compromete recursos y de la Subsecretaria de Subdere Nacional, Mar\u00eda Paz Troncoso, no hubi\u00e9semos llegado a esta instancia y no hubi\u00e9semos logrado que el Consejo Regional en forma un\u00e1nime apruebe esta iniciativa\u201d, se\u00f1al\u00f3 el Alcalde Nelson Opazo.<\/p>\n<p style=\"text-align: justify;\">En tanto, la Gobernadora Regional de Ays\u00e9n, Andrea Mac\u00edas, se mostr\u00f3 feliz que en el pleno del Consejo Regional se hayan aprobado los recursos para el Alcantarillado de Villa Amengual, considerando la importancia de esta \u201cnecesidad b\u00e1sica\u201d.<\/p>\n<p style=\"text-align: justify;\">\u201cEstamos muy contentos, dado que el Concejo Regional aprob\u00f3 el financiamiento para el alcantarillado de Villa Amengual. La verdad es que, es una noticia important\u00edsima, sabemos que el alcantarillado es una necesidad b\u00e1sica, que nos va a brindar tambi\u00e9n oportunidades de desarrollo y va a permitir mejorar de manera significativa la calidad de vida de un n\u00famero importante de familias de Villa Amengual. Debo destacar tambi\u00e9n el compromiso del Municipio y de la Subsecretar\u00eda de Desarrollo Regional, quienes han comprometido una parte del financiamiento, para que de esta forma podamos de manera conjunta dar una soluci\u00f3n\u201d.<\/p>\n<p style=\"text-align: justify;\">El Encargado de la Unidad Regional de Subdere, Patricio Ulloa, destac\u00f3 el compromiso del 50 por ciento de los recursos por parte de la Subsecretaria, Mar\u00eda Paz Troncoso, que, con el aporte aprobado por el Consejo Regional, permitir\u00e1n materializar un sentido anhelo y necesidad de los vecinos de Villa Amengual.<\/p>\n<p style=\"text-align: justify;\">\u201cMuy contento porque se acaba de aprobar el proyecto de ampliaci\u00f3n del alcantarillado y la planta de tratamiento de aguas servidas de Villa Amengual. Muy contento, adem\u00e1s, porque este ha sido un trabajo que ha venido realizando la Municipalidad, su Alcalde, su Concejo, la comunidad general, por dar mejor calidad de vida a las personas que viven en esos lugares tan apartados, pero que, sin lugar a dudas, merecen tambi\u00e9n la atenci\u00f3n de quienes vivimos, quiz\u00e1s, de una forma m\u00e1s c\u00f3moda, con los temas m\u00e1s resueltos. Hoy como encargado regional de la Subdere, me ha correspondido expresar el compromiso que ha hecho nuestra Subsecretaria, Mar\u00eda Paz Troncoso, en base a disponer del 50% del financiamiento para este proyecto y la diferencia la va a financiar el Gobierno Regional de Ays\u00e9n. Por lo tanto, felicitar a cada uno de los habitantes que viven en esa hermosa localidad\u201d.<\/p>\n<p style=\"text-align: justify;\">Una de las autoridades que realiz\u00f3 gestiones desde el nivel central y regional junto al Alcalde Nelson Opazo, fue el Senador David Sandoval, quien valor\u00f3 enormemente que el proyecto haya logrado financiamiento.<\/p>\n<p style=\"text-align: justify;\">\u201cSe logr\u00f3 el acuerdo formal de todo el Consejo Regional y yo quiero en esta ocasi\u00f3n destacar, la disposici\u00f3n, la persistencia del Alcalde Nelson Opazo, por materializar este proyecto. Pero tambi\u00e9n se lograron conjugar las voluntades, que permitieran pr\u00e1cticamente en el \u00faltimo minuto sacar este proyecto, me refiero a la Subsecretar\u00eda de Desarrollo Regional y Administrativo, quien dispuso el financiamiento del 50%, destacar la voluntad de la Subsecretaria. Por cierto tambi\u00e9n, lo hable con la propia Gobernadora Regional, cuando se manifest\u00f3 esta posibilidad de que necesit\u00e1bamos el compromiso del Gobierno Regional, debo reconocer en la Gobernadora la disposici\u00f3n para poner este proyecto de manera extraordinaria, de car\u00e1cter urgente, en la tramitaci\u00f3n de este \u00faltimo Consejo Regional y comprometer el otro 50%. Y m\u00e1s all\u00e1 de todas estas cosas, evidentemente los mayores beneficiados son los habitantes de Villa Amengual, todos quienes pasamos por la Villa y queremos que ah\u00ed la gente viva en condiciones de calidad\u201d.<\/p>\n<p style=\"text-align: justify;\">El Concejal de la comuna de Lago Verde y residente en Amengual, Flavio Reyes, felicit\u00f3 las gestiones que hoy permiten contar con los m\u00e1s de 2.500 millones de pesos para el Alcantarillado del sector. Dando cuenta, adem\u00e1s, que este fue un compromiso del Alcalde Opazo, que hoy comienza a concretarse. \u201cEn la candidatura del Alcalde 2021 \u2013 2024, uno de los proyectos prioritarios era el cuidado al medio ambiente, la salud para los adultos mayores, que es la base para el funcionamiento de toda localidad. Basta darse una vuelta por la localidad en estos d\u00edas de calor y claramente el alcantarillado se va a convertir en una gran soluci\u00f3n para nuestra comunidad. As\u00ed es que, agradecer a quienes colaboraron para que esto se apruebe y feliz con la noticia\u201d.<\/p>\n<p style=\"text-align: justify;\">Tras la aprobaci\u00f3n en el Consejo Regional y el compromiso de Subdere, est\u00e1n los fondos requeridos para el Alcantarillado y Planta de Tratamiento de Aguas Servidas en Villa Amengual, ahora, vienen todos los actos administrativos, considerando el monto, para luego realizar el proceso de licitaci\u00f3n y adjudicaci\u00f3n de las obras. Trabajos que debieran iniciarse, durante el segundo semestre de este a\u00f1o 2022.<\/p>\n<\/div><\/section><\/div><div  style='height:50px' class='hr hr-invisible   avia-builder-el-6  el_after_av_one_full  el_before_av_social_share '><span class='hr-inner ' ><span class='hr-inner-style'><\/span><\/span><\/div><\/p>\n<div  class='av-social-sharing-box  avia-builder-el-7  el_after_av_hr  el_before_av_hr  '><div class='av-share-box'><h5 class='av-share-link-description av-no-toc '>Compartir esta noticia<\/h5><ul class='av-share-box-list noLightbox'><li class='av-share-link av-social-link-facebook' ><a target=\"_blank\" aria-label=\"Compartir en Facebook\" href='https:\/\/www.facebook.com\/sharer.php?u=https:\/\/radiorevelacionfm.cl\/?p=13077&#038;t=Aprueban%20recursos%20para%20la%20construcci%C3%B3n%20del%20Alcantarillado%20y%20Planta%20de%20Tratamiento%20de%20Villa%20Amengual' aria-hidden='false' data-av_icon='\ue8f3' data-av_iconfont='entypo-fontello' title='' data-avia-related-tooltip='Compartir en Facebook' rel=\"noopener\"><span class='avia_hidden_link_text'>Compartir en Facebook<\/span><\/a><\/li><li class='av-share-link av-social-link-twitter' ><a target=\"_blank\" aria-label=\"Compartir en Twitter\" href='https:\/\/twitter.com\/share?text=Aprueban%20recursos%20para%20la%20construcci%C3%B3n%20del%20Alcantarillado%20y%20Planta%20de%20Tratamiento%20de%20Villa%20Amengual&#038;url=https:\/\/radiorevelacionfm.cl\/?p=13077' aria-hidden='false' data-av_icon='\ue8f1' data-av_iconfont='entypo-fontello' title='' data-avia-related-tooltip='Compartir en Twitter' rel=\"noopener\"><span class='avia_hidden_link_text'>Compartir en Twitter<\/span><\/a><\/li><li class='av-share-link av-social-link-whatsapp' ><a target=\"_blank\" aria-label=\"Compartir en Whatsapp\" href='https:\/\/api.whatsapp.com\/send?text=https:\/\/radiorevelacionfm.cl\/?p=13077' aria-hidden='false' data-av_icon='\uf232' data-av_iconfont='entypo-fontello' title='' data-avia-related-tooltip='Compartir en Whatsapp' rel=\"noopener\"><span class='avia_hidden_link_text'>Compartir en Whatsapp<\/span><\/a><\/li><li class='av-share-link av-social-link-linkedin' ><a target=\"_blank\" aria-label=\"Compartir en LinkedIn\" href='https:\/\/linkedin.com\/shareArticle?mini=true&#038;title=Aprueban%20recursos%20para%20la%20construcci%C3%B3n%20del%20Alcantarillado%20y%20Planta%20de%20Tratamiento%20de%20Villa%20Amengual&#038;url=https:\/\/radiorevelacionfm.cl\/?p=13077' aria-hidden='false' data-av_icon='\ue8fc' data-av_iconfont='entypo-fontello' title='' data-avia-related-tooltip='Compartir en LinkedIn' rel=\"noopener\"><span class='avia_hidden_link_text'>Compartir en LinkedIn<\/span><\/a><\/li><li class='av-share-link av-social-link-mail' ><a  aria-label=\"Compartir por correo\" href='mailto:?subject=Aprueban%20recursos%20para%20la%20construcci%C3%B3n%20del%20Alcantarillado%20y%20Planta%20de%20Tratamiento%20de%20Villa%20Amengual&#038;body=https:\/\/radiorevelacionfm.cl\/?p=13077' aria-hidden='false' data-av_icon='\ue805' data-av_iconfont='entypo-fontello' title='' data-avia-related-tooltip='Compartir por correo'><span class='avia_hidden_link_text'>Compartir por correo<\/span><\/a><\/li><\/ul><\/div><\/div>\n<div  style='height:50px' class='hr hr-invisible   avia-builder-el-8  el_after_av_social_share  el_before_av_comments_list '><span class='hr-inner ' ><span class='hr-inner-style'><\/span><\/span><\/div>\n<div  class='av-buildercomment  av-blog-meta-html-info-disabled av-blog-meta-tag-disabled  '><\/div>\n","protected":false},"excerpt":{"rendered":"","protected":false},"author":1,"featured_media":13078,"comment_status":"open","ping_status":"open","sticky":false,"template":"","format":"standard","meta":{"footnotes":""},"categories":[38],"tags":[],"class_list":["post-13077","post","type-post","status-publish","format-standard","has-post-thumbnail","hentry","category-regional"],"jetpack_featured_media_url":"https:\/\/radiorevelacionfm.cl\/wp-content\/uploads\/2022\/01\/APROBACION-ALCANTARILLADO-3-1-1.jpeg","_links":{"self":[{"href":"https:\/\/radiorevelacionfm.cl\/index.php?rest_route=\/wp\/v2\/posts\/13077","targetHints":{"allow":["GET"]}}],"collection":[{"href":"https:\/\/radiorevelacionfm.cl\/index.php?rest_route=\/wp\/v2\/posts"}],"about":[{"href":"https:\/\/radiorevelacionfm.cl\/index.php?rest_route=\/wp\/v2\/types\/post"}],"author":[{"embeddable":true,"href":"https:\/\/radiorevelacionfm.cl\/index.php?rest_route=\/wp\/v2\/users\/1"}],"replies":[{"embeddable":true,"href":"https:\/\/radiorevelacionfm.cl\/index.php?rest_route=%2Fwp%2Fv2%2Fcomments&post=13077"}],"version-history":[{"count":2,"href":"https:\/\/radiorevelacionfm.cl\/index.php?rest_route=\/wp\/v2\/posts\/13077\/revisions"}],"predecessor-version":[{"id":13080,"href":"https:\/\/radiorevelacionfm.cl\/index.php?rest_route=\/wp\/v2\/posts\/13077\/revisions\/13080"}],"wp:featuredmedia":[{"embeddable":true,"href":"https:\/\/radiorevelacionfm.cl\/index.php?rest_route=\/wp\/v2\/media\/13078"}],"wp:attachment":[{"href":"https:\/\/radiorevelacionfm.cl\/index.php?rest_route=%2Fwp%2Fv2%2Fmedia&parent=13077"}],"wp:term":[{"taxonomy":"category","embeddable":true,"href":"https:\/\/radiorevelacionfm.cl\/index.php?rest_route=%2Fwp%2Fv2%2Fcategories&post=13077"},{"taxonomy":"post_tag","embeddable":true,"href":"https:\/\/radiorevelacionfm.cl\/index.php?rest_route=%2Fwp%2Fv2%2Ftags&post=13077"}],"curies":[{"name":"wp","href":"https:\/\/api.w.org\/{rel}","templated":true}]}}