{"id":13072,"date":"2022-01-20T15:30:30","date_gmt":"2022-01-20T18:30:30","guid":{"rendered":"https:\/\/radiorevelacionfm.cl\/?p=13072"},"modified":"2022-01-20T15:30:30","modified_gmt":"2022-01-20T18:30:30","slug":"impulsan-elaboracion-de-planes-estrategicos-de-gestion-hidrica-con-comunidades-en-las-cuencas-del-rio-aysen-baker-y-pascua","status":"publish","type":"post","link":"https:\/\/radiorevelacionfm.cl\/?p=13072","title":{"rendered":"Impulsan elaboraci\u00f3n de planes estrat\u00e9gicos de gesti\u00f3n h\u00eddrica con comunidades en las cuencas del R\u00edo Ays\u00e9n, Baker y Pascua"},"content":{"rendered":"<div class=\"flex_column av_one_full  flex_column_div av-zero-column-padding first  avia-builder-el-0  el_before_av_one_full  avia-builder-el-first  \" style='border-radius:0px; '><div  class='avia-image-container  av-styling-    avia-builder-el-1  avia-builder-el-no-sibling  avia-align-center '  itemprop=\"image\" itemscope=\"itemscope\" itemtype=\"https:\/\/schema.org\/ImageObject\"  ><div class='avia-image-container-inner'><div class='avia-image-overlay-wrap'><img decoding=\"async\" class='wp-image-13073 avia-img-lazy-loading-not-13073 avia_image' src=\"https:\/\/radiorevelacionfm.cl\/wp-content\/uploads\/2022\/01\/rio-pascua-nacimiento-cuenca-1_optimized.jpg\" alt='' title='rio-pascua-nacimiento--cuenca-(1)_optimized' height=\"600\" width=\"1770\"  itemprop=\"thumbnailUrl\" srcset=\"https:\/\/radiorevelacionfm.cl\/wp-content\/uploads\/2022\/01\/rio-pascua-nacimiento-cuenca-1_optimized.jpg 1770w, https:\/\/radiorevelacionfm.cl\/wp-content\/uploads\/2022\/01\/rio-pascua-nacimiento-cuenca-1_optimized-300x102.jpg 300w, https:\/\/radiorevelacionfm.cl\/wp-content\/uploads\/2022\/01\/rio-pascua-nacimiento-cuenca-1_optimized-1030x349.jpg 1030w, https:\/\/radiorevelacionfm.cl\/wp-content\/uploads\/2022\/01\/rio-pascua-nacimiento-cuenca-1_optimized-768x260.jpg 768w, https:\/\/radiorevelacionfm.cl\/wp-content\/uploads\/2022\/01\/rio-pascua-nacimiento-cuenca-1_optimized-1536x521.jpg 1536w, https:\/\/radiorevelacionfm.cl\/wp-content\/uploads\/2022\/01\/rio-pascua-nacimiento-cuenca-1_optimized-1500x508.jpg 1500w, https:\/\/radiorevelacionfm.cl\/wp-content\/uploads\/2022\/01\/rio-pascua-nacimiento-cuenca-1_optimized-705x239.jpg 705w, https:\/\/radiorevelacionfm.cl\/wp-content\/uploads\/2022\/01\/rio-pascua-nacimiento-cuenca-1_optimized-600x203.jpg 600w\" sizes=\"(max-width: 1770px) 100vw, 1770px\" \/><\/div><\/div><\/div><\/div><div class=\"flex_column av_one_full  flex_column_div av-zero-column-padding first  avia-builder-el-2  el_after_av_one_full  el_before_av_one_full  column-top-margin\" style='border-radius:0px; '><section class=\"av_textblock_section \"  itemscope=\"itemscope\" itemtype=\"https:\/\/schema.org\/BlogPosting\" itemprop=\"blogPost\" ><div class='avia_textblock  '   itemprop=\"text\" ><p style=\"text-align: center;\"><span style=\"font-size: 18pt;\"><strong>Impulsan elaboraci\u00f3n de planes estrat\u00e9gicos de gesti\u00f3n h\u00eddrica con comunidades en las cuencas del R\u00edo Ays\u00e9n, Baker y Pascua<\/strong><\/span><\/p>\n<div id=\"gtx-trans\" style=\"position: absolute; left: -50px; top: 4.31534px;\">\n<div class=\"gtx-trans-icon\"><\/div>\n<\/div>\n<\/div><\/section><\/div><div class=\"flex_column av_one_full  flex_column_div av-zero-column-padding first  avia-builder-el-4  el_after_av_one_full  el_before_av_hr  column-top-margin\" style='border-radius:0px; '><section class=\"av_textblock_section \"  itemscope=\"itemscope\" itemtype=\"https:\/\/schema.org\/BlogPosting\" itemprop=\"blogPost\" ><div class='avia_textblock  '   itemprop=\"text\" ><p style=\"text-align: justify;\">El Secretario Regional Ministerial de Obras P\u00fablicas (S) El\u00edas Fern\u00e1ndez Ni\u00f1o destac\u00f3 esta semana el importante impulso que el gobierno del presidente Sebasti\u00e1n Pi\u00f1era, mediante\u00a0 la Direcci\u00f3n General de Aguas del Ministerio de Obras P\u00fablicas,\u00a0 est\u00e1 dando en todo el pa\u00eds y en particular en la regi\u00f3n de Ays\u00e9n, para elaborar junto a la comunidad Planes Estrat\u00e9gicos de Gesti\u00f3n H\u00eddrica en las Cuencas del r\u00edo Ays\u00e9n, r\u00edo Baker y r\u00edo Pascua, esto en el contexto de desarrollo de la Mesa Nacional del Agua en donde se identificaron tres desaf\u00edos y doce ejes tem\u00e1ticos, entre los que destacan como desaf\u00edos la Seguridad H\u00eddrica y el Marco Legal y como ejes tem\u00e1ticos la Institucionalidad a nivel de Cuencas.<\/p>\n<p style=\"text-align: justify;\">Al respecto, el SEREMI (S) del MOP enfatiz\u00f3: \u201cEn el complejo escenario que vivimos hoy donde cuidamos el agua o nos quedamos sin ella, es fundamental la planificaci\u00f3n estrat\u00e9gica de medidas de intervenci\u00f3n y\/o adaptabilidad frente al cambio clim\u00e1tico, el que afecta directamente los ciclos hidrol\u00f3gicos generando en \u00e1reas de clima seco, sequ\u00edas m\u00e1s prolongadas. A esto se agrega, el incremento de la poblaci\u00f3n y el mayor desarrollo econ\u00f3mico que ha generado una creciente demanda del recurso h\u00eddrico, siendo la manera de afrontarlo mediante su gesti\u00f3n eficiente\u00a0 para que su uso sea sostenible en el tiempo. Por esta raz\u00f3n,\u00a0 es que como gobierno y con la contribuci\u00f3n de la comunidad se hace necesario abordar la situaci\u00f3n con un enfoque nuevo de gesti\u00f3n estrat\u00e9gico a nivel de Cuenca, el que aportar\u00e1 conocimiento sobre herramientas de c\u00e1lculo de balance de agua para cada Cuenca, y tendr\u00e1 como resultado un conjunto de acciones a realizar que consideren los efectos del cambio clim\u00e1tico y la elaboraci\u00f3n de Planes a corto, mediano y largo plazo\u201d.<\/p>\n<p style=\"text-align: justify;\">De esta forma, agreg\u00f3 el SEREMI del MOP (S) \u201ccomo Ministerio de Obras P\u00fablicas a trav\u00e9s de nuestra Direcci\u00f3n General de Aguas en la regi\u00f3n de Ays\u00e9n estamos impulsando esta elaboraci\u00f3n de \u201cPlanes Estrat\u00e9gicos de Gesti\u00f3n H\u00eddrica\u201d en la Cuenca del r\u00edo Ays\u00e9n y tambi\u00e9n en las Cuencas del r\u00edo Baker y r\u00edo Pascua, con la realizaci\u00f3n de un proceso de participaci\u00f3n ciudadana que permita retroalimentar la formulaci\u00f3n del Plan Estrat\u00e9gico de Gesti\u00f3n H\u00eddrica. Para el logro de este objetivo, en el Estudio de ambas Cuencas estamos invirtiendo\u00a0 $888 millones, los que nos permitir\u00e1n realizar diversas acciones en el \u00e1mbito de la investigaci\u00f3n cient\u00edfica, tales como la estimaci\u00f3n de la oferta-demanda h\u00eddrica y sus proyecciones en escenarios de cambio clim\u00e1tico con un horizonte de 30 a\u00f1os al futuro.\u00a0 Estos estudios consideran tambi\u00e9n talleres de participaci\u00f3n ciudadana dirigidos a las comunidades, a lo que se sumar\u00e1n actividades de capacitaci\u00f3n en el uso de modelos hidrol\u00f3gicos para actores relevantes de las cuencas, a modo de facilitar que todas las personas puedan comprender estas herramientas. Por lo tanto, hacemos una invitaci\u00f3n a la comunidad a mantenerse atenta\/o a este proceso que comienza hoy, y que se extender\u00e1 hasta el 31 de diciembre 2022, para trabajar mancomunadamente gobierno y comunidad en el mejoramiento de su calidad de vida, porque cuando estudiamos, conocemos, aprendemos a cuidar y a desarrollar nuestras Cuencas, tambi\u00e9n estamos protegiendo nuestro principal recurso que es el agua, el que en forma permanente nos beneficia a\u00a0 todas y todos\u201d.<\/p>\n<\/div><\/section><\/div><div  style='height:50px' class='hr hr-invisible   avia-builder-el-6  el_after_av_one_full  el_before_av_social_share '><span class='hr-inner ' ><span class='hr-inner-style'><\/span><\/span><\/div><\/p>\n<div  class='av-social-sharing-box  avia-builder-el-7  el_after_av_hr  el_before_av_hr  '><div class='av-share-box'><h5 class='av-share-link-description av-no-toc '>Compartir esta noticia<\/h5><ul class='av-share-box-list noLightbox'><li class='av-share-link av-social-link-facebook' ><a target=\"_blank\" aria-label=\"Compartir en Facebook\" href='https:\/\/www.facebook.com\/sharer.php?u=https:\/\/radiorevelacionfm.cl\/?p=13072&#038;t=Impulsan%20elaboraci%C3%B3n%20de%20planes%20estrat%C3%A9gicos%20de%20gesti%C3%B3n%20h%C3%ADdrica%20con%20comunidades%20en%20las%20cuencas%20del%20R%C3%ADo%20Ays%C3%A9n%2C%20Baker%20y%20Pascua' aria-hidden='false' data-av_icon='\ue8f3' data-av_iconfont='entypo-fontello' title='' data-avia-related-tooltip='Compartir en Facebook' rel=\"noopener\"><span class='avia_hidden_link_text'>Compartir en Facebook<\/span><\/a><\/li><li class='av-share-link av-social-link-twitter' ><a target=\"_blank\" aria-label=\"Compartir en Twitter\" href='https:\/\/twitter.com\/share?text=Impulsan%20elaboraci%C3%B3n%20de%20planes%20estrat%C3%A9gicos%20de%20gesti%C3%B3n%20h%C3%ADdrica%20con%20comunidades%20en%20las%20cuencas%20del%20R%C3%ADo%20Ays%C3%A9n%2C%20Baker%20y%20Pascua&#038;url=https:\/\/radiorevelacionfm.cl\/?p=13072' aria-hidden='false' data-av_icon='\ue8f1' data-av_iconfont='entypo-fontello' title='' data-avia-related-tooltip='Compartir en Twitter' rel=\"noopener\"><span class='avia_hidden_link_text'>Compartir en Twitter<\/span><\/a><\/li><li class='av-share-link av-social-link-whatsapp' ><a target=\"_blank\" aria-label=\"Compartir en Whatsapp\" href='https:\/\/api.whatsapp.com\/send?text=https:\/\/radiorevelacionfm.cl\/?p=13072' aria-hidden='false' data-av_icon='\uf232' data-av_iconfont='entypo-fontello' title='' data-avia-related-tooltip='Compartir en Whatsapp' rel=\"noopener\"><span class='avia_hidden_link_text'>Compartir en Whatsapp<\/span><\/a><\/li><li class='av-share-link av-social-link-linkedin' ><a target=\"_blank\" aria-label=\"Compartir en LinkedIn\" href='https:\/\/linkedin.com\/shareArticle?mini=true&#038;title=Impulsan%20elaboraci%C3%B3n%20de%20planes%20estrat%C3%A9gicos%20de%20gesti%C3%B3n%20h%C3%ADdrica%20con%20comunidades%20en%20las%20cuencas%20del%20R%C3%ADo%20Ays%C3%A9n%2C%20Baker%20y%20Pascua&#038;url=https:\/\/radiorevelacionfm.cl\/?p=13072' aria-hidden='false' data-av_icon='\ue8fc' data-av_iconfont='entypo-fontello' title='' data-avia-related-tooltip='Compartir en LinkedIn' rel=\"noopener\"><span class='avia_hidden_link_text'>Compartir en LinkedIn<\/span><\/a><\/li><li class='av-share-link av-social-link-mail' ><a  aria-label=\"Compartir por correo\" href='mailto:?subject=Impulsan%20elaboraci%C3%B3n%20de%20planes%20estrat%C3%A9gicos%20de%20gesti%C3%B3n%20h%C3%ADdrica%20con%20comunidades%20en%20las%20cuencas%20del%20R%C3%ADo%20Ays%C3%A9n%2C%20Baker%20y%20Pascua&#038;body=https:\/\/radiorevelacionfm.cl\/?p=13072' aria-hidden='false' data-av_icon='\ue805' data-av_iconfont='entypo-fontello' title='' data-avia-related-tooltip='Compartir por correo'><span class='avia_hidden_link_text'>Compartir por correo<\/span><\/a><\/li><\/ul><\/div><\/div>\n<div  style='height:50px' class='hr hr-invisible   avia-builder-el-8  el_after_av_social_share  el_before_av_comments_list '><span class='hr-inner ' ><span class='hr-inner-style'><\/span><\/span><\/div>\n<div  class='av-buildercomment  av-blog-meta-html-info-disabled av-blog-meta-tag-disabled  '><\/div>\n","protected":false},"excerpt":{"rendered":"","protected":false},"author":1,"featured_media":13073,"comment_status":"open","ping_status":"open","sticky":false,"template":"","format":"standard","meta":{"footnotes":""},"categories":[38],"tags":[],"class_list":["post-13072","post","type-post","status-publish","format-standard","has-post-thumbnail","hentry","category-regional"],"jetpack_featured_media_url":"https:\/\/radiorevelacionfm.cl\/wp-content\/uploads\/2022\/01\/rio-pascua-nacimiento-cuenca-1_optimized.jpg","_links":{"self":[{"href":"https:\/\/radiorevelacionfm.cl\/index.php?rest_route=\/wp\/v2\/posts\/13072","targetHints":{"allow":["GET"]}}],"collection":[{"href":"https:\/\/radiorevelacionfm.cl\/index.php?rest_route=\/wp\/v2\/posts"}],"about":[{"href":"https:\/\/radiorevelacionfm.cl\/index.php?rest_route=\/wp\/v2\/types\/post"}],"author":[{"embeddable":true,"href":"https:\/\/radiorevelacionfm.cl\/index.php?rest_route=\/wp\/v2\/users\/1"}],"replies":[{"embeddable":true,"href":"https:\/\/radiorevelacionfm.cl\/index.php?rest_route=%2Fwp%2Fv2%2Fcomments&post=13072"}],"version-history":[{"count":2,"href":"https:\/\/radiorevelacionfm.cl\/index.php?rest_route=\/wp\/v2\/posts\/13072\/revisions"}],"predecessor-version":[{"id":13075,"href":"https:\/\/radiorevelacionfm.cl\/index.php?rest_route=\/wp\/v2\/posts\/13072\/revisions\/13075"}],"wp:featuredmedia":[{"embeddable":true,"href":"https:\/\/radiorevelacionfm.cl\/index.php?rest_route=\/wp\/v2\/media\/13073"}],"wp:attachment":[{"href":"https:\/\/radiorevelacionfm.cl\/index.php?rest_route=%2Fwp%2Fv2%2Fmedia&parent=13072"}],"wp:term":[{"taxonomy":"category","embeddable":true,"href":"https:\/\/radiorevelacionfm.cl\/index.php?rest_route=%2Fwp%2Fv2%2Fcategories&post=13072"},{"taxonomy":"post_tag","embeddable":true,"href":"https:\/\/radiorevelacionfm.cl\/index.php?rest_route=%2Fwp%2Fv2%2Ftags&post=13072"}],"curies":[{"name":"wp","href":"https:\/\/api.w.org\/{rel}","templated":true}]}}