{"id":13064,"date":"2022-01-20T14:59:45","date_gmt":"2022-01-20T17:59:45","guid":{"rendered":"https:\/\/radiorevelacionfm.cl\/?p=13064"},"modified":"2022-01-20T14:59:45","modified_gmt":"2022-01-20T17:59:45","slug":"invitan-a-postular-al-programa-mujeres-jefas-de-hogar-en-la-comuna-de-aysen","status":"publish","type":"post","link":"https:\/\/radiorevelacionfm.cl\/?p=13064","title":{"rendered":"Invitan a postular al Programa Mujeres Jefas de Hogar en la comuna de Ays\u00e9n"},"content":{"rendered":"<div class=\"flex_column av_one_full  flex_column_div av-zero-column-padding first  avia-builder-el-0  el_before_av_one_full  avia-builder-el-first  \" style='border-radius:0px; '><div  class='avia-image-container  av-styling-    avia-builder-el-1  avia-builder-el-no-sibling  avia-align-center '  itemprop=\"image\" itemscope=\"itemscope\" itemtype=\"https:\/\/schema.org\/ImageObject\"  ><div class='avia-image-container-inner'><div class='avia-image-overlay-wrap'><img decoding=\"async\" class='wp-image-13065 avia-img-lazy-loading-not-13065 avia_image' src=\"https:\/\/radiorevelacionfm.cl\/wp-content\/uploads\/2022\/01\/postulaciones-MJH-de-SernamEG-1.jpg\" alt='' title='postulaciones MJH de SernamEG (1)' height=\"600\" width=\"1080\"  itemprop=\"thumbnailUrl\" srcset=\"https:\/\/radiorevelacionfm.cl\/wp-content\/uploads\/2022\/01\/postulaciones-MJH-de-SernamEG-1.jpg 1080w, https:\/\/radiorevelacionfm.cl\/wp-content\/uploads\/2022\/01\/postulaciones-MJH-de-SernamEG-1-300x167.jpg 300w, https:\/\/radiorevelacionfm.cl\/wp-content\/uploads\/2022\/01\/postulaciones-MJH-de-SernamEG-1-1030x572.jpg 1030w, https:\/\/radiorevelacionfm.cl\/wp-content\/uploads\/2022\/01\/postulaciones-MJH-de-SernamEG-1-768x427.jpg 768w, https:\/\/radiorevelacionfm.cl\/wp-content\/uploads\/2022\/01\/postulaciones-MJH-de-SernamEG-1-705x392.jpg 705w, https:\/\/radiorevelacionfm.cl\/wp-content\/uploads\/2022\/01\/postulaciones-MJH-de-SernamEG-1-600x333.jpg 600w\" sizes=\"(max-width: 1080px) 100vw, 1080px\" \/><\/div><\/div><\/div><\/div><div class=\"flex_column av_one_full  flex_column_div av-zero-column-padding first  avia-builder-el-2  el_after_av_one_full  el_before_av_one_full  column-top-margin\" style='border-radius:0px; '><section class=\"av_textblock_section \"  itemscope=\"itemscope\" itemtype=\"https:\/\/schema.org\/BlogPosting\" itemprop=\"blogPost\" ><div class='avia_textblock  '   itemprop=\"text\" ><p style=\"text-align: center;\"><strong><span style=\"font-size: 18pt;\">Invitan a postular al Programa Mujeres Jefas de Hogar en la comuna de Ays\u00e9n\u00a0<\/span><\/strong><\/p>\n<div id=\"gtx-trans\" style=\"position: absolute; left: -50px; top: 4.31534px;\">\n<div class=\"gtx-trans-icon\"><\/div>\n<\/div>\n<\/div><\/section><\/div><div class=\"flex_column av_one_full  flex_column_div av-zero-column-padding first  avia-builder-el-4  el_after_av_one_full  el_before_av_hr  column-top-margin\" style='border-radius:0px; '><section class=\"av_textblock_section \"  itemscope=\"itemscope\" itemtype=\"https:\/\/schema.org\/BlogPosting\" itemprop=\"blogPost\" ><div class='avia_textblock  '   itemprop=\"text\" ><p style=\"font-weight: 400; text-align: justify;\">Un llamado conjunto a las posibles interesadas en postular al Programa Mujeres Jefas de Hogar efect\u00faan el Servicio Nacional de la Mujer y la Equidad de G\u00e9nero, SernamEG, y la Municipalidad de Ays\u00e9n. Este modelo program\u00e1tico\u00a0busca promover la autonom\u00eda econ\u00f3mica de sus participantes y para ello se les entrega un conjunto de herramientas que les permitan generar, gestionar ingresos y recursos propios a partir del trabajo remunerado, el acceso a la oferta p\u00fablica; y de oportunidades de conciliaci\u00f3n entre el trabajo remunerado, dom\u00e9stico y de cuidados.<\/p>\n<p style=\"font-weight: 400; text-align: justify;\">Parte de la oferta del Programa Mujeres Jefas de Hogar consiste en Talleres de Formaci\u00f3n para el Trabajo, los que facilitan la entrega de formaci\u00f3n socio-laboral dependiente e independiente. Su objetivo principal es desarrollar capacidades y habilidades para conseguir, mantener y\/o mejorar un empleo o actividad independiente. En la siguiente fase de la trayectoria de las participantes, cada una de ellas debe elaborar un Proyecto Laboral, que les permite planificar las actividades de corto, mediano y largo plazo; necesarias para fortalecer su autonom\u00eda econ\u00f3mica.<\/p>\n<p style=\"font-weight: 400; text-align: justify;\">Los efectos del Covid-19 en materia laboral y la afectaci\u00f3n a la participaci\u00f3n femenina fue mencionado por la Directora Regional Subrogante de SernamEG, Carla Arriagada Malague\u00f1o, para relevar la importancia de las pol\u00edticas p\u00fablicas en este escenario; as\u00ed como de programas que se focalizan en las mujeres. La autoridad se refiri\u00f3 a los datos entregados en el seminario: \u00abMercado Laboral Femenino: Impacto de la Pandemia, Recuperaci\u00f3n y Desaf\u00edos\u00bb organizado en octubre del a\u00f1o 2021 por el Ministerio de la Mujer y la Equidad de G\u00e9nero, el Banco Central de Chile y el Centro Latinoamericano de Pol\u00edticas Econ\u00f3micas y Sociales de la Pontificia Universidad Cat\u00f3lica de Chile.<\/p>\n<p style=\"font-weight: 400; text-align: justify;\">\u201cUno de los datos mencionados en este espacio fue que las proyecciones para el 2021 a nivel internacional estimaban que s\u00f3lo los hombres volver\u00edan a los niveles previos a la crisis, mientras las mujeres alcanzar\u00edan la participaci\u00f3n laboral del a\u00f1o 2008. En el caso de nuestro pa\u00eds se dio a conocer que las cifras sobre reactivaci\u00f3n laboral est\u00e1n mostrando un continuo avance. Pese a esto, cerca de 660 mil mujeres que actualmente quieren trabajar no pueden hacerlo por razones vinculadas a la pandemia,\u00a0debido a temas familiares y de cuidado de otras personas. En este contexto, el Programa Mujeres Jefas de Hogar realiz\u00f3 ajustes que permitieron continuar con su ejecuci\u00f3n, para de esta manera responder al deber del Estado que es la de resguardar los derechos de los grupos vulnerables y trabajar para erradicar la discriminaci\u00f3n contra las mujeres\u201d, puntualiz\u00f3 la Directora Regional Subrogante.<\/p>\n<p style=\"font-weight: 400; text-align: justify;\">Por su parte, el Alcalde de Ays\u00e9n, Julio Uribe Alvarado, se refiri\u00f3 al convenio con el SernamEG precisando que \u201ces muy importante el trabajo que est\u00e1 realizando el Municipio en conjunto con SernamEG a trav\u00e9s del Programa Mujeres Jefas de Hogar con las madres que est\u00e1n a cargo de sus hijas e hijos, ya que por razones de pandemia los jardines han permanecido cerrados. Estamos muy conformes con la labor que efect\u00faan las profesionales y la cercan\u00eda que tienen con las mujeres y hoy d\u00eda esta administraci\u00f3n est\u00e1 trabajando a full para poder impulsar diferentes acciones que vayan en beneficio de las jefas de hogar\u201d.<\/p>\n<p style=\"font-weight: 400; text-align: justify;\">Una de las ex &#8211; participantes del Programa, Mar\u00eda Jos\u00e9 Montiel Cisternas, dijo: \u201cquiero agradecer la oportunidad de haber participado en el Programa y me gustar\u00eda destacar los talleres de formaci\u00f3n para el trabajo destinadas a dependientes e independientes, ya que entregan herramientas para mejorar nuestras condiciones laborales; y podemos intercambiar ideas acerca de nuestros emprendimientos o trabajos que realizamos\u201d. Respecto a la convocatoria 2022, agreg\u00f3: \u201cquiero dejar invitadas a todas las mujeres a que puedan participar de este Programa ya que cuenta con la atenci\u00f3n de profesionales que facilitan que una adquiera conocimientos. Tambi\u00e9n quiero agradecer el compromiso municipal, porque tambi\u00e9n vemos el apoyo que el Alcalde entrega a las mujeres\u201d.<\/p>\n<p style=\"font-weight: 400; text-align: justify;\">Parte de las acciones espec\u00edficas del Programa Mujeres Jefas de Hogar es articular con otras instituciones p\u00fablicas y privadas, el acceso de sus participantes a la oferta existente para mejorar sus oportunidades en el desarrollo del trabajo tanto dependiente como independiente; de acuerdo a sus necesidades y demandas en concordancia a su proyecto laboral.<\/p>\n<p style=\"font-weight: 400; text-align: justify;\">Las interesadas en la comuna de Ays\u00e9n deben postular en la oficina del Programa Jefas de Hogar ubicada en las dependencias de la Direcci\u00f3n de Desarrollo Comunitario, calle Teniente Merino N\u00b0630 Puerto Ays\u00e9n, de lunes a viernes de 8:30 a 13:00 horas y de 14:30 a 16:00 horas; el plazo de postulaci\u00f3n en la comuna de Ays\u00e9n finaliza el viernes\u00a004 de marzo.<\/p>\n<\/div><\/section><\/div><div  style='height:50px' class='hr hr-invisible   avia-builder-el-6  el_after_av_one_full  el_before_av_social_share '><span class='hr-inner ' ><span class='hr-inner-style'><\/span><\/span><\/div><\/p>\n<div  class='av-social-sharing-box  avia-builder-el-7  el_after_av_hr  el_before_av_hr  '><div class='av-share-box'><h5 class='av-share-link-description av-no-toc '>Compartir esta noticia<\/h5><ul class='av-share-box-list noLightbox'><li class='av-share-link av-social-link-facebook' ><a target=\"_blank\" aria-label=\"Compartir en Facebook\" href='https:\/\/www.facebook.com\/sharer.php?u=https:\/\/radiorevelacionfm.cl\/?p=13064&#038;t=Invitan%20a%20postular%20al%20Programa%20Mujeres%20Jefas%20de%20Hogar%20en%20la%20comuna%20de%20Ays%C3%A9n' aria-hidden='false' data-av_icon='\ue8f3' data-av_iconfont='entypo-fontello' title='' data-avia-related-tooltip='Compartir en Facebook' rel=\"noopener\"><span class='avia_hidden_link_text'>Compartir en Facebook<\/span><\/a><\/li><li class='av-share-link av-social-link-twitter' ><a target=\"_blank\" aria-label=\"Compartir en Twitter\" href='https:\/\/twitter.com\/share?text=Invitan%20a%20postular%20al%20Programa%20Mujeres%20Jefas%20de%20Hogar%20en%20la%20comuna%20de%20Ays%C3%A9n&#038;url=https:\/\/radiorevelacionfm.cl\/?p=13064' aria-hidden='false' data-av_icon='\ue8f1' data-av_iconfont='entypo-fontello' title='' data-avia-related-tooltip='Compartir en Twitter' rel=\"noopener\"><span class='avia_hidden_link_text'>Compartir en Twitter<\/span><\/a><\/li><li class='av-share-link av-social-link-whatsapp' ><a target=\"_blank\" aria-label=\"Compartir en Whatsapp\" href='https:\/\/api.whatsapp.com\/send?text=https:\/\/radiorevelacionfm.cl\/?p=13064' aria-hidden='false' data-av_icon='\uf232' data-av_iconfont='entypo-fontello' title='' data-avia-related-tooltip='Compartir en Whatsapp' rel=\"noopener\"><span class='avia_hidden_link_text'>Compartir en Whatsapp<\/span><\/a><\/li><li class='av-share-link av-social-link-linkedin' ><a target=\"_blank\" aria-label=\"Compartir en LinkedIn\" href='https:\/\/linkedin.com\/shareArticle?mini=true&#038;title=Invitan%20a%20postular%20al%20Programa%20Mujeres%20Jefas%20de%20Hogar%20en%20la%20comuna%20de%20Ays%C3%A9n&#038;url=https:\/\/radiorevelacionfm.cl\/?p=13064' aria-hidden='false' data-av_icon='\ue8fc' data-av_iconfont='entypo-fontello' title='' data-avia-related-tooltip='Compartir en LinkedIn' rel=\"noopener\"><span class='avia_hidden_link_text'>Compartir en LinkedIn<\/span><\/a><\/li><li class='av-share-link av-social-link-mail' ><a  aria-label=\"Compartir por correo\" href='mailto:?subject=Invitan%20a%20postular%20al%20Programa%20Mujeres%20Jefas%20de%20Hogar%20en%20la%20comuna%20de%20Ays%C3%A9n&#038;body=https:\/\/radiorevelacionfm.cl\/?p=13064' aria-hidden='false' data-av_icon='\ue805' data-av_iconfont='entypo-fontello' title='' data-avia-related-tooltip='Compartir por correo'><span class='avia_hidden_link_text'>Compartir por correo<\/span><\/a><\/li><\/ul><\/div><\/div>\n<div  style='height:50px' class='hr hr-invisible   avia-builder-el-8  el_after_av_social_share  el_before_av_comments_list '><span class='hr-inner ' ><span class='hr-inner-style'><\/span><\/span><\/div>\n<div  class='av-buildercomment  av-blog-meta-html-info-disabled av-blog-meta-tag-disabled  '><\/div>\n","protected":false},"excerpt":{"rendered":"","protected":false},"author":1,"featured_media":13065,"comment_status":"open","ping_status":"open","sticky":false,"template":"","format":"standard","meta":{"footnotes":""},"categories":[38],"tags":[],"class_list":["post-13064","post","type-post","status-publish","format-standard","has-post-thumbnail","hentry","category-regional"],"jetpack_featured_media_url":"https:\/\/radiorevelacionfm.cl\/wp-content\/uploads\/2022\/01\/postulaciones-MJH-de-SernamEG-1.jpg","_links":{"self":[{"href":"https:\/\/radiorevelacionfm.cl\/index.php?rest_route=\/wp\/v2\/posts\/13064","targetHints":{"allow":["GET"]}}],"collection":[{"href":"https:\/\/radiorevelacionfm.cl\/index.php?rest_route=\/wp\/v2\/posts"}],"about":[{"href":"https:\/\/radiorevelacionfm.cl\/index.php?rest_route=\/wp\/v2\/types\/post"}],"author":[{"embeddable":true,"href":"https:\/\/radiorevelacionfm.cl\/index.php?rest_route=\/wp\/v2\/users\/1"}],"replies":[{"embeddable":true,"href":"https:\/\/radiorevelacionfm.cl\/index.php?rest_route=%2Fwp%2Fv2%2Fcomments&post=13064"}],"version-history":[{"count":2,"href":"https:\/\/radiorevelacionfm.cl\/index.php?rest_route=\/wp\/v2\/posts\/13064\/revisions"}],"predecessor-version":[{"id":13067,"href":"https:\/\/radiorevelacionfm.cl\/index.php?rest_route=\/wp\/v2\/posts\/13064\/revisions\/13067"}],"wp:featuredmedia":[{"embeddable":true,"href":"https:\/\/radiorevelacionfm.cl\/index.php?rest_route=\/wp\/v2\/media\/13065"}],"wp:attachment":[{"href":"https:\/\/radiorevelacionfm.cl\/index.php?rest_route=%2Fwp%2Fv2%2Fmedia&parent=13064"}],"wp:term":[{"taxonomy":"category","embeddable":true,"href":"https:\/\/radiorevelacionfm.cl\/index.php?rest_route=%2Fwp%2Fv2%2Fcategories&post=13064"},{"taxonomy":"post_tag","embeddable":true,"href":"https:\/\/radiorevelacionfm.cl\/index.php?rest_route=%2Fwp%2Fv2%2Ftags&post=13064"}],"curies":[{"name":"wp","href":"https:\/\/api.w.org\/{rel}","templated":true}]}}