{"id":13060,"date":"2022-01-20T11:19:12","date_gmt":"2022-01-20T14:19:12","guid":{"rendered":"https:\/\/radiorevelacionfm.cl\/?p=13060"},"modified":"2022-01-20T11:19:12","modified_gmt":"2022-01-20T14:19:12","slug":"primera-jornada-de-artistas-locales-encanto-al-publico-aysenino-tras-iniciativa-de-verano-en-aysen","status":"publish","type":"post","link":"https:\/\/radiorevelacionfm.cl\/?p=13060","title":{"rendered":"Primera jornada de artistas locales encant\u00f3 al p\u00fablico aysenino tras iniciativa de \u201cVerano en Ays\u00e9n\u201d"},"content":{"rendered":"<div class=\"flex_column av_one_full  flex_column_div av-zero-column-padding first  avia-builder-el-0  el_before_av_one_full  avia-builder-el-first  \" style='border-radius:0px; '><div  class='avia-image-container  av-styling-    avia-builder-el-1  avia-builder-el-no-sibling  avia-align-center '  itemprop=\"image\" itemscope=\"itemscope\" itemtype=\"https:\/\/schema.org\/ImageObject\"  ><div class='avia-image-container-inner'><div class='avia-image-overlay-wrap'><img decoding=\"async\" class='wp-image-13061 avia-img-lazy-loading-not-13061 avia_image' src=\"https:\/\/radiorevelacionfm.cl\/wp-content\/uploads\/2022\/01\/img-artmusic1-1-1.jpeg\" alt='' title='img-artmusic1 (1) (1)' height=\"600\" width=\"900\"  itemprop=\"thumbnailUrl\" srcset=\"https:\/\/radiorevelacionfm.cl\/wp-content\/uploads\/2022\/01\/img-artmusic1-1-1.jpeg 900w, https:\/\/radiorevelacionfm.cl\/wp-content\/uploads\/2022\/01\/img-artmusic1-1-1-300x200.jpeg 300w, https:\/\/radiorevelacionfm.cl\/wp-content\/uploads\/2022\/01\/img-artmusic1-1-1-768x512.jpeg 768w, https:\/\/radiorevelacionfm.cl\/wp-content\/uploads\/2022\/01\/img-artmusic1-1-1-705x470.jpeg 705w, https:\/\/radiorevelacionfm.cl\/wp-content\/uploads\/2022\/01\/img-artmusic1-1-1-600x400.jpeg 600w\" sizes=\"(max-width: 900px) 100vw, 900px\" \/><\/div><\/div><\/div><\/div><div class=\"flex_column av_one_full  flex_column_div av-zero-column-padding first  avia-builder-el-2  el_after_av_one_full  el_before_av_one_full  column-top-margin\" style='border-radius:0px; '><section class=\"av_textblock_section \"  itemscope=\"itemscope\" itemtype=\"https:\/\/schema.org\/BlogPosting\" itemprop=\"blogPost\" ><div class='avia_textblock  '   itemprop=\"text\" ><p style=\"text-align: center;\"><strong><span style=\"font-size: 18pt;\">Primera jornada de artistas locales encant\u00f3 al p\u00fablico aysenino tras iniciativa de \u201cVerano en Ays\u00e9n\u201d<\/span><\/strong><\/p>\n<div id=\"gtx-trans\" style=\"position: absolute; left: -50px; top: 4.31534px;\">\n<div class=\"gtx-trans-icon\"><\/div>\n<\/div>\n<\/div><\/section><\/div><div class=\"flex_column av_one_full  flex_column_div av-zero-column-padding first  avia-builder-el-4  el_after_av_one_full  el_before_av_hr  column-top-margin\" style='border-radius:0px; '><section class=\"av_textblock_section \"  itemscope=\"itemscope\" itemtype=\"https:\/\/schema.org\/BlogPosting\" itemprop=\"blogPost\" ><div class='avia_textblock  '   itemprop=\"text\" ><p style=\"text-align: justify;\">Con un amplio marco asistentes a cada presentaci\u00f3n, se desarroll\u00f3 desde la Plaza de Armas de Puerto Ays\u00e9n, el pasado fin de semana, la primera jornada de Artistas locales y regionales que forman parte de la iniciativa que lidera la Ilustre Municipalidad de Ays\u00e9n denominada \u201cVerano en Ays\u00e9n\u201d. Iniciativa que busca poner en valor el talento aysenino y dar un nuevo trato a la cultura, las artes y el deporte. Cabe se\u00f1alar que durante los pr\u00f3ximos d\u00edas ser\u00e1n anunciados de manera oficial los artistas contemplados para la jornada de aniversario 94 de capital comunal de Ays\u00e9n.<\/p>\n<p style=\"text-align: justify;\">Los Cumpas de Coyhaique, Cinchando pa\u2019 no aflojar, Carola y sus galanes y Viento Tropical fueron los artistas encargados de reencontrar y deleitar musicalmente a la comunidad de Puerto Ays\u00e9n y turistas presentes en la zona por temporada estival. Todo acompa\u00f1ado por emprendedores locales que hoy, gracias a la reciente ordenanza de Carros de Comida M\u00f3viles, pueden contar con un permiso y espacio delimitado para operar.<\/p>\n<p style=\"text-align: justify;\">Frente a este escenario, el alcalde de Ays\u00e9n, Julio Uribe Alvarado, destac\u00f3 que su administraci\u00f3n busca relevar a los artistas locales y regionales, a los cuales no se les tom\u00f3 en cuenta en el pasado y que hoy hacen vibrar a la comunidad con sus respectivas actuaciones en la Plaza de Armas, esto acompa\u00f1ado del trato que corresponde con una buena amplificaci\u00f3n e iluminaci\u00f3n.<\/p>\n<p style=\"text-align: justify;\">A rengl\u00f3n seguido, enfatiz\u00f3 que \u201centonces lo que en un principio fue criticado hoy estamos viendo que realmente la gente est\u00e1 disfrutando de su Verano en Ays\u00e9n y eso nos tiene muy contentos porque primero estamos entregando recreaci\u00f3n, que la gente reconozca a nuestros artistas locales, realizando actividades diarias y la gente est\u00e1 participando, eso es lo que nos mueve y adem\u00e1s estamos dejando recursos para distribuirlos en temas que realmente nos afectan\u201d, esto \u00faltimo en alusi\u00f3n al proyecto de Cl\u00ednica Veterinaria M\u00f3vil.<\/p>\n<p style=\"text-align: justify;\">Por su parte, Sebasti\u00e1n Barra Aguilar, integrante del grupo Cinchando pa\u2019 no aflojar coment\u00f3 que \u201cnosotros somos los agradecidos del cari\u00f1o de la gente de Ays\u00e9n y doblemente felices por Rehabilita que logr\u00f3 su meta. Agradecer a la municipalidad por la invitaci\u00f3n, estamos felizmente agradecidos de tantos a\u00f1os de cari\u00f1o de la gente de Puerto Ays\u00e9n, estamos emocionados y Ays\u00e9n siempre marca pauta con toda la ornamentaci\u00f3n maravillosa que tiene con sus luminarias y se encuentra muy linda la ciudad, han sido a\u00f1os de trabajo y desearle el mejor de los \u00e9xitos a la nueva administraci\u00f3n y decirles a los ayseninos que cuiden y quieran su ciudad\u201d.<\/p>\n<p style=\"text-align: justify;\">En tanto, Carola Bohalet \u00c1lvarez, cantante del grupo \u201cCarola y sus galanes\u201d expres\u00f3 su agradecimiento ante el apoyo entregado para ayudar en la difusi\u00f3n de su iniciativa musical desarrollada con pertinencia territorial desde Puerto Chacabuco \u201cen nombre de todos los chiquillos de mi grupo queremos agradecerle al alcalde Julio Uribe por la invitaci\u00f3n y la confianza que nos dio\u201d.<\/p>\n<p style=\"text-align: justify;\">Nicol\u00e1s Piucol, director de Viento Tropical, realiz\u00f3 un hincapi\u00e9 en el cari\u00f1o expresado por la comunidad aysenina tras su presentaci\u00f3n, comentando que en su caso el trabajo en \u00e1mbito art\u00edstico se ha desarrollado por cerca de cinco a\u00f1os en la escena musical local \u201cagradecer el cari\u00f1o de la gente y de su alcalde, Julio Uribe, por estar con los m\u00fasicos locales y hacer presencia tambi\u00e9n al trabajo en esta materia porque no solamente es nacional, los artistas locales agradecemos al alcalde y su municipio\u201d.<\/p>\n<p style=\"text-align: justify;\">Finalmente, cabe destacar que pr\u00f3ximamente la Ilustre Municipalidad de Ays\u00e9n entregar\u00e1 los nombres de los artistas nacionales que acompa\u00f1aran las presentaciones locales los d\u00edas 27 y 28 de enero en el contexto de aniversario N\u00ba94 de la capital de la comuna porte\u00f1a.<\/p>\n<\/div><\/section><\/div><div  style='height:50px' class='hr hr-invisible   avia-builder-el-6  el_after_av_one_full  el_before_av_social_share '><span class='hr-inner ' ><span class='hr-inner-style'><\/span><\/span><\/div><\/p>\n<div  class='av-social-sharing-box  avia-builder-el-7  el_after_av_hr  el_before_av_hr  '><div class='av-share-box'><h5 class='av-share-link-description av-no-toc '>Compartir esta noticia<\/h5><ul class='av-share-box-list noLightbox'><li class='av-share-link av-social-link-facebook' ><a target=\"_blank\" aria-label=\"Compartir en Facebook\" href='https:\/\/www.facebook.com\/sharer.php?u=https:\/\/radiorevelacionfm.cl\/?p=13060&#038;t=Primera%20jornada%20de%20artistas%20locales%20encant%C3%B3%20al%20p%C3%BAblico%20aysenino%20tras%20iniciativa%20de%20%E2%80%9CVerano%20en%20Ays%C3%A9n%E2%80%9D' aria-hidden='false' data-av_icon='\ue8f3' data-av_iconfont='entypo-fontello' title='' data-avia-related-tooltip='Compartir en Facebook' rel=\"noopener\"><span class='avia_hidden_link_text'>Compartir en Facebook<\/span><\/a><\/li><li class='av-share-link av-social-link-twitter' ><a target=\"_blank\" aria-label=\"Compartir en Twitter\" href='https:\/\/twitter.com\/share?text=Primera%20jornada%20de%20artistas%20locales%20encant%C3%B3%20al%20p%C3%BAblico%20aysenino%20tras%20iniciativa%20de%20%E2%80%9CVerano%20en%20Ays%C3%A9n%E2%80%9D&#038;url=https:\/\/radiorevelacionfm.cl\/?p=13060' aria-hidden='false' data-av_icon='\ue8f1' data-av_iconfont='entypo-fontello' title='' data-avia-related-tooltip='Compartir en Twitter' rel=\"noopener\"><span class='avia_hidden_link_text'>Compartir en Twitter<\/span><\/a><\/li><li class='av-share-link av-social-link-whatsapp' ><a target=\"_blank\" aria-label=\"Compartir en Whatsapp\" href='https:\/\/api.whatsapp.com\/send?text=https:\/\/radiorevelacionfm.cl\/?p=13060' aria-hidden='false' data-av_icon='\uf232' data-av_iconfont='entypo-fontello' title='' data-avia-related-tooltip='Compartir en Whatsapp' rel=\"noopener\"><span class='avia_hidden_link_text'>Compartir en Whatsapp<\/span><\/a><\/li><li class='av-share-link av-social-link-linkedin' ><a target=\"_blank\" aria-label=\"Compartir en LinkedIn\" href='https:\/\/linkedin.com\/shareArticle?mini=true&#038;title=Primera%20jornada%20de%20artistas%20locales%20encant%C3%B3%20al%20p%C3%BAblico%20aysenino%20tras%20iniciativa%20de%20%E2%80%9CVerano%20en%20Ays%C3%A9n%E2%80%9D&#038;url=https:\/\/radiorevelacionfm.cl\/?p=13060' aria-hidden='false' data-av_icon='\ue8fc' data-av_iconfont='entypo-fontello' title='' data-avia-related-tooltip='Compartir en LinkedIn' rel=\"noopener\"><span class='avia_hidden_link_text'>Compartir en LinkedIn<\/span><\/a><\/li><li class='av-share-link av-social-link-mail' ><a  aria-label=\"Compartir por correo\" href='mailto:?subject=Primera%20jornada%20de%20artistas%20locales%20encant%C3%B3%20al%20p%C3%BAblico%20aysenino%20tras%20iniciativa%20de%20%E2%80%9CVerano%20en%20Ays%C3%A9n%E2%80%9D&#038;body=https:\/\/radiorevelacionfm.cl\/?p=13060' aria-hidden='false' data-av_icon='\ue805' data-av_iconfont='entypo-fontello' title='' data-avia-related-tooltip='Compartir por correo'><span class='avia_hidden_link_text'>Compartir por correo<\/span><\/a><\/li><\/ul><\/div><\/div>\n<div  style='height:50px' class='hr hr-invisible   avia-builder-el-8  el_after_av_social_share  el_before_av_comments_list '><span class='hr-inner ' ><span class='hr-inner-style'><\/span><\/span><\/div>\n<div  class='av-buildercomment  av-blog-meta-html-info-disabled av-blog-meta-tag-disabled  '><\/div>\n","protected":false},"excerpt":{"rendered":"","protected":false},"author":1,"featured_media":13061,"comment_status":"open","ping_status":"open","sticky":false,"template":"","format":"standard","meta":{"footnotes":""},"categories":[38],"tags":[],"class_list":["post-13060","post","type-post","status-publish","format-standard","has-post-thumbnail","hentry","category-regional"],"jetpack_featured_media_url":"https:\/\/radiorevelacionfm.cl\/wp-content\/uploads\/2022\/01\/img-artmusic1-1-1.jpeg","_links":{"self":[{"href":"https:\/\/radiorevelacionfm.cl\/index.php?rest_route=\/wp\/v2\/posts\/13060","targetHints":{"allow":["GET"]}}],"collection":[{"href":"https:\/\/radiorevelacionfm.cl\/index.php?rest_route=\/wp\/v2\/posts"}],"about":[{"href":"https:\/\/radiorevelacionfm.cl\/index.php?rest_route=\/wp\/v2\/types\/post"}],"author":[{"embeddable":true,"href":"https:\/\/radiorevelacionfm.cl\/index.php?rest_route=\/wp\/v2\/users\/1"}],"replies":[{"embeddable":true,"href":"https:\/\/radiorevelacionfm.cl\/index.php?rest_route=%2Fwp%2Fv2%2Fcomments&post=13060"}],"version-history":[{"count":2,"href":"https:\/\/radiorevelacionfm.cl\/index.php?rest_route=\/wp\/v2\/posts\/13060\/revisions"}],"predecessor-version":[{"id":13063,"href":"https:\/\/radiorevelacionfm.cl\/index.php?rest_route=\/wp\/v2\/posts\/13060\/revisions\/13063"}],"wp:featuredmedia":[{"embeddable":true,"href":"https:\/\/radiorevelacionfm.cl\/index.php?rest_route=\/wp\/v2\/media\/13061"}],"wp:attachment":[{"href":"https:\/\/radiorevelacionfm.cl\/index.php?rest_route=%2Fwp%2Fv2%2Fmedia&parent=13060"}],"wp:term":[{"taxonomy":"category","embeddable":true,"href":"https:\/\/radiorevelacionfm.cl\/index.php?rest_route=%2Fwp%2Fv2%2Fcategories&post=13060"},{"taxonomy":"post_tag","embeddable":true,"href":"https:\/\/radiorevelacionfm.cl\/index.php?rest_route=%2Fwp%2Fv2%2Ftags&post=13060"}],"curies":[{"name":"wp","href":"https:\/\/api.w.org\/{rel}","templated":true}]}}