{"id":13053,"date":"2022-01-19T20:46:14","date_gmt":"2022-01-19T23:46:14","guid":{"rendered":"https:\/\/radiorevelacionfm.cl\/?p=13053"},"modified":"2022-01-19T20:46:14","modified_gmt":"2022-01-19T23:46:14","slug":"cerro-castillo-rescatan-cuerpo-sin-vida-de-joven-en-lago-las-ardillas-tras-denuncia-por-presunta-desgracia","status":"publish","type":"post","link":"https:\/\/radiorevelacionfm.cl\/?p=13053","title":{"rendered":"Cerro Castillo: Rescatan cuerpo sin vida de joven en lago Las Ardillas tras denuncia por presunta desgracia"},"content":{"rendered":"<div class=\"flex_column av_one_full  flex_column_div av-zero-column-padding first  avia-builder-el-0  el_before_av_one_full  avia-builder-el-first  \" style='border-radius:0px; '><div  class='avia-image-container  av-styling-    avia-builder-el-1  avia-builder-el-no-sibling  avia-align-center '  itemprop=\"image\" itemscope=\"itemscope\" itemtype=\"https:\/\/schema.org\/ImageObject\"  ><div class='avia-image-container-inner'><div class='avia-image-overlay-wrap'><img decoding=\"async\" class='wp-image-13054 avia-img-lazy-loading-not-13054 avia_image' src=\"https:\/\/radiorevelacionfm.cl\/wp-content\/uploads\/2022\/01\/3de55fc5-e4c5-48a5-9375-7361188ba14f-1-1.jpg\" alt='' title='3de55fc5-e4c5-48a5-9375-7361188ba14f (1) (1)' height=\"600\" width=\"1275\"  itemprop=\"thumbnailUrl\" srcset=\"https:\/\/radiorevelacionfm.cl\/wp-content\/uploads\/2022\/01\/3de55fc5-e4c5-48a5-9375-7361188ba14f-1-1.jpg 1275w, https:\/\/radiorevelacionfm.cl\/wp-content\/uploads\/2022\/01\/3de55fc5-e4c5-48a5-9375-7361188ba14f-1-1-300x141.jpg 300w, https:\/\/radiorevelacionfm.cl\/wp-content\/uploads\/2022\/01\/3de55fc5-e4c5-48a5-9375-7361188ba14f-1-1-1030x485.jpg 1030w, https:\/\/radiorevelacionfm.cl\/wp-content\/uploads\/2022\/01\/3de55fc5-e4c5-48a5-9375-7361188ba14f-1-1-768x361.jpg 768w, https:\/\/radiorevelacionfm.cl\/wp-content\/uploads\/2022\/01\/3de55fc5-e4c5-48a5-9375-7361188ba14f-1-1-705x332.jpg 705w, https:\/\/radiorevelacionfm.cl\/wp-content\/uploads\/2022\/01\/3de55fc5-e4c5-48a5-9375-7361188ba14f-1-1-600x282.jpg 600w\" sizes=\"(max-width: 1275px) 100vw, 1275px\" \/><\/div><\/div><\/div><\/div><div class=\"flex_column av_one_full  flex_column_div av-zero-column-padding first  avia-builder-el-2  el_after_av_one_full  el_before_av_one_full  column-top-margin\" style='border-radius:0px; '><section class=\"av_textblock_section \"  itemscope=\"itemscope\" itemtype=\"https:\/\/schema.org\/BlogPosting\" itemprop=\"blogPost\" ><div class='avia_textblock  '   itemprop=\"text\" ><p style=\"text-align: center;\"><strong><span style=\"font-size: 18pt;\">Cerro Castillo: Rescatan cuerpo sin vida de joven en lago Las Ardillas tras denuncia por presunta desgracia<\/span><\/strong><\/p>\n<div id=\"gtx-trans\" style=\"position: absolute; left: -50px; top: 4.31534px;\">\n<div class=\"gtx-trans-icon\"><\/div>\n<\/div>\n<\/div><\/section><\/div><div class=\"flex_column av_one_full  flex_column_div av-zero-column-padding first  avia-builder-el-4  el_after_av_one_full  el_before_av_hr  column-top-margin\" style='border-radius:0px; '><section class=\"av_textblock_section \"  itemscope=\"itemscope\" itemtype=\"https:\/\/schema.org\/BlogPosting\" itemprop=\"blogPost\" ><div class='avia_textblock  '   itemprop=\"text\" ><p class=\"v1MsoNormal\" style=\"text-align: justify;\">Buzos del Grupo de Operaciones Policiales Especiales\u00a0 (GOPE) de Carabineros, lograron rescatar durante esta jornada -desde el lago Las Ardillas- el cuerpo sin vida de un joven de 23 a\u00f1os de edad, quien era intensamente buscado tras una denuncia por presunta desgracia.<\/p>\n<p class=\"v1MsoNormal\" style=\"text-align: justify;\">Luego de ser alertados sobre su ubicaci\u00f3n, una patrulla conformada por cuatro funcionarios altamente especializados, quienes tras constituirse en el sitio del suceso ubicado por la Ruta X-723 a unos tres kil\u00f3metros al sur del cruce a Cerro Castillo, realizaron el despliegue de buzos, logrando la ubicaci\u00f3n del joven en el fondo del lago antes mencionado.<\/p>\n<p class=\"v1MsoNormal\" style=\"text-align: justify;\">\u00abHab\u00eda una presunta desgracia respecto a esta persona, quien fue hallada por lugare\u00f1os del sector quienes alertaron al personal de Carabineros, tras lo cual la Fiscal\u00eda dispuso la concurrencia de esta Unidad Especializada. Cenco (Central de Comunicaciones) entreg\u00f3 la informaci\u00f3n y autom\u00e1ticamente se traslad\u00f3 un equipo del GOPE hacia el lago Las Ardillas, para ver en el sitio del suceso las condiciones y la forma de trabajo que se iba a realizar en el lugar. Mediante el buceo aut\u00f3nomo se realiza la recuperaci\u00f3n del cuerpo de una persona de sexo masculino, quien desafortunadamente se encontraba sin vida\u00bb, expres\u00f3 con sentimiento de pesar el Jefe del GOPE Ays\u00e9n, Capit\u00e1n Claudio Troncoso.<\/p>\n<p class=\"v1MsoNormal\" style=\"text-align: justify;\">Tras lo anterior, el personal especializado concret\u00f3 su extracci\u00f3n, siendo llevado a una zona segura, entregado a personal territorial para el trabajo de personal de la PDI y posteriormente derivado al Servicio M\u00e9dico Legal (SML).<\/p>\n<p class=\"v1MsoNormal\" style=\"text-align: justify;\">El cuerpo fue localizado aproximadamente a 6 metros de profundidad y a 15 metros de distancia de la ribera noroeste indic\u00f3 el Oficial, quien a\u00f1adi\u00f3 que al momento de la operaci\u00f3n las condiciones del lago eran \u00f3ptimas, cuyas aguas permit\u00edan una amplia visibilidad y seguridad para el trabajo de los buzos.<\/p>\n<p class=\"v1MsoNormal\" style=\"text-align: justify;\">Cabe consignar que el joven con domicilio en la comuna de Pirque hab\u00eda llegado recientemente a la regi\u00f3n de Ays\u00e9n con la finalidad de realizar trabajos de construcci\u00f3n en las proximidades del lago Las Ardillas, tras lo cual se le perdi\u00f3 todo rastro de su paradero. Frente a lo anterior el encargado de la obra en construcci\u00f3n interpuso la ma\u00f1ana del lunes 17 de enero una denuncia por presunta desgracia en la Tenencia de Carabineros de Puerto Ingeniero Ib\u00e1\u00f1ez, cuyo personal hasta el momento se encontraban desarrollando tareas de b\u00fasqueda en inmediaciones del sector.<\/p>\n<p class=\"v1MsoNormal\" style=\"text-align: justify;\">Dadas las favorables condiciones clim\u00e1ticas y la presencia de diversas personas, familias y turistas visitando r\u00edos y lagos de la regi\u00f3n, el Capit\u00e1n Claudio Troncoso, reiter\u00f3 el llamado a la responsabilidad y la prudencia al momento de ingresar al agua.<\/p>\n<p class=\"v1MsoNormal\" style=\"text-align: justify;\">\u00abEstas actividades se deben realizar en lugares destinados para tal efecto, que cuenten con \u00e1reas delimitadas para ba\u00f1istas, que posean salvavidas y evitar arriesgarse en zonas que no brinden seguridad para el ba\u00f1o\u00bb, indic\u00f3.<\/p>\n<p style=\"text-align: justify;\">Carabineros record\u00f3 no ingresar al agua luego de haber ingerido alimentos o bajo la influencia del alcohol, no adentrarse en lugares desconocidos o zonas de corrientes evitando incurrir en inconductas o acciones temerarias, previniendo la ocurrencia de hechos lamentables durante la temporada estival.<\/p>\n<\/div><\/section><\/div><div  style='height:50px' class='hr hr-invisible   avia-builder-el-6  el_after_av_one_full  el_before_av_social_share '><span class='hr-inner ' ><span class='hr-inner-style'><\/span><\/span><\/div><\/p>\n<div  class='av-social-sharing-box  avia-builder-el-7  el_after_av_hr  el_before_av_hr  '><div class='av-share-box'><h5 class='av-share-link-description av-no-toc '>Compartir esta noticia<\/h5><ul class='av-share-box-list noLightbox'><li class='av-share-link av-social-link-facebook' ><a target=\"_blank\" aria-label=\"Compartir en Facebook\" href='https:\/\/www.facebook.com\/sharer.php?u=https:\/\/radiorevelacionfm.cl\/?p=13053&#038;t=Cerro%20Castillo%3A%20Rescatan%20cuerpo%20sin%20vida%20de%20joven%20en%20lago%20Las%20Ardillas%20tras%20denuncia%20por%20presunta%20desgracia' aria-hidden='false' data-av_icon='\ue8f3' data-av_iconfont='entypo-fontello' title='' data-avia-related-tooltip='Compartir en Facebook' rel=\"noopener\"><span class='avia_hidden_link_text'>Compartir en Facebook<\/span><\/a><\/li><li class='av-share-link av-social-link-twitter' ><a target=\"_blank\" aria-label=\"Compartir en Twitter\" href='https:\/\/twitter.com\/share?text=Cerro%20Castillo%3A%20Rescatan%20cuerpo%20sin%20vida%20de%20joven%20en%20lago%20Las%20Ardillas%20tras%20denuncia%20por%20presunta%20desgracia&#038;url=https:\/\/radiorevelacionfm.cl\/?p=13053' aria-hidden='false' data-av_icon='\ue8f1' data-av_iconfont='entypo-fontello' title='' data-avia-related-tooltip='Compartir en Twitter' rel=\"noopener\"><span class='avia_hidden_link_text'>Compartir en Twitter<\/span><\/a><\/li><li class='av-share-link av-social-link-whatsapp' ><a target=\"_blank\" aria-label=\"Compartir en Whatsapp\" href='https:\/\/api.whatsapp.com\/send?text=https:\/\/radiorevelacionfm.cl\/?p=13053' aria-hidden='false' data-av_icon='\uf232' data-av_iconfont='entypo-fontello' title='' data-avia-related-tooltip='Compartir en Whatsapp' rel=\"noopener\"><span class='avia_hidden_link_text'>Compartir en Whatsapp<\/span><\/a><\/li><li class='av-share-link av-social-link-linkedin' ><a target=\"_blank\" aria-label=\"Compartir en LinkedIn\" href='https:\/\/linkedin.com\/shareArticle?mini=true&#038;title=Cerro%20Castillo%3A%20Rescatan%20cuerpo%20sin%20vida%20de%20joven%20en%20lago%20Las%20Ardillas%20tras%20denuncia%20por%20presunta%20desgracia&#038;url=https:\/\/radiorevelacionfm.cl\/?p=13053' aria-hidden='false' data-av_icon='\ue8fc' data-av_iconfont='entypo-fontello' title='' data-avia-related-tooltip='Compartir en LinkedIn' rel=\"noopener\"><span class='avia_hidden_link_text'>Compartir en LinkedIn<\/span><\/a><\/li><li class='av-share-link av-social-link-mail' ><a  aria-label=\"Compartir por correo\" href='mailto:?subject=Cerro%20Castillo%3A%20Rescatan%20cuerpo%20sin%20vida%20de%20joven%20en%20lago%20Las%20Ardillas%20tras%20denuncia%20por%20presunta%20desgracia&#038;body=https:\/\/radiorevelacionfm.cl\/?p=13053' aria-hidden='false' data-av_icon='\ue805' data-av_iconfont='entypo-fontello' title='' data-avia-related-tooltip='Compartir por correo'><span class='avia_hidden_link_text'>Compartir por correo<\/span><\/a><\/li><\/ul><\/div><\/div>\n<div  style='height:50px' class='hr hr-invisible   avia-builder-el-8  el_after_av_social_share  el_before_av_comments_list '><span class='hr-inner ' ><span class='hr-inner-style'><\/span><\/span><\/div>\n<div  class='av-buildercomment  av-blog-meta-html-info-disabled av-blog-meta-tag-disabled  '><\/div>\n","protected":false},"excerpt":{"rendered":"","protected":false},"author":1,"featured_media":13054,"comment_status":"open","ping_status":"open","sticky":false,"template":"","format":"standard","meta":{"footnotes":""},"categories":[36],"tags":[],"class_list":["post-13053","post","type-post","status-publish","format-standard","has-post-thumbnail","hentry","category-policial"],"jetpack_featured_media_url":"https:\/\/radiorevelacionfm.cl\/wp-content\/uploads\/2022\/01\/3de55fc5-e4c5-48a5-9375-7361188ba14f-1-1.jpg","_links":{"self":[{"href":"https:\/\/radiorevelacionfm.cl\/index.php?rest_route=\/wp\/v2\/posts\/13053","targetHints":{"allow":["GET"]}}],"collection":[{"href":"https:\/\/radiorevelacionfm.cl\/index.php?rest_route=\/wp\/v2\/posts"}],"about":[{"href":"https:\/\/radiorevelacionfm.cl\/index.php?rest_route=\/wp\/v2\/types\/post"}],"author":[{"embeddable":true,"href":"https:\/\/radiorevelacionfm.cl\/index.php?rest_route=\/wp\/v2\/users\/1"}],"replies":[{"embeddable":true,"href":"https:\/\/radiorevelacionfm.cl\/index.php?rest_route=%2Fwp%2Fv2%2Fcomments&post=13053"}],"version-history":[{"count":2,"href":"https:\/\/radiorevelacionfm.cl\/index.php?rest_route=\/wp\/v2\/posts\/13053\/revisions"}],"predecessor-version":[{"id":13056,"href":"https:\/\/radiorevelacionfm.cl\/index.php?rest_route=\/wp\/v2\/posts\/13053\/revisions\/13056"}],"wp:featuredmedia":[{"embeddable":true,"href":"https:\/\/radiorevelacionfm.cl\/index.php?rest_route=\/wp\/v2\/media\/13054"}],"wp:attachment":[{"href":"https:\/\/radiorevelacionfm.cl\/index.php?rest_route=%2Fwp%2Fv2%2Fmedia&parent=13053"}],"wp:term":[{"taxonomy":"category","embeddable":true,"href":"https:\/\/radiorevelacionfm.cl\/index.php?rest_route=%2Fwp%2Fv2%2Fcategories&post=13053"},{"taxonomy":"post_tag","embeddable":true,"href":"https:\/\/radiorevelacionfm.cl\/index.php?rest_route=%2Fwp%2Fv2%2Ftags&post=13053"}],"curies":[{"name":"wp","href":"https:\/\/api.w.org\/{rel}","templated":true}]}}