{"id":13050,"date":"2022-01-20T09:33:14","date_gmt":"2022-01-20T12:33:14","guid":{"rendered":"https:\/\/radiorevelacionfm.cl\/?p=13050"},"modified":"2022-01-20T09:33:14","modified_gmt":"2022-01-20T12:33:14","slug":"reconocidos-elencos-locales-fueron-parte-de-la-gala-folclorica-en-vive-el-verano-en-aysen","status":"publish","type":"post","link":"https:\/\/radiorevelacionfm.cl\/?p=13050","title":{"rendered":"Reconocidos elencos locales fueron parte de la Gala Folcl\u00f3rica en Vive el Verano en Ays\u00e9n"},"content":{"rendered":"<div class=\"flex_column av_one_full  flex_column_div av-zero-column-padding first  avia-builder-el-0  el_before_av_one_full  avia-builder-el-first  \" style='border-radius:0px; '><div  class='avia-image-container  av-styling-    avia-builder-el-1  avia-builder-el-no-sibling  avia-align-center '  itemprop=\"image\" itemscope=\"itemscope\" itemtype=\"https:\/\/schema.org\/ImageObject\"  ><div class='avia-image-container-inner'><div class='avia-image-overlay-wrap'><img decoding=\"async\" class='wp-image-13051 avia-img-lazy-loading-not-13051 avia_image' src=\"https:\/\/radiorevelacionfm.cl\/wp-content\/uploads\/2022\/01\/agrupacion-fotografia-5-1_optimized.jpg\" alt='' title='agrupaci\u00f3n---fotograf\u00eda-5-(1)_optimized' height=\"600\" width=\"900\"  itemprop=\"thumbnailUrl\" srcset=\"https:\/\/radiorevelacionfm.cl\/wp-content\/uploads\/2022\/01\/agrupacion-fotografia-5-1_optimized.jpg 900w, https:\/\/radiorevelacionfm.cl\/wp-content\/uploads\/2022\/01\/agrupacion-fotografia-5-1_optimized-300x200.jpg 300w, https:\/\/radiorevelacionfm.cl\/wp-content\/uploads\/2022\/01\/agrupacion-fotografia-5-1_optimized-768x512.jpg 768w, https:\/\/radiorevelacionfm.cl\/wp-content\/uploads\/2022\/01\/agrupacion-fotografia-5-1_optimized-705x470.jpg 705w, https:\/\/radiorevelacionfm.cl\/wp-content\/uploads\/2022\/01\/agrupacion-fotografia-5-1_optimized-600x400.jpg 600w\" sizes=\"(max-width: 900px) 100vw, 900px\" \/><\/div><\/div><\/div><\/div><div class=\"flex_column av_one_full  flex_column_div av-zero-column-padding first  avia-builder-el-2  el_after_av_one_full  el_before_av_one_full  column-top-margin\" style='border-radius:0px; '><section class=\"av_textblock_section \"  itemscope=\"itemscope\" itemtype=\"https:\/\/schema.org\/BlogPosting\" itemprop=\"blogPost\" ><div class='avia_textblock  '   itemprop=\"text\" ><p style=\"text-align: center;\"><strong><span style=\"font-size: 18pt;\">Reconocidos elencos locales fueron parte de la Gala Folcl\u00f3rica en Vive el Verano en Ays\u00e9n<\/span><\/strong><\/p>\n<div id=\"gtx-trans\" style=\"position: absolute; left: -50px; top: 4.31534px;\">\n<div class=\"gtx-trans-icon\"><\/div>\n<\/div>\n<\/div><\/section><\/div><div class=\"flex_column av_one_full  flex_column_div av-zero-column-padding first  avia-builder-el-4  el_after_av_one_full  el_before_av_hr  column-top-margin\" style='border-radius:0px; '><section class=\"av_textblock_section \"  itemscope=\"itemscope\" itemtype=\"https:\/\/schema.org\/BlogPosting\" itemprop=\"blogPost\" ><div class='avia_textblock  '   itemprop=\"text\" ><p style=\"text-align: justify;\">Enmarcada en la programaci\u00f3n de Vive el Verano en Ays\u00e9n, el lunes se realiz\u00f3 la Gala Folcl\u00f3rica en el Polideportivo con la colaboraci\u00f3n de la agrupaci\u00f3n Voces de Ays\u00e9n, la Mesa del Folclor y conjuntos art\u00edsticos oriundos de la zona en presencia del alcalde Julio Uribe Alvarado, las concejalas Tatiana Villaroel, Silvia Klagges y los concejales Gabriel Mu\u00f1oz y Alejandro Soto.<\/p>\n<p style=\"text-align: justify;\">Bajo la consigna de un viaje por el territorio austral de Chile, las agrupaciones de baile, entre las que se encontraban Fantas\u00eda Sure\u00f1a, Aires de la Patagonia, el Conjunto Folcl\u00f3rico Nalcayec, y una de las m\u00e1s antiguas de la regi\u00f3n, hoy llamada Arrieros de Ays\u00e9n, tomaron componentes simb\u00f3licos para retratar mediante sonoridades tradicionales el ideario colectivo de las comunidades.<\/p>\n<p style=\"text-align: justify;\">En el caso de Fantas\u00eda Sure\u00f1a, que abri\u00f3 la instancia, se dispuso un despliegue en escena con un elenco compuesto por 25 bailarines de todas las edades. Guiados por la monitora Karen Roa, no faltaron los ritmos del chamam\u00e9 y la herencia latinoamericana. Vestimentas coloridas y pasos revestidos de zapateo, fueron la base para la recreaci\u00f3n de un cuadro t\u00edpico que record\u00f3 a los asistentes la heterogeneidad del patrimonio inmaterial.<\/p>\n<p style=\"text-align: justify;\">\u201cHace mucho tiempo no se hac\u00eda un evento folcl\u00f3rico donde los ni\u00f1os pod\u00edan mostrar lo que ensayaban d\u00eda a d\u00eda, lo hall\u00e9 fant\u00e1stico. El encuentro entre varios grupos folcl\u00f3rico, que muestre diferentes tipos de danza, pienso que genera un v\u00ednculo maravilloso y brinda al p\u00fablico un escenario perfecto. Lo encontr\u00e9 muy bello, as\u00ed que agradecida de la municipalidad por la invitaci\u00f3n\u00bb, manifest\u00f3 la monitora del Conjunto Folcl\u00f3rico Nalcayec, Yasna Andrade.<\/p>\n<p style=\"text-align: justify;\">Con pies de cueca y danzas tradicionales del pa\u00eds, el conjunto oriundo de la regi\u00f3n de Ays\u00e9n, cerr\u00f3 la jornada de presentaciones. Al respecto Gustavo Rodr\u00edguez, tambi\u00e9n monitor de Nalcayec, destac\u00f3 lo esencial de espacios como los acontecidos fuera de las Fiestas Patrias. \u201cEncuentro que es muy fant\u00e1stico que se puedan hacer este tipo de eventos en otras fechas que no sean las importantes que tenemos constantemente como el 18 de septiembre. Le damos un poco de auge a lo que es el folclor en toda \u00e9poca del a\u00f1o y eso es maravilloso\u201d, detall\u00f3 junto a la necesidad de visibilizar \u201cno s\u00f3lo el baile com\u00fan que es la cueca, sino que tambi\u00e9n el folclor a nivel internacional\u201d.<\/p>\n<p style=\"text-align: justify;\">La actividad tambi\u00e9n tuvo como invitada a la agrupaci\u00f3n Voces de Ays\u00e9n, ganadora del primer lugar en dos versiones del festival del Huaso de Olmu\u00e9 durante los a\u00f1os 2001 y 2016, y finalista en el Festival de la Canci\u00f3n de Vi\u00f1a de Mar. Mediadora de la difusi\u00f3n del canto patag\u00f3nico, sus letras dejaron entrever a trav\u00e9s de pasajes sonoros, las vivencias y las practicas culturales m\u00e1s australes despu\u00e9s de un largo periodo de receso sobre un escenario a causa de la crisis sanitaria.<\/p>\n<p style=\"text-align: justify;\">\u201cEs tremendamente grato estar una vez m\u00e1s en Puerto Ays\u00e9n, y la verdad que en estos tiempos tan dif\u00edciles que hemos vivido, sobre todo la gente que est\u00e1 ligada a la cultura, es un privilegio y una alegr\u00eda inmensa la que sentimos en este minuto, porque de verdad nos as\u00ed mucha falta el escenario con p\u00fablico. Tuvimos hartas actuaciones durante la pandemia, pero todas <em>online<\/em>\u201d, comentaron desde Voces de Ays\u00e9n despu\u00e9s de casi dos a\u00f1os tocando v\u00eda <em>straming<\/em>.<\/p>\n<p style=\"text-align: justify;\">Por otra parte, el alcalde Julio Uribe Alvarado destac\u00f3 lo valioso de tener al conjunto en la Gala Folcl\u00f3rica. \u201cNosotros como municipio estamos muy contentos de poder haberlos tenidos aqu\u00ed. As\u00ed que vamos a seguir apoyando el folclor, nuestras tradiciones y la cultura en general en esta administraci\u00f3n\u201d, concluy\u00f3 la autoridad edilicia.<\/p>\n<\/div><\/section><\/div><div  style='height:50px' class='hr hr-invisible   avia-builder-el-6  el_after_av_one_full  el_before_av_social_share '><span class='hr-inner ' ><span class='hr-inner-style'><\/span><\/span><\/div><\/p>\n<div  class='av-social-sharing-box  avia-builder-el-7  el_after_av_hr  el_before_av_hr  '><div class='av-share-box'><h5 class='av-share-link-description av-no-toc '>Compartir esta noticia<\/h5><ul class='av-share-box-list noLightbox'><li class='av-share-link av-social-link-facebook' ><a target=\"_blank\" aria-label=\"Compartir en Facebook\" href='https:\/\/www.facebook.com\/sharer.php?u=https:\/\/radiorevelacionfm.cl\/?p=13050&#038;t=Reconocidos%20elencos%20locales%20fueron%20parte%20de%20la%20Gala%20Folcl%C3%B3rica%20en%20Vive%20el%20Verano%20en%20Ays%C3%A9n' aria-hidden='false' data-av_icon='\ue8f3' data-av_iconfont='entypo-fontello' title='' data-avia-related-tooltip='Compartir en Facebook' rel=\"noopener\"><span class='avia_hidden_link_text'>Compartir en Facebook<\/span><\/a><\/li><li class='av-share-link av-social-link-twitter' ><a target=\"_blank\" aria-label=\"Compartir en Twitter\" href='https:\/\/twitter.com\/share?text=Reconocidos%20elencos%20locales%20fueron%20parte%20de%20la%20Gala%20Folcl%C3%B3rica%20en%20Vive%20el%20Verano%20en%20Ays%C3%A9n&#038;url=https:\/\/radiorevelacionfm.cl\/?p=13050' aria-hidden='false' data-av_icon='\ue8f1' data-av_iconfont='entypo-fontello' title='' data-avia-related-tooltip='Compartir en Twitter' rel=\"noopener\"><span class='avia_hidden_link_text'>Compartir en Twitter<\/span><\/a><\/li><li class='av-share-link av-social-link-whatsapp' ><a target=\"_blank\" aria-label=\"Compartir en Whatsapp\" href='https:\/\/api.whatsapp.com\/send?text=https:\/\/radiorevelacionfm.cl\/?p=13050' aria-hidden='false' data-av_icon='\uf232' data-av_iconfont='entypo-fontello' title='' data-avia-related-tooltip='Compartir en Whatsapp' rel=\"noopener\"><span class='avia_hidden_link_text'>Compartir en Whatsapp<\/span><\/a><\/li><li class='av-share-link av-social-link-linkedin' ><a target=\"_blank\" aria-label=\"Compartir en LinkedIn\" href='https:\/\/linkedin.com\/shareArticle?mini=true&#038;title=Reconocidos%20elencos%20locales%20fueron%20parte%20de%20la%20Gala%20Folcl%C3%B3rica%20en%20Vive%20el%20Verano%20en%20Ays%C3%A9n&#038;url=https:\/\/radiorevelacionfm.cl\/?p=13050' aria-hidden='false' data-av_icon='\ue8fc' data-av_iconfont='entypo-fontello' title='' data-avia-related-tooltip='Compartir en LinkedIn' rel=\"noopener\"><span class='avia_hidden_link_text'>Compartir en LinkedIn<\/span><\/a><\/li><li class='av-share-link av-social-link-mail' ><a  aria-label=\"Compartir por correo\" href='mailto:?subject=Reconocidos%20elencos%20locales%20fueron%20parte%20de%20la%20Gala%20Folcl%C3%B3rica%20en%20Vive%20el%20Verano%20en%20Ays%C3%A9n&#038;body=https:\/\/radiorevelacionfm.cl\/?p=13050' aria-hidden='false' data-av_icon='\ue805' data-av_iconfont='entypo-fontello' title='' data-avia-related-tooltip='Compartir por correo'><span class='avia_hidden_link_text'>Compartir por correo<\/span><\/a><\/li><\/ul><\/div><\/div>\n<div  style='height:50px' class='hr hr-invisible   avia-builder-el-8  el_after_av_social_share  el_before_av_comments_list '><span class='hr-inner ' ><span class='hr-inner-style'><\/span><\/span><\/div>\n<div  class='av-buildercomment  av-blog-meta-html-info-disabled av-blog-meta-tag-disabled  '><\/div>\n","protected":false},"excerpt":{"rendered":"","protected":false},"author":1,"featured_media":13051,"comment_status":"open","ping_status":"open","sticky":false,"template":"","format":"standard","meta":{"footnotes":""},"categories":[38],"tags":[],"class_list":["post-13050","post","type-post","status-publish","format-standard","has-post-thumbnail","hentry","category-regional"],"jetpack_featured_media_url":"https:\/\/radiorevelacionfm.cl\/wp-content\/uploads\/2022\/01\/agrupacion-fotografia-5-1_optimized.jpg","_links":{"self":[{"href":"https:\/\/radiorevelacionfm.cl\/index.php?rest_route=\/wp\/v2\/posts\/13050","targetHints":{"allow":["GET"]}}],"collection":[{"href":"https:\/\/radiorevelacionfm.cl\/index.php?rest_route=\/wp\/v2\/posts"}],"about":[{"href":"https:\/\/radiorevelacionfm.cl\/index.php?rest_route=\/wp\/v2\/types\/post"}],"author":[{"embeddable":true,"href":"https:\/\/radiorevelacionfm.cl\/index.php?rest_route=\/wp\/v2\/users\/1"}],"replies":[{"embeddable":true,"href":"https:\/\/radiorevelacionfm.cl\/index.php?rest_route=%2Fwp%2Fv2%2Fcomments&post=13050"}],"version-history":[{"count":2,"href":"https:\/\/radiorevelacionfm.cl\/index.php?rest_route=\/wp\/v2\/posts\/13050\/revisions"}],"predecessor-version":[{"id":13057,"href":"https:\/\/radiorevelacionfm.cl\/index.php?rest_route=\/wp\/v2\/posts\/13050\/revisions\/13057"}],"wp:featuredmedia":[{"embeddable":true,"href":"https:\/\/radiorevelacionfm.cl\/index.php?rest_route=\/wp\/v2\/media\/13051"}],"wp:attachment":[{"href":"https:\/\/radiorevelacionfm.cl\/index.php?rest_route=%2Fwp%2Fv2%2Fmedia&parent=13050"}],"wp:term":[{"taxonomy":"category","embeddable":true,"href":"https:\/\/radiorevelacionfm.cl\/index.php?rest_route=%2Fwp%2Fv2%2Fcategories&post=13050"},{"taxonomy":"post_tag","embeddable":true,"href":"https:\/\/radiorevelacionfm.cl\/index.php?rest_route=%2Fwp%2Fv2%2Ftags&post=13050"}],"curies":[{"name":"wp","href":"https:\/\/api.w.org\/{rel}","templated":true}]}}