{"id":13046,"date":"2022-01-19T18:35:16","date_gmt":"2022-01-19T21:35:16","guid":{"rendered":"https:\/\/radiorevelacionfm.cl\/?p=13046"},"modified":"2022-01-19T18:35:16","modified_gmt":"2022-01-19T21:35:16","slug":"concluye-retiro-y-disposicion-final-de-mortalidad-de-salmones-afectados-por-floraciones-algales-nocivas-en-aysen","status":"publish","type":"post","link":"https:\/\/radiorevelacionfm.cl\/?p=13046","title":{"rendered":"Concluye retiro y disposici\u00f3n final de mortalidad de salmones afectados por floraciones algales nocivas en Ays\u00e9n"},"content":{"rendered":"<div class=\"flex_column av_one_full  flex_column_div av-zero-column-padding first  avia-builder-el-0  el_before_av_one_full  avia-builder-el-first  \" style='border-radius:0px; '><div  class='avia-image-container  av-styling-    avia-builder-el-1  avia-builder-el-no-sibling  avia-align-center '  itemprop=\"image\" itemscope=\"itemscope\" itemtype=\"https:\/\/schema.org\/ImageObject\"  ><div class='avia-image-container-inner'><div class='avia-image-overlay-wrap'><img decoding=\"async\" class='wp-image-13047 avia-img-lazy-loading-not-13047 avia_image' src=\"https:\/\/radiorevelacionfm.cl\/wp-content\/uploads\/2022\/01\/6-25-1-1.jpg\" alt='' title='6 (25) (1) (1)' height=\"600\" width=\"800\"  itemprop=\"thumbnailUrl\" srcset=\"https:\/\/radiorevelacionfm.cl\/wp-content\/uploads\/2022\/01\/6-25-1-1.jpg 800w, https:\/\/radiorevelacionfm.cl\/wp-content\/uploads\/2022\/01\/6-25-1-1-300x225.jpg 300w, https:\/\/radiorevelacionfm.cl\/wp-content\/uploads\/2022\/01\/6-25-1-1-768x576.jpg 768w, https:\/\/radiorevelacionfm.cl\/wp-content\/uploads\/2022\/01\/6-25-1-1-705x529.jpg 705w, https:\/\/radiorevelacionfm.cl\/wp-content\/uploads\/2022\/01\/6-25-1-1-600x450.jpg 600w\" sizes=\"(max-width: 800px) 100vw, 800px\" \/><\/div><\/div><\/div><\/div><div class=\"flex_column av_one_full  flex_column_div av-zero-column-padding first  avia-builder-el-2  el_after_av_one_full  el_before_av_one_full  column-top-margin\" style='border-radius:0px; '><section class=\"av_textblock_section \"  itemscope=\"itemscope\" itemtype=\"https:\/\/schema.org\/BlogPosting\" itemprop=\"blogPost\" ><div class='avia_textblock  '   itemprop=\"text\" ><p style=\"text-align: center;\"><span style=\"font-size: 18pt;\"><b>Concluye retiro y disposici\u00f3n final de mortalidad de salmones afectados por floraciones algales nocivas en Ays\u00e9n<\/b><\/span><\/p>\n<div id=\"gtx-trans\" style=\"position: absolute; left: -50px; top: 4.31534px;\">\n<div class=\"gtx-trans-icon\"><\/div>\n<\/div>\n<\/div><\/section><\/div><div class=\"flex_column av_one_full  flex_column_div av-zero-column-padding first  avia-builder-el-4  el_after_av_one_full  el_before_av_hr  column-top-margin\" style='border-radius:0px; '><section class=\"av_textblock_section \"  itemscope=\"itemscope\" itemtype=\"https:\/\/schema.org\/BlogPosting\" itemprop=\"blogPost\" ><div class='avia_textblock  '   itemprop=\"text\" ><p style=\"font-weight: 400; text-align: justify;\">Cumpliendo todos los protocolos establecidos para el manejo de mortalidades de salmones, arribaron a la regi\u00f3n del Biob\u00edo dos pesqueros de alta mar provenientes de la regi\u00f3n de Ays\u00e9n, con especies salmon\u00eddeas afectadas por las floraciones algales nocivas (FAN) a comienzos de mes. Las denominadas FAN, se manifestaron en un bloom algal que provoc\u00f3 que cinco centros de agrupaciones de concesiones acu\u00edcolas de Ays\u00e9n reportaran mortalidades masivas, asociadas a la presencia de las microalgas nocivas.<\/p>\n<p style=\"font-weight: 400; text-align: justify;\">Las empresas afectadas son Blumar S.A., Salmones Austral S.A, Camanchaca y Aquachile S.A. A lo anterior se suma un centro de la empresa Mowi Chile S.A. que activ\u00f3 su plan de contingencia por mortalidad masiva asociada a bajas de ox\u00edgeno. De acuerdo a lo notificado por los titulares de las empresas, la biomasa afectada (mortalidad) era de 3.550 toneladas, las que fueron retiradas en su totalidad (100%).<\/p>\n<p style=\"font-weight: 400; text-align: justify;\">La mortalidad ha sido tratada mediante sistemas de ensilajes y retirada desde los centros de cultivo en condiciones \u00f3ptimas, es decir, sin signos evidentes de descomposici\u00f3n, con destino a plantas reductoras, seg\u00fan lo establecido en los planes de contingencias.<\/p>\n<p style=\"font-weight: 400; text-align: justify;\">Iv\u00e1n Oyarz\u00fan, director regional de Sernapesca Biob\u00edo, inform\u00f3 que \u201clos PAM Erika y Duqueco, arribaron a Talcahuano hace unos d\u00edas y realizaron en completa normalidad el proceso de descarga de 1.353,98 toneladas en la planta Landes, para posteriormente derivar la carga en camiones herm\u00e9ticos a la planta de elaboraci\u00f3n, y dar as\u00ed un uso de materia prima para confecci\u00f3n de harina o aceite, evitando que se destinen como desechos\u201d.<\/p>\n<p style=\"font-weight: 400; text-align: justify;\">La regi\u00f3n del Biob\u00edo ha demostrado estar preparada para apoyar la adecuada gesti\u00f3n de eventos de mortalidad masiva generados por contingencias ambientales, siempre dentro del marco de los protocolos establecidos por el Reglamento Ambiental para la Acuicultura. \u201cPara este tipo de procedimiento existen protocolos establecidos en la Declaraci\u00f3n de prealerta acu\u00edcola contenida en el Reglamento Ambiental de Acuicultura, y por eso estamos coordinados con la Autoridad Mar\u00edtima, la Superintendencia de Medio Ambiente y la Seremi de Salud\u201d agreg\u00f3 Oyarz\u00fan.<\/p>\n<p style=\"font-weight: 400; text-align: justify;\">Cabe indicar que esta materia prima y sus aguas residuales son sometidas a un proceso t\u00e9rmico y a la incorporaci\u00f3n de elementos qu\u00edmicos en el tratamiento, sin que ning\u00fan elemento se destine a vertederos o rellenos sanitarios.<\/p>\n<p style=\"font-weight: 400; text-align: justify;\">Finalmente, desde Sernapesca indicaron que mantendr\u00e1n la vigilancia en la zona mediante sistemas de monitoreo satelitales, remotos, cruce de informaci\u00f3n y presencial, manteniendo la alerta a los cambios clim\u00e1ticos que pudieran modificar la condici\u00f3n ambiental actual.<\/p>\n<\/div><\/section><\/div><div  style='height:50px' class='hr hr-invisible   avia-builder-el-6  el_after_av_one_full  el_before_av_social_share '><span class='hr-inner ' ><span class='hr-inner-style'><\/span><\/span><\/div><\/p>\n<div  class='av-social-sharing-box  avia-builder-el-7  el_after_av_hr  el_before_av_hr  '><div class='av-share-box'><h5 class='av-share-link-description av-no-toc '>Compartir esta noticia<\/h5><ul class='av-share-box-list noLightbox'><li class='av-share-link av-social-link-facebook' ><a target=\"_blank\" aria-label=\"Compartir en Facebook\" href='https:\/\/www.facebook.com\/sharer.php?u=https:\/\/radiorevelacionfm.cl\/?p=13046&#038;t=Concluye%20retiro%20y%20disposici%C3%B3n%20final%20de%20mortalidad%20de%20salmones%20afectados%20por%20floraciones%20algales%20nocivas%20en%20Ays%C3%A9n' aria-hidden='false' data-av_icon='\ue8f3' data-av_iconfont='entypo-fontello' title='' data-avia-related-tooltip='Compartir en Facebook' rel=\"noopener\"><span class='avia_hidden_link_text'>Compartir en Facebook<\/span><\/a><\/li><li class='av-share-link av-social-link-twitter' ><a target=\"_blank\" aria-label=\"Compartir en Twitter\" href='https:\/\/twitter.com\/share?text=Concluye%20retiro%20y%20disposici%C3%B3n%20final%20de%20mortalidad%20de%20salmones%20afectados%20por%20floraciones%20algales%20nocivas%20en%20Ays%C3%A9n&#038;url=https:\/\/radiorevelacionfm.cl\/?p=13046' aria-hidden='false' data-av_icon='\ue8f1' data-av_iconfont='entypo-fontello' title='' data-avia-related-tooltip='Compartir en Twitter' rel=\"noopener\"><span class='avia_hidden_link_text'>Compartir en Twitter<\/span><\/a><\/li><li class='av-share-link av-social-link-whatsapp' ><a target=\"_blank\" aria-label=\"Compartir en Whatsapp\" href='https:\/\/api.whatsapp.com\/send?text=https:\/\/radiorevelacionfm.cl\/?p=13046' aria-hidden='false' data-av_icon='\uf232' data-av_iconfont='entypo-fontello' title='' data-avia-related-tooltip='Compartir en Whatsapp' rel=\"noopener\"><span class='avia_hidden_link_text'>Compartir en Whatsapp<\/span><\/a><\/li><li class='av-share-link av-social-link-linkedin' ><a target=\"_blank\" aria-label=\"Compartir en LinkedIn\" href='https:\/\/linkedin.com\/shareArticle?mini=true&#038;title=Concluye%20retiro%20y%20disposici%C3%B3n%20final%20de%20mortalidad%20de%20salmones%20afectados%20por%20floraciones%20algales%20nocivas%20en%20Ays%C3%A9n&#038;url=https:\/\/radiorevelacionfm.cl\/?p=13046' aria-hidden='false' data-av_icon='\ue8fc' data-av_iconfont='entypo-fontello' title='' data-avia-related-tooltip='Compartir en LinkedIn' rel=\"noopener\"><span class='avia_hidden_link_text'>Compartir en LinkedIn<\/span><\/a><\/li><li class='av-share-link av-social-link-mail' ><a  aria-label=\"Compartir por correo\" href='mailto:?subject=Concluye%20retiro%20y%20disposici%C3%B3n%20final%20de%20mortalidad%20de%20salmones%20afectados%20por%20floraciones%20algales%20nocivas%20en%20Ays%C3%A9n&#038;body=https:\/\/radiorevelacionfm.cl\/?p=13046' aria-hidden='false' data-av_icon='\ue805' data-av_iconfont='entypo-fontello' title='' data-avia-related-tooltip='Compartir por correo'><span class='avia_hidden_link_text'>Compartir por correo<\/span><\/a><\/li><\/ul><\/div><\/div>\n<div  style='height:50px' class='hr hr-invisible   avia-builder-el-8  el_after_av_social_share  el_before_av_comments_list '><span class='hr-inner ' ><span class='hr-inner-style'><\/span><\/span><\/div>\n<div  class='av-buildercomment  av-blog-meta-html-info-disabled av-blog-meta-tag-disabled  '><\/div>\n","protected":false},"excerpt":{"rendered":"","protected":false},"author":1,"featured_media":13047,"comment_status":"open","ping_status":"open","sticky":false,"template":"","format":"standard","meta":{"footnotes":""},"categories":[38],"tags":[],"class_list":["post-13046","post","type-post","status-publish","format-standard","has-post-thumbnail","hentry","category-regional"],"jetpack_featured_media_url":"https:\/\/radiorevelacionfm.cl\/wp-content\/uploads\/2022\/01\/6-25-1-1.jpg","_links":{"self":[{"href":"https:\/\/radiorevelacionfm.cl\/index.php?rest_route=\/wp\/v2\/posts\/13046","targetHints":{"allow":["GET"]}}],"collection":[{"href":"https:\/\/radiorevelacionfm.cl\/index.php?rest_route=\/wp\/v2\/posts"}],"about":[{"href":"https:\/\/radiorevelacionfm.cl\/index.php?rest_route=\/wp\/v2\/types\/post"}],"author":[{"embeddable":true,"href":"https:\/\/radiorevelacionfm.cl\/index.php?rest_route=\/wp\/v2\/users\/1"}],"replies":[{"embeddable":true,"href":"https:\/\/radiorevelacionfm.cl\/index.php?rest_route=%2Fwp%2Fv2%2Fcomments&post=13046"}],"version-history":[{"count":2,"href":"https:\/\/radiorevelacionfm.cl\/index.php?rest_route=\/wp\/v2\/posts\/13046\/revisions"}],"predecessor-version":[{"id":13049,"href":"https:\/\/radiorevelacionfm.cl\/index.php?rest_route=\/wp\/v2\/posts\/13046\/revisions\/13049"}],"wp:featuredmedia":[{"embeddable":true,"href":"https:\/\/radiorevelacionfm.cl\/index.php?rest_route=\/wp\/v2\/media\/13047"}],"wp:attachment":[{"href":"https:\/\/radiorevelacionfm.cl\/index.php?rest_route=%2Fwp%2Fv2%2Fmedia&parent=13046"}],"wp:term":[{"taxonomy":"category","embeddable":true,"href":"https:\/\/radiorevelacionfm.cl\/index.php?rest_route=%2Fwp%2Fv2%2Fcategories&post=13046"},{"taxonomy":"post_tag","embeddable":true,"href":"https:\/\/radiorevelacionfm.cl\/index.php?rest_route=%2Fwp%2Fv2%2Ftags&post=13046"}],"curies":[{"name":"wp","href":"https:\/\/api.w.org\/{rel}","templated":true}]}}