{"id":13043,"date":"2022-01-20T10:16:37","date_gmt":"2022-01-20T13:16:37","guid":{"rendered":"https:\/\/radiorevelacionfm.cl\/?p=13043"},"modified":"2022-01-20T10:16:37","modified_gmt":"2022-01-20T13:16:37","slug":"iniciativa-popular-busca-garantizar-el-derecho-a-la-educacion-y-reconocer-el-rol-de-los-docentes-en-la-nueva-constitucion","status":"publish","type":"post","link":"https:\/\/radiorevelacionfm.cl\/?p=13043","title":{"rendered":"Iniciativa Popular busca garantizar el derecho a la educaci\u00f3n y reconocer el rol de los docentes en la nueva Constituci\u00f3n"},"content":{"rendered":"<div class=\"flex_column av_one_full  flex_column_div av-zero-column-padding first  avia-builder-el-0  el_before_av_one_full  avia-builder-el-first  \" style='border-radius:0px; '><div  class='avia-image-container  av-styling-    avia-builder-el-1  avia-builder-el-no-sibling  avia-align-center '  itemprop=\"image\" itemscope=\"itemscope\" itemtype=\"https:\/\/schema.org\/ImageObject\"  ><div class='avia-image-container-inner'><div class='avia-image-overlay-wrap'><img decoding=\"async\" class='wp-image-13044 avia-img-lazy-loading-not-13044 avia_image' src=\"https:\/\/radiorevelacionfm.cl\/wp-content\/uploads\/2022\/01\/Estudiantes-de-Coyhaique-en-feria-de-construccion-organizada-por-Empresa-LYD-3-1-1.jpeg\" alt='' title='Estudiantes de Coyhaique en feria de construcci\u00f3n organizada por Empresa LYD (3) (1) (1)' height=\"600\" width=\"800\"  itemprop=\"thumbnailUrl\" srcset=\"https:\/\/radiorevelacionfm.cl\/wp-content\/uploads\/2022\/01\/Estudiantes-de-Coyhaique-en-feria-de-construccion-organizada-por-Empresa-LYD-3-1-1.jpeg 800w, https:\/\/radiorevelacionfm.cl\/wp-content\/uploads\/2022\/01\/Estudiantes-de-Coyhaique-en-feria-de-construccion-organizada-por-Empresa-LYD-3-1-1-300x225.jpeg 300w, https:\/\/radiorevelacionfm.cl\/wp-content\/uploads\/2022\/01\/Estudiantes-de-Coyhaique-en-feria-de-construccion-organizada-por-Empresa-LYD-3-1-1-768x576.jpeg 768w, https:\/\/radiorevelacionfm.cl\/wp-content\/uploads\/2022\/01\/Estudiantes-de-Coyhaique-en-feria-de-construccion-organizada-por-Empresa-LYD-3-1-1-705x529.jpeg 705w, https:\/\/radiorevelacionfm.cl\/wp-content\/uploads\/2022\/01\/Estudiantes-de-Coyhaique-en-feria-de-construccion-organizada-por-Empresa-LYD-3-1-1-600x450.jpeg 600w\" sizes=\"(max-width: 800px) 100vw, 800px\" \/><\/div><\/div><\/div><\/div><div class=\"flex_column av_one_full  flex_column_div av-zero-column-padding first  avia-builder-el-2  el_after_av_one_full  el_before_av_one_full  column-top-margin\" style='border-radius:0px; '><section class=\"av_textblock_section \"  itemscope=\"itemscope\" itemtype=\"https:\/\/schema.org\/BlogPosting\" itemprop=\"blogPost\" ><div class='avia_textblock  '   itemprop=\"text\" ><p class=\"v1MsoNormal\" style=\"text-align: center;\" align=\"center\"><span style=\"font-size: 18pt;\"><b><span lang=\"es\">Iniciativa Popular busca garantizar el derecho a la educaci\u00f3n y reconocer el rol de los docentes en la nueva Constituci\u00f3n<\/span><\/b><\/span><\/p>\n<p class=\"v1MsoNormal\" align=\"center\"><b><span lang=\"es\">\u00a0<\/span><\/b><\/p>\n<div id=\"gtx-trans\" style=\"position: absolute; left: -50px; top: 4.31534px;\">\n<div class=\"gtx-trans-icon\"><\/div>\n<\/div>\n<\/div><\/section><\/div><div class=\"flex_column av_one_full  flex_column_div av-zero-column-padding first  avia-builder-el-4  el_after_av_one_full  el_before_av_hr  column-top-margin\" style='border-radius:0px; '><section class=\"av_textblock_section \"  itemscope=\"itemscope\" itemtype=\"https:\/\/schema.org\/BlogPosting\" itemprop=\"blogPost\" ><div class='avia_textblock  '   itemprop=\"text\" ><p class=\"v1MsoNormal\" style=\"text-align: justify;\"><span lang=\"es\">En d\u00edas donde la ciudadan\u00eda y la sociedad civil buscan de manera acelerada que sus iniciativas sean parte de la nueva constituci\u00f3n, 19 fundaciones agrupadas en Acci\u00f3n Colectiva por la Educaci\u00f3n, hacen un llamado a juntar 15 mil firmas de manera urgente para asegurar el derecho a una educaci\u00f3n integral, de calidad, inclusiva y gratuita.<\/span><\/p>\n<p class=\"v1MsoNormal\" style=\"text-align: justify;\"><span lang=\"es\">Un total de 19 fundaciones educativas de la sociedad civil agrupadas en Acci\u00f3n Colectiva por la Educaci\u00f3n, presentaron la Iniciativa Popular de Norma (IPN)\u00a0<\/span><a href=\"https:\/\/plataforma.chileconvencion.cl\/m\/iniciativa_popular\/detalle?id=43926\" target=\"_blank\" rel=\"noopener noreferrer\"><span lang=\"es\">\u00abPor una educaci\u00f3n integral, de calidad, inclusiva, equitativa y gratuita\u00bb<\/span><\/a><span lang=\"es\">, con la cual buscan llegar a las 15 mil firmas ciudadanas para que el articulado sea discutido en la Convenci\u00f3n Constitucional e incorporado en la nueva Constituci\u00f3n.<\/span><\/p>\n<p class=\"v1MsoNormal\" style=\"text-align: justify;\"><span lang=\"es\">Se trata de la iniciativa\u00a0<\/span><span lang=\"es\"><a href=\"https:\/\/plataforma.chileconvencion.cl\/m\/iniciativa_popular\/detalle?id=43926\" target=\"_blank\" rel=\"noopener noreferrer\">43.926<\/a><\/span><span lang=\"es\">, que propone siete puntos para incluir en la nueva Carta Magna, desde que el\u00a0Estado debe garantizar\u00a0a todas las personas el derecho a una educaci\u00f3n integral de calidad, equitativa, inclusiva, no discriminatoria, con perspectiva de g\u00e9nero, con pertinencia territorial, cultural y ling\u00fc\u00edstica. Asimismo, la propuesta reconoce\u00a0el rol docente en la nueva Constituci\u00f3n, velando por la formaci\u00f3n \u2013inicial y continua\u2013 y por condiciones laborales adecuadas para profesores, profesoras, educadores y educadoras; algo in\u00e9dito que existe en muy pocas constituciones a nivel mundial.<\/span><\/p>\n<p class=\"v1MsoNormal\" style=\"text-align: justify;\"><span lang=\"es\">Adem\u00e1s, establece que \u00abel Estado asegurar\u00e1 la obligatoriedad y gratuidad entre el segundo nivel de transici\u00f3n parvularia y la educaci\u00f3n media, extendi\u00e9ndose la gratuidad desde el nivel de sala cuna y, progresivamente, a la educaci\u00f3n superior\u00bb (revisa el articulado completo\u00a0<\/span><span lang=\"es\"><a href=\"https:\/\/plataforma.chileconvencion.cl\/m\/iniciativa_popular\/detalle?id=43926\" target=\"_blank\" rel=\"noopener noreferrer\">aqu\u00ed<\/a><\/span><span lang=\"es\">).<\/span><\/p>\n<p class=\"v1MsoNormal\" style=\"text-align: justify;\"><span lang=\"es\">El articulado se basa en los resultados del proceso ciudadano \u00abTenemos que Hablar de Educaci\u00f3n\u00bb\u00a0\u2013impulsado tambi\u00e9n por Acci\u00f3n Colectiva entre 2020 y 2021\u2013 que cont\u00f3 con la participaci\u00f3n de cerca de 8 mil docentes, apoderados, estudiantes, directivos y sostenedores de todo el pa\u00eds.<\/span><\/p>\n<p class=\"v1MsoNormal\" style=\"text-align: justify;\"><span lang=\"es\">Para\u00a0Bernardita Lazo, directora regional de ONG Canales en Ays\u00e9n,\u00a0que las realidades de las regiones est\u00e9n representadas en espacios nacionales.\u00a0\u00a0\u00abComo organizaci\u00f3n dedicada a fortalecer la Educaci\u00f3n T\u00e9cnico Profesional desde hace 10 a\u00f1os en los territorios m\u00e1s australes del pa\u00eds, es muy satisfactorio ser parte de esta iniciativa, porque fue levantada con distintas voces vinculadas al mundo de la Educaci\u00f3n y materializada por una red organizaciones con amplia experiencia y vinculaci\u00f3n en los territorios\u00bb.<\/span><\/p>\n<p class=\"v1MsoNormal\" style=\"text-align: justify;\"><span lang=\"es\">La iniciativa popular ya cuenta con cerca de 3.000 firmas de apoyo y cuenta con el respaldo de distintas figuras ligadas al \u00e1mbito de la educaci\u00f3n y la ni\u00f1ez en redes sociales. Sin embargo, necesitan alcanzar como m\u00ednimo las 15 mil r\u00fabricas para que pueda ser discutido en la Convenci\u00f3n.<\/span><\/p>\n<p class=\"v1MsoNormal\" style=\"text-align: justify;\"><span lang=\"es\">\u00abNo podemos dejar a las comunidades educativas del mundo T\u00e9cnico Profesional fuera de la discusi\u00f3n. Avancemos hacia una educaci\u00f3n de calidad, equitativa, inclusiva y gratuita para todos y todas\u00bb,\u00a0<\/span><span lang=\"es\">destac\u00f3 la profesional.<\/span><\/p>\n<p class=\"v1MsoNormal\" style=\"text-align: justify;\"><em><span lang=\"es\">\u00a0<\/span><\/em><\/p>\n<\/div><\/section><\/div><div  style='height:50px' class='hr hr-invisible   avia-builder-el-6  el_after_av_one_full  el_before_av_social_share '><span class='hr-inner ' ><span class='hr-inner-style'><\/span><\/span><\/div><\/p>\n<div  class='av-social-sharing-box  avia-builder-el-7  el_after_av_hr  el_before_av_hr  '><div class='av-share-box'><h5 class='av-share-link-description av-no-toc '>Compartir esta noticia<\/h5><ul class='av-share-box-list noLightbox'><li class='av-share-link av-social-link-facebook' ><a target=\"_blank\" aria-label=\"Compartir en Facebook\" href='https:\/\/www.facebook.com\/sharer.php?u=https:\/\/radiorevelacionfm.cl\/?p=13043&#038;t=Iniciativa%20Popular%20busca%20garantizar%20el%20derecho%20a%20la%20educaci%C3%B3n%20y%20reconocer%20el%20rol%20de%20los%20docentes%20en%20la%20nueva%20Constituci%C3%B3n' aria-hidden='false' data-av_icon='\ue8f3' data-av_iconfont='entypo-fontello' title='' data-avia-related-tooltip='Compartir en Facebook' rel=\"noopener\"><span class='avia_hidden_link_text'>Compartir en Facebook<\/span><\/a><\/li><li class='av-share-link av-social-link-twitter' ><a target=\"_blank\" aria-label=\"Compartir en Twitter\" href='https:\/\/twitter.com\/share?text=Iniciativa%20Popular%20busca%20garantizar%20el%20derecho%20a%20la%20educaci%C3%B3n%20y%20reconocer%20el%20rol%20de%20los%20docentes%20en%20la%20nueva%20Constituci%C3%B3n&#038;url=https:\/\/radiorevelacionfm.cl\/?p=13043' aria-hidden='false' data-av_icon='\ue8f1' data-av_iconfont='entypo-fontello' title='' data-avia-related-tooltip='Compartir en Twitter' rel=\"noopener\"><span class='avia_hidden_link_text'>Compartir en Twitter<\/span><\/a><\/li><li class='av-share-link av-social-link-whatsapp' ><a target=\"_blank\" aria-label=\"Compartir en Whatsapp\" href='https:\/\/api.whatsapp.com\/send?text=https:\/\/radiorevelacionfm.cl\/?p=13043' aria-hidden='false' data-av_icon='\uf232' data-av_iconfont='entypo-fontello' title='' data-avia-related-tooltip='Compartir en Whatsapp' rel=\"noopener\"><span class='avia_hidden_link_text'>Compartir en Whatsapp<\/span><\/a><\/li><li class='av-share-link av-social-link-linkedin' ><a target=\"_blank\" aria-label=\"Compartir en LinkedIn\" href='https:\/\/linkedin.com\/shareArticle?mini=true&#038;title=Iniciativa%20Popular%20busca%20garantizar%20el%20derecho%20a%20la%20educaci%C3%B3n%20y%20reconocer%20el%20rol%20de%20los%20docentes%20en%20la%20nueva%20Constituci%C3%B3n&#038;url=https:\/\/radiorevelacionfm.cl\/?p=13043' aria-hidden='false' data-av_icon='\ue8fc' data-av_iconfont='entypo-fontello' title='' data-avia-related-tooltip='Compartir en LinkedIn' rel=\"noopener\"><span class='avia_hidden_link_text'>Compartir en LinkedIn<\/span><\/a><\/li><li class='av-share-link av-social-link-mail' ><a  aria-label=\"Compartir por correo\" href='mailto:?subject=Iniciativa%20Popular%20busca%20garantizar%20el%20derecho%20a%20la%20educaci%C3%B3n%20y%20reconocer%20el%20rol%20de%20los%20docentes%20en%20la%20nueva%20Constituci%C3%B3n&#038;body=https:\/\/radiorevelacionfm.cl\/?p=13043' aria-hidden='false' data-av_icon='\ue805' data-av_iconfont='entypo-fontello' title='' data-avia-related-tooltip='Compartir por correo'><span class='avia_hidden_link_text'>Compartir por correo<\/span><\/a><\/li><\/ul><\/div><\/div>\n<div  style='height:50px' class='hr hr-invisible   avia-builder-el-8  el_after_av_social_share  el_before_av_comments_list '><span class='hr-inner ' ><span class='hr-inner-style'><\/span><\/span><\/div>\n<div  class='av-buildercomment  av-blog-meta-html-info-disabled av-blog-meta-tag-disabled  '><\/div>\n","protected":false},"excerpt":{"rendered":"","protected":false},"author":1,"featured_media":13044,"comment_status":"open","ping_status":"open","sticky":false,"template":"","format":"standard","meta":{"footnotes":""},"categories":[49],"tags":[],"class_list":["post-13043","post","type-post","status-publish","format-standard","has-post-thumbnail","hentry","category-educacion"],"jetpack_featured_media_url":"https:\/\/radiorevelacionfm.cl\/wp-content\/uploads\/2022\/01\/Estudiantes-de-Coyhaique-en-feria-de-construccion-organizada-por-Empresa-LYD-3-1-1.jpeg","_links":{"self":[{"href":"https:\/\/radiorevelacionfm.cl\/index.php?rest_route=\/wp\/v2\/posts\/13043","targetHints":{"allow":["GET"]}}],"collection":[{"href":"https:\/\/radiorevelacionfm.cl\/index.php?rest_route=\/wp\/v2\/posts"}],"about":[{"href":"https:\/\/radiorevelacionfm.cl\/index.php?rest_route=\/wp\/v2\/types\/post"}],"author":[{"embeddable":true,"href":"https:\/\/radiorevelacionfm.cl\/index.php?rest_route=\/wp\/v2\/users\/1"}],"replies":[{"embeddable":true,"href":"https:\/\/radiorevelacionfm.cl\/index.php?rest_route=%2Fwp%2Fv2%2Fcomments&post=13043"}],"version-history":[{"count":2,"href":"https:\/\/radiorevelacionfm.cl\/index.php?rest_route=\/wp\/v2\/posts\/13043\/revisions"}],"predecessor-version":[{"id":13059,"href":"https:\/\/radiorevelacionfm.cl\/index.php?rest_route=\/wp\/v2\/posts\/13043\/revisions\/13059"}],"wp:featuredmedia":[{"embeddable":true,"href":"https:\/\/radiorevelacionfm.cl\/index.php?rest_route=\/wp\/v2\/media\/13044"}],"wp:attachment":[{"href":"https:\/\/radiorevelacionfm.cl\/index.php?rest_route=%2Fwp%2Fv2%2Fmedia&parent=13043"}],"wp:term":[{"taxonomy":"category","embeddable":true,"href":"https:\/\/radiorevelacionfm.cl\/index.php?rest_route=%2Fwp%2Fv2%2Fcategories&post=13043"},{"taxonomy":"post_tag","embeddable":true,"href":"https:\/\/radiorevelacionfm.cl\/index.php?rest_route=%2Fwp%2Fv2%2Ftags&post=13043"}],"curies":[{"name":"wp","href":"https:\/\/api.w.org\/{rel}","templated":true}]}}