{"id":13035,"date":"2022-01-19T17:09:05","date_gmt":"2022-01-19T20:09:05","guid":{"rendered":"https:\/\/radiorevelacionfm.cl\/?p=13035"},"modified":"2022-01-19T17:09:05","modified_gmt":"2022-01-19T20:09:05","slug":"a-partir-de-este-24-de-enero-se-reanuda-subsidio-de-conectividad-aerea-coyhaique-chile-chico","status":"publish","type":"post","link":"https:\/\/radiorevelacionfm.cl\/?p=13035","title":{"rendered":"A partir de este 24 de enero se reanuda subsidio de conectividad a\u00e9rea Coyhaique &#8211; Chile Chico"},"content":{"rendered":"<div class=\"flex_column av_one_full  flex_column_div av-zero-column-padding first  avia-builder-el-0  el_before_av_one_full  avia-builder-el-first  \" style='border-radius:0px; '><div  class='avia-image-container  av-styling-    avia-builder-el-1  avia-builder-el-no-sibling  avia-align-center '  itemprop=\"image\" itemscope=\"itemscope\" itemtype=\"https:\/\/schema.org\/ImageObject\"  ><div class='avia-image-container-inner'><div class='avia-image-overlay-wrap'><img decoding=\"async\" class='wp-image-13036 avia-img-lazy-loading-not-13036 avia_image' src=\"https:\/\/radiorevelacionfm.cl\/wp-content\/uploads\/2022\/01\/AEROCORD-1-1.jpg\" alt='' title='AEROCORD (1) (1)' height=\"600\" width=\"1010\"  itemprop=\"thumbnailUrl\" srcset=\"https:\/\/radiorevelacionfm.cl\/wp-content\/uploads\/2022\/01\/AEROCORD-1-1.jpg 1010w, https:\/\/radiorevelacionfm.cl\/wp-content\/uploads\/2022\/01\/AEROCORD-1-1-300x178.jpg 300w, https:\/\/radiorevelacionfm.cl\/wp-content\/uploads\/2022\/01\/AEROCORD-1-1-768x456.jpg 768w, https:\/\/radiorevelacionfm.cl\/wp-content\/uploads\/2022\/01\/AEROCORD-1-1-705x419.jpg 705w, https:\/\/radiorevelacionfm.cl\/wp-content\/uploads\/2022\/01\/AEROCORD-1-1-600x356.jpg 600w\" sizes=\"(max-width: 1010px) 100vw, 1010px\" \/><\/div><\/div><\/div><\/div><div class=\"flex_column av_one_full  flex_column_div av-zero-column-padding first  avia-builder-el-2  el_after_av_one_full  el_before_av_one_full  column-top-margin\" style='border-radius:0px; '><section class=\"av_textblock_section \"  itemscope=\"itemscope\" itemtype=\"https:\/\/schema.org\/BlogPosting\" itemprop=\"blogPost\" ><div class='avia_textblock  '   itemprop=\"text\" ><p style=\"text-align: center;\"><span style=\"font-size: 18pt;\"><b>A partir de este 24 de enero se reanuda subsidio de conectividad a\u00e9rea Coyhaique &#8211; Chile Chico<\/b><\/span><\/p>\n<div id=\"gtx-trans\" style=\"position: absolute; left: -50px; top: 4.31534px;\">\n<div class=\"gtx-trans-icon\"><\/div>\n<\/div>\n<\/div><\/section><\/div><div class=\"flex_column av_one_full  flex_column_div av-zero-column-padding first  avia-builder-el-4  el_after_av_one_full  el_before_av_hr  column-top-margin\" style='border-radius:0px; '><section class=\"av_textblock_section \"  itemscope=\"itemscope\" itemtype=\"https:\/\/schema.org\/BlogPosting\" itemprop=\"blogPost\" ><div class='avia_textblock  '   itemprop=\"text\" ><p style=\"font-weight: 400; text-align: justify;\">Con la finalidad de continuar entregando alternativas de transporte, el seremiTT Fabi\u00e1n Rojas anunci\u00f3 que se reestablecer\u00e1n los vuelos de la ruta Coyhaique &#8211; Chile Chico, que desde el pr\u00f3ximo lunes 24 de enero hasta el 15 de marzo realizar\u00e1 un viaje diario hasta la capital de la provincial del Lago General Carrera.<\/p>\n<p style=\"font-weight: 400; text-align: justify;\">La autoridad sectorial agreg\u00f3 que esta conectividad a\u00e9rea se mantendr\u00e1 en una segunda etapa:\u00a0\u201cA partir del 16 de marzo empieza la temporada baja que con tres frecuencias a la semana hasta el 15 de junio. Decidimos prolongarlo m\u00e1s all\u00e1 del 31 de mayo, fecha que hab\u00edamos informado inicialmente, entendiendo que \u00e9sta puede ser una alternativa que puedan usar los vecinos de Chile Chico hasta Coyhaique para conectar ambas ciudades, \u00e9ste es un trabajo que hemos realizado junto al alcalde de Chile Chico, Luperciano Mu\u00f1oz y tambi\u00e9n con la delegada provincial Vanessa V\u00e1squez\u201d.<\/p>\n<p style=\"font-weight: 400; text-align: justify;\">El valor de la tarifa de este servicio se mantendr\u00e1 en los 7 mil pesos. Los horarios de estos vuelos estar\u00e1n pr\u00f3ximamente disponibles en la p\u00e1gina de Facebook de la empresa Aerocord. Para compra de pasajes estar\u00e1 disponible el n\u00famero telef\u00f3nico 67 2246300.<\/p>\n<\/div><\/section><\/div><div  style='height:50px' class='hr hr-invisible   avia-builder-el-6  el_after_av_one_full  el_before_av_social_share '><span class='hr-inner ' ><span class='hr-inner-style'><\/span><\/span><\/div><\/p>\n<div  class='av-social-sharing-box  avia-builder-el-7  el_after_av_hr  el_before_av_hr  '><div class='av-share-box'><h5 class='av-share-link-description av-no-toc '>Compartir esta noticia<\/h5><ul class='av-share-box-list noLightbox'><li class='av-share-link av-social-link-facebook' ><a target=\"_blank\" aria-label=\"Compartir en Facebook\" href='https:\/\/www.facebook.com\/sharer.php?u=https:\/\/radiorevelacionfm.cl\/?p=13035&#038;t=A%20partir%20de%20este%2024%20de%20enero%20se%20reanuda%20subsidio%20de%20conectividad%20a%C3%A9rea%20Coyhaique%20%E2%80%93%20Chile%20Chico' aria-hidden='false' data-av_icon='\ue8f3' data-av_iconfont='entypo-fontello' title='' data-avia-related-tooltip='Compartir en Facebook' rel=\"noopener\"><span class='avia_hidden_link_text'>Compartir en Facebook<\/span><\/a><\/li><li class='av-share-link av-social-link-twitter' ><a target=\"_blank\" aria-label=\"Compartir en Twitter\" href='https:\/\/twitter.com\/share?text=A%20partir%20de%20este%2024%20de%20enero%20se%20reanuda%20subsidio%20de%20conectividad%20a%C3%A9rea%20Coyhaique%20%E2%80%93%20Chile%20Chico&#038;url=https:\/\/radiorevelacionfm.cl\/?p=13035' aria-hidden='false' data-av_icon='\ue8f1' data-av_iconfont='entypo-fontello' title='' data-avia-related-tooltip='Compartir en Twitter' rel=\"noopener\"><span class='avia_hidden_link_text'>Compartir en Twitter<\/span><\/a><\/li><li class='av-share-link av-social-link-whatsapp' ><a target=\"_blank\" aria-label=\"Compartir en Whatsapp\" href='https:\/\/api.whatsapp.com\/send?text=https:\/\/radiorevelacionfm.cl\/?p=13035' aria-hidden='false' data-av_icon='\uf232' data-av_iconfont='entypo-fontello' title='' data-avia-related-tooltip='Compartir en Whatsapp' rel=\"noopener\"><span class='avia_hidden_link_text'>Compartir en Whatsapp<\/span><\/a><\/li><li class='av-share-link av-social-link-linkedin' ><a target=\"_blank\" aria-label=\"Compartir en LinkedIn\" href='https:\/\/linkedin.com\/shareArticle?mini=true&#038;title=A%20partir%20de%20este%2024%20de%20enero%20se%20reanuda%20subsidio%20de%20conectividad%20a%C3%A9rea%20Coyhaique%20%E2%80%93%20Chile%20Chico&#038;url=https:\/\/radiorevelacionfm.cl\/?p=13035' aria-hidden='false' data-av_icon='\ue8fc' data-av_iconfont='entypo-fontello' title='' data-avia-related-tooltip='Compartir en LinkedIn' rel=\"noopener\"><span class='avia_hidden_link_text'>Compartir en LinkedIn<\/span><\/a><\/li><li class='av-share-link av-social-link-mail' ><a  aria-label=\"Compartir por correo\" href='mailto:?subject=A%20partir%20de%20este%2024%20de%20enero%20se%20reanuda%20subsidio%20de%20conectividad%20a%C3%A9rea%20Coyhaique%20%E2%80%93%20Chile%20Chico&#038;body=https:\/\/radiorevelacionfm.cl\/?p=13035' aria-hidden='false' data-av_icon='\ue805' data-av_iconfont='entypo-fontello' title='' data-avia-related-tooltip='Compartir por correo'><span class='avia_hidden_link_text'>Compartir por correo<\/span><\/a><\/li><\/ul><\/div><\/div>\n<div  style='height:50px' class='hr hr-invisible   avia-builder-el-8  el_after_av_social_share  el_before_av_comments_list '><span class='hr-inner ' ><span class='hr-inner-style'><\/span><\/span><\/div>\n<div  class='av-buildercomment  av-blog-meta-html-info-disabled av-blog-meta-tag-disabled  '><\/div>\n","protected":false},"excerpt":{"rendered":"","protected":false},"author":1,"featured_media":13036,"comment_status":"open","ping_status":"open","sticky":false,"template":"","format":"standard","meta":{"footnotes":""},"categories":[59],"tags":[],"class_list":["post-13035","post","type-post","status-publish","format-standard","has-post-thumbnail","hentry","category-transporte"],"jetpack_featured_media_url":"https:\/\/radiorevelacionfm.cl\/wp-content\/uploads\/2022\/01\/AEROCORD-1-1.jpg","_links":{"self":[{"href":"https:\/\/radiorevelacionfm.cl\/index.php?rest_route=\/wp\/v2\/posts\/13035","targetHints":{"allow":["GET"]}}],"collection":[{"href":"https:\/\/radiorevelacionfm.cl\/index.php?rest_route=\/wp\/v2\/posts"}],"about":[{"href":"https:\/\/radiorevelacionfm.cl\/index.php?rest_route=\/wp\/v2\/types\/post"}],"author":[{"embeddable":true,"href":"https:\/\/radiorevelacionfm.cl\/index.php?rest_route=\/wp\/v2\/users\/1"}],"replies":[{"embeddable":true,"href":"https:\/\/radiorevelacionfm.cl\/index.php?rest_route=%2Fwp%2Fv2%2Fcomments&post=13035"}],"version-history":[{"count":2,"href":"https:\/\/radiorevelacionfm.cl\/index.php?rest_route=\/wp\/v2\/posts\/13035\/revisions"}],"predecessor-version":[{"id":13038,"href":"https:\/\/radiorevelacionfm.cl\/index.php?rest_route=\/wp\/v2\/posts\/13035\/revisions\/13038"}],"wp:featuredmedia":[{"embeddable":true,"href":"https:\/\/radiorevelacionfm.cl\/index.php?rest_route=\/wp\/v2\/media\/13036"}],"wp:attachment":[{"href":"https:\/\/radiorevelacionfm.cl\/index.php?rest_route=%2Fwp%2Fv2%2Fmedia&parent=13035"}],"wp:term":[{"taxonomy":"category","embeddable":true,"href":"https:\/\/radiorevelacionfm.cl\/index.php?rest_route=%2Fwp%2Fv2%2Fcategories&post=13035"},{"taxonomy":"post_tag","embeddable":true,"href":"https:\/\/radiorevelacionfm.cl\/index.php?rest_route=%2Fwp%2Fv2%2Ftags&post=13035"}],"curies":[{"name":"wp","href":"https:\/\/api.w.org\/{rel}","templated":true}]}}