{"id":13029,"date":"2022-01-20T09:40:22","date_gmt":"2022-01-20T12:40:22","guid":{"rendered":"https:\/\/radiorevelacionfm.cl\/?p=13029"},"modified":"2022-01-20T09:40:22","modified_gmt":"2022-01-20T12:40:22","slug":"sandoval-valora-avance-del-proyecto-de-pension-garantizada-universal-pgu-en-el-senado","status":"publish","type":"post","link":"https:\/\/radiorevelacionfm.cl\/?p=13029","title":{"rendered":"Sandoval valora avance del proyecto de Pensi\u00f3n Garantizada Universal (PGU) en el Senado"},"content":{"rendered":"<div class=\"flex_column av_one_full  flex_column_div av-zero-column-padding first  avia-builder-el-0  el_before_av_one_full  avia-builder-el-first  \" style='border-radius:0px; '><div  class='avia-image-container  av-styling-    avia-builder-el-1  avia-builder-el-no-sibling  avia-align-center '  itemprop=\"image\" itemscope=\"itemscope\" itemtype=\"https:\/\/schema.org\/ImageObject\"  ><div class='avia-image-container-inner'><div class='avia-image-overlay-wrap'><img decoding=\"async\" class='wp-image-13030 avia-img-lazy-loading-not-13030 avia_image' src=\"https:\/\/radiorevelacionfm.cl\/wp-content\/uploads\/2022\/01\/SENADOR-SANDOVAL2-2-1-1.jpg\" alt='' title='SENADOR SANDOVAL2 (2) (1) (1)' height=\"600\" width=\"1084\"  itemprop=\"thumbnailUrl\" srcset=\"https:\/\/radiorevelacionfm.cl\/wp-content\/uploads\/2022\/01\/SENADOR-SANDOVAL2-2-1-1.jpg 1084w, https:\/\/radiorevelacionfm.cl\/wp-content\/uploads\/2022\/01\/SENADOR-SANDOVAL2-2-1-1-300x166.jpg 300w, https:\/\/radiorevelacionfm.cl\/wp-content\/uploads\/2022\/01\/SENADOR-SANDOVAL2-2-1-1-1030x570.jpg 1030w, https:\/\/radiorevelacionfm.cl\/wp-content\/uploads\/2022\/01\/SENADOR-SANDOVAL2-2-1-1-768x425.jpg 768w, https:\/\/radiorevelacionfm.cl\/wp-content\/uploads\/2022\/01\/SENADOR-SANDOVAL2-2-1-1-705x390.jpg 705w, https:\/\/radiorevelacionfm.cl\/wp-content\/uploads\/2022\/01\/SENADOR-SANDOVAL2-2-1-1-600x332.jpg 600w\" sizes=\"(max-width: 1084px) 100vw, 1084px\" \/><\/div><\/div><\/div><\/div><div class=\"flex_column av_one_full  flex_column_div av-zero-column-padding first  avia-builder-el-2  el_after_av_one_full  el_before_av_one_full  column-top-margin\" style='border-radius:0px; '><section class=\"av_textblock_section \"  itemscope=\"itemscope\" itemtype=\"https:\/\/schema.org\/BlogPosting\" itemprop=\"blogPost\" ><div class='avia_textblock  '   itemprop=\"text\" ><p style=\"text-align: center;\"><span style=\"font-size: 18pt;\"><strong>Sandoval valora avance del proyecto de Pensi\u00f3n Garantizada Universal (PGU) en el Senado<\/strong><\/span><\/p>\n<div id=\"gtx-trans\" style=\"position: absolute; left: -50px; top: 4.31534px;\">\n<div class=\"gtx-trans-icon\"><\/div>\n<\/div>\n<\/div><\/section><\/div><div class=\"flex_column av_one_full  flex_column_div av-zero-column-padding first  avia-builder-el-4  el_after_av_one_full  el_before_av_hr  column-top-margin\" style='border-radius:0px; '><section class=\"av_textblock_section \"  itemscope=\"itemscope\" itemtype=\"https:\/\/schema.org\/BlogPosting\" itemprop=\"blogPost\" ><div class='avia_textblock  '   itemprop=\"text\" ><p style=\"text-align: justify;\">Este mi\u00e9rcoles, la comisi\u00f3n de Trabajo del Senado aprob\u00f3 y despach\u00f3 el proyecto que crea una Pensi\u00f3n Garantizada Universal (PGU), la cual viene a reemplazar el Pilar Solidario.<\/p>\n<p style=\"text-align: justify;\">Al respecto, el senador David Sandoval, quien form\u00f3 parte de la discusi\u00f3n en dicha instancia parlamentaria, destac\u00f3 el avance que se produjo con el Ejecutivo, lo que permiti\u00f3 acotar las diferencias que hab\u00edan. \u201cSe acogieron pr\u00e1cticamente todas las acciones que se hab\u00edan manifestado, (por ejemplo) en materia de los menores de 18 a\u00f1os con alg\u00fan grado de dependencia. Nosotros habl\u00e1bamos de dependencia severa, pero el Ejecutivo agrega tambi\u00e9n aquellas personas con problemas sensoriales y otros, que abre una enorme expectativa. Es un m\u00ednimo reconocimiento el que hacemos\u201d, se\u00f1al\u00f3.<\/p>\n<p style=\"text-align: justify;\">Adem\u00e1s, el parlamentario precis\u00f3 que de despacharse la iniciativa durante el mes de enero, todas las personas que tienen aporte del Pilar Solidario, la diferencia lo van a recibir a partir del mes de febrero. \u201cY el resto de las personas, gente de clase media que no tiene aporte del Pilar Solidario, va a recibir \u00edntegramente los $185 mil\u201d, puntualiz\u00f3.<\/p>\n<p style=\"text-align: justify;\">Por ello, el legislador considera que este avance es una gran se\u00f1al, considerando a su juicio que la sociedad chilena tiene tres grandes demandas: pensiones, salud y vivienda. \u201cY aqu\u00ed nos estamos haciendo parte de una de ellas y que beneficia a 1,6 millones de chilenos y chilenas\u201d, subray\u00f3.<\/p>\n<p style=\"text-align: justify;\">Cabe recordar que la PGU, cuyo tr\u00e1mite pasa ahora a la comisi\u00f3n de Hacienda del Senado, donde se est\u00e1 analizando tambi\u00e9n el proyecto el financiamiento de la iniciativa, establece una pensi\u00f3n garantizada de $185 mil para el 80% de la poblaci\u00f3n m\u00e1s vulnerable, y para quienes se encuentren entre el 81 y 90% de mayor vulnerabilidad, el monto ir\u00e1 disminuyendo progresivamente a medida que el beneficiario se acerca al 90%, excluyendo solo al 10% de mayores ingresos.<\/p>\n<p style=\"text-align: justify;\">Finalmente, entre las indicaciones aprobadas hoy mi\u00e9rcoles destacan que el universo de beneficiarios por pensi\u00f3n de invalidez sube del 60% actual al 80%, aumenta a seis meses el plazo para que una persona pueda permanecer fuera del pa\u00eds recibiendo el beneficio, ampliar la cobertura de discapacidad mental y f\u00edsica y sensorial severa de menores de 18 a\u00f1os al 60% m\u00e1s vulnerable y retirar del texto la utilizaci\u00f3n del Fondo de Reserva de Pensiones (FRP) para financiar la medida.<\/p>\n<\/div><\/section><\/div><div  style='height:50px' class='hr hr-invisible   avia-builder-el-6  el_after_av_one_full  el_before_av_social_share '><span class='hr-inner ' ><span class='hr-inner-style'><\/span><\/span><\/div><\/p>\n<div  class='av-social-sharing-box  avia-builder-el-7  el_after_av_hr  el_before_av_hr  '><div class='av-share-box'><h5 class='av-share-link-description av-no-toc '>Compartir esta noticia<\/h5><ul class='av-share-box-list noLightbox'><li class='av-share-link av-social-link-facebook' ><a target=\"_blank\" aria-label=\"Compartir en Facebook\" href='https:\/\/www.facebook.com\/sharer.php?u=https:\/\/radiorevelacionfm.cl\/?p=13029&#038;t=Sandoval%20valora%20avance%20del%20proyecto%20de%20Pensi%C3%B3n%20Garantizada%20Universal%20%28PGU%29%20en%20el%20Senado' aria-hidden='false' data-av_icon='\ue8f3' data-av_iconfont='entypo-fontello' title='' data-avia-related-tooltip='Compartir en Facebook' rel=\"noopener\"><span class='avia_hidden_link_text'>Compartir en Facebook<\/span><\/a><\/li><li class='av-share-link av-social-link-twitter' ><a target=\"_blank\" aria-label=\"Compartir en Twitter\" href='https:\/\/twitter.com\/share?text=Sandoval%20valora%20avance%20del%20proyecto%20de%20Pensi%C3%B3n%20Garantizada%20Universal%20%28PGU%29%20en%20el%20Senado&#038;url=https:\/\/radiorevelacionfm.cl\/?p=13029' aria-hidden='false' data-av_icon='\ue8f1' data-av_iconfont='entypo-fontello' title='' data-avia-related-tooltip='Compartir en Twitter' rel=\"noopener\"><span class='avia_hidden_link_text'>Compartir en Twitter<\/span><\/a><\/li><li class='av-share-link av-social-link-whatsapp' ><a target=\"_blank\" aria-label=\"Compartir en Whatsapp\" href='https:\/\/api.whatsapp.com\/send?text=https:\/\/radiorevelacionfm.cl\/?p=13029' aria-hidden='false' data-av_icon='\uf232' data-av_iconfont='entypo-fontello' title='' data-avia-related-tooltip='Compartir en Whatsapp' rel=\"noopener\"><span class='avia_hidden_link_text'>Compartir en Whatsapp<\/span><\/a><\/li><li class='av-share-link av-social-link-linkedin' ><a target=\"_blank\" aria-label=\"Compartir en LinkedIn\" href='https:\/\/linkedin.com\/shareArticle?mini=true&#038;title=Sandoval%20valora%20avance%20del%20proyecto%20de%20Pensi%C3%B3n%20Garantizada%20Universal%20%28PGU%29%20en%20el%20Senado&#038;url=https:\/\/radiorevelacionfm.cl\/?p=13029' aria-hidden='false' data-av_icon='\ue8fc' data-av_iconfont='entypo-fontello' title='' data-avia-related-tooltip='Compartir en LinkedIn' rel=\"noopener\"><span class='avia_hidden_link_text'>Compartir en LinkedIn<\/span><\/a><\/li><li class='av-share-link av-social-link-mail' ><a  aria-label=\"Compartir por correo\" href='mailto:?subject=Sandoval%20valora%20avance%20del%20proyecto%20de%20Pensi%C3%B3n%20Garantizada%20Universal%20%28PGU%29%20en%20el%20Senado&#038;body=https:\/\/radiorevelacionfm.cl\/?p=13029' aria-hidden='false' data-av_icon='\ue805' data-av_iconfont='entypo-fontello' title='' data-avia-related-tooltip='Compartir por correo'><span class='avia_hidden_link_text'>Compartir por correo<\/span><\/a><\/li><\/ul><\/div><\/div>\n<div  style='height:50px' class='hr hr-invisible   avia-builder-el-8  el_after_av_social_share  el_before_av_comments_list '><span class='hr-inner ' ><span class='hr-inner-style'><\/span><\/span><\/div>\n<div  class='av-buildercomment  av-blog-meta-html-info-disabled av-blog-meta-tag-disabled  '><\/div>\n","protected":false},"excerpt":{"rendered":"","protected":false},"author":1,"featured_media":13030,"comment_status":"open","ping_status":"open","sticky":false,"template":"","format":"standard","meta":{"footnotes":""},"categories":[35],"tags":[],"class_list":["post-13029","post","type-post","status-publish","format-standard","has-post-thumbnail","hentry","category-politica"],"jetpack_featured_media_url":"https:\/\/radiorevelacionfm.cl\/wp-content\/uploads\/2022\/01\/SENADOR-SANDOVAL2-2-1-1.jpg","_links":{"self":[{"href":"https:\/\/radiorevelacionfm.cl\/index.php?rest_route=\/wp\/v2\/posts\/13029","targetHints":{"allow":["GET"]}}],"collection":[{"href":"https:\/\/radiorevelacionfm.cl\/index.php?rest_route=\/wp\/v2\/posts"}],"about":[{"href":"https:\/\/radiorevelacionfm.cl\/index.php?rest_route=\/wp\/v2\/types\/post"}],"author":[{"embeddable":true,"href":"https:\/\/radiorevelacionfm.cl\/index.php?rest_route=\/wp\/v2\/users\/1"}],"replies":[{"embeddable":true,"href":"https:\/\/radiorevelacionfm.cl\/index.php?rest_route=%2Fwp%2Fv2%2Fcomments&post=13029"}],"version-history":[{"count":2,"href":"https:\/\/radiorevelacionfm.cl\/index.php?rest_route=\/wp\/v2\/posts\/13029\/revisions"}],"predecessor-version":[{"id":13058,"href":"https:\/\/radiorevelacionfm.cl\/index.php?rest_route=\/wp\/v2\/posts\/13029\/revisions\/13058"}],"wp:featuredmedia":[{"embeddable":true,"href":"https:\/\/radiorevelacionfm.cl\/index.php?rest_route=\/wp\/v2\/media\/13030"}],"wp:attachment":[{"href":"https:\/\/radiorevelacionfm.cl\/index.php?rest_route=%2Fwp%2Fv2%2Fmedia&parent=13029"}],"wp:term":[{"taxonomy":"category","embeddable":true,"href":"https:\/\/radiorevelacionfm.cl\/index.php?rest_route=%2Fwp%2Fv2%2Fcategories&post=13029"},{"taxonomy":"post_tag","embeddable":true,"href":"https:\/\/radiorevelacionfm.cl\/index.php?rest_route=%2Fwp%2Fv2%2Ftags&post=13029"}],"curies":[{"name":"wp","href":"https:\/\/api.w.org\/{rel}","templated":true}]}}