{"id":13025,"date":"2022-01-19T16:21:26","date_gmt":"2022-01-19T19:21:26","guid":{"rendered":"https:\/\/radiorevelacionfm.cl\/?p=13025"},"modified":"2022-01-19T16:21:26","modified_gmt":"2022-01-19T19:21:26","slug":"camara-aprobo-iniciativa-impulsada-por-alinco-para-recurrir-al-tribunal-constitucional-por-licitacion-del-litio","status":"publish","type":"post","link":"https:\/\/radiorevelacionfm.cl\/?p=13025","title":{"rendered":"C\u00e1mara aprob\u00f3 iniciativa impulsada por Alinco para recurrir al Tribunal Constitucional por licitaci\u00f3n del litio"},"content":{"rendered":"<div class=\"flex_column av_one_full  flex_column_div av-zero-column-padding first  avia-builder-el-0  el_before_av_one_full  avia-builder-el-first  \" style='border-radius:0px; '><div  class='avia-image-container  av-styling-    avia-builder-el-1  avia-builder-el-no-sibling  avia-align-center '  itemprop=\"image\" itemscope=\"itemscope\" itemtype=\"https:\/\/schema.org\/ImageObject\"  ><div class='avia-image-container-inner'><div class='avia-image-overlay-wrap'><img decoding=\"async\" class='wp-image-13026 avia-img-lazy-loading-not-13026 avia_image' src=\"https:\/\/radiorevelacionfm.cl\/wp-content\/uploads\/2022\/01\/foto-litio-1-1.jpeg\" alt='' title='foto litio (1) (1)' height=\"600\" width=\"800\"  itemprop=\"thumbnailUrl\" srcset=\"https:\/\/radiorevelacionfm.cl\/wp-content\/uploads\/2022\/01\/foto-litio-1-1.jpeg 800w, https:\/\/radiorevelacionfm.cl\/wp-content\/uploads\/2022\/01\/foto-litio-1-1-300x225.jpeg 300w, https:\/\/radiorevelacionfm.cl\/wp-content\/uploads\/2022\/01\/foto-litio-1-1-768x576.jpeg 768w, https:\/\/radiorevelacionfm.cl\/wp-content\/uploads\/2022\/01\/foto-litio-1-1-705x529.jpeg 705w, https:\/\/radiorevelacionfm.cl\/wp-content\/uploads\/2022\/01\/foto-litio-1-1-600x450.jpeg 600w\" sizes=\"(max-width: 800px) 100vw, 800px\" \/><\/div><\/div><\/div><\/div><div class=\"flex_column av_one_full  flex_column_div av-zero-column-padding first  avia-builder-el-2  el_after_av_one_full  el_before_av_one_full  column-top-margin\" style='border-radius:0px; '><section class=\"av_textblock_section \"  itemscope=\"itemscope\" itemtype=\"https:\/\/schema.org\/BlogPosting\" itemprop=\"blogPost\" ><div class='avia_textblock  '   itemprop=\"text\" ><p style=\"text-align: center;\"><strong><span style=\"font-size: 18pt;\">C\u00e1mara aprob\u00f3 iniciativa impulsada por Alinco para recurrir al Tribunal Constitucional por licitaci\u00f3n del litio<\/span><\/strong><\/p>\n<div id=\"gtx-trans\" style=\"position: absolute; left: -50px; top: 4.31534px;\">\n<div class=\"gtx-trans-icon\"><\/div>\n<\/div>\n<\/div><\/section><\/div><div class=\"flex_column av_one_full  flex_column_div av-zero-column-padding first  avia-builder-el-4  el_after_av_one_full  el_before_av_hr  column-top-margin\" style='border-radius:0px; '><section class=\"av_textblock_section \"  itemscope=\"itemscope\" itemtype=\"https:\/\/schema.org\/BlogPosting\" itemprop=\"blogPost\" ><div class='avia_textblock  '   itemprop=\"text\" ><p style=\"text-align: justify;\">Durante la ma\u00f1ana de ayer la C\u00e1mara de Diputadas y Diputados aprob\u00f3 el acuerdo para recurrir al Tribunal Constitucional con el objeto de que se declare inconstitucional el decreto de licitaci\u00f3n del litio. El requerimiento fue presentado por su principal impulsor, el parlamentario Ren\u00e9 Alinco Bustos junto a un grupo de parlamentarios y parlamentarias de diversas bancadas de oposici\u00f3n.<\/p>\n<p style=\"text-align: justify;\">En ese contexto, el parlamentario sostuvo que \u201cun grupo de diputados de diversas bancadas hemos solicitado a la C\u00e1mara que como cuerpo, como instancia de poder pol\u00edtico de nuestro pa\u00eds, se haga una presentaci\u00f3n sobre las irregularidades que se han cometido durante el proceso de licitaci\u00f3n del litio\u00bb, explic\u00f3 Alinco, agregando que \u00abla obligaci\u00f3n nuestra como diputados y diputadas es defender los intereses de la patria, las riquezas naturales de Chile, por eso de ahora en adelante producto de esta votaci\u00f3n con amplia mayor\u00eda, ser\u00e1 la Corporaci\u00f3n la que recurrir\u00e1 al Tribunal Constitucional. Estamos muy satisfechos con esta votaci\u00f3n, porque podemos decir que la C\u00e1mara se puso las pilas, y va a defender los intereses de todos los chilenos y chilenas hasta las \u00faltimas consecuencias\u00bb.<\/p>\n<p style=\"text-align: justify;\">Seg\u00fan el documento aprobado y que permitir\u00e1 que la C\u00e1mara lleve al TC el decreto de licitaci\u00f3n del litio, existen tres principios que se ver\u00edan afectados. El primero de ello es la vulneraci\u00f3n al art\u00edculo 19 n\u00famero 24 de la Constituci\u00f3n, que se\u00f1ala que la propiedad afectada con el llamado a licitaci\u00f3n para la explotaci\u00f3n de 400 mil toneladas de litio afecta directamente el patrimonio de todos los chilenos, debido a que las grandes reservas mundiales del litio se encuentran en nuestro pa\u00eds. En segundo lugar, se argumenta la ausencia de fiscalizaci\u00f3n y supervisi\u00f3n de la utilidad operacional; y en tercer lugar, que el proceso de Licitaci\u00f3n del Litio consiste en una verdadera amenaza para los intereses de la naci\u00f3n. Por todo lo anterior, se solicita \u00abdisponer de inmediato la suspensi\u00f3n del proceso de licitaci\u00f3n\u00bb.<\/p>\n<p style=\"text-align: justify;\">Es importante mencionar que quienes presentaron este requerimiento son los diputados y diputadas Ren\u00e9 Alinco (Independiente), F\u00e9lix Gonz\u00e1lez (Ecologista Verde), Esteban Vel\u00e1squez (FRVS), Jaime Mulet (FRVS), Luis Rocafull (PS), Ra\u00fal Sald\u00edvar (PS), Daniel Verdessi (DC), Tucapel Jim\u00e9nez (PPD), Ra\u00fal Soto (PPD), Alejandra Sep\u00falveda (FRVS), Gast\u00f3n Saavedra (PS), Daniel N\u00fa\u00f1ez (PC) y Carolina Marz\u00e1n (PPD).<\/p>\n<\/div><\/section><\/div><div  style='height:50px' class='hr hr-invisible   avia-builder-el-6  el_after_av_one_full  el_before_av_social_share '><span class='hr-inner ' ><span class='hr-inner-style'><\/span><\/span><\/div><\/p>\n<div  class='av-social-sharing-box  avia-builder-el-7  el_after_av_hr  el_before_av_hr  '><div class='av-share-box'><h5 class='av-share-link-description av-no-toc '>Compartir esta noticia<\/h5><ul class='av-share-box-list noLightbox'><li class='av-share-link av-social-link-facebook' ><a target=\"_blank\" aria-label=\"Compartir en Facebook\" href='https:\/\/www.facebook.com\/sharer.php?u=https:\/\/radiorevelacionfm.cl\/?p=13025&#038;t=C%C3%A1mara%20aprob%C3%B3%20iniciativa%20impulsada%20por%20Alinco%20para%20recurrir%20al%20Tribunal%20Constitucional%20por%20licitaci%C3%B3n%20del%20litio' aria-hidden='false' data-av_icon='\ue8f3' data-av_iconfont='entypo-fontello' title='' data-avia-related-tooltip='Compartir en Facebook' rel=\"noopener\"><span class='avia_hidden_link_text'>Compartir en Facebook<\/span><\/a><\/li><li class='av-share-link av-social-link-twitter' ><a target=\"_blank\" aria-label=\"Compartir en Twitter\" href='https:\/\/twitter.com\/share?text=C%C3%A1mara%20aprob%C3%B3%20iniciativa%20impulsada%20por%20Alinco%20para%20recurrir%20al%20Tribunal%20Constitucional%20por%20licitaci%C3%B3n%20del%20litio&#038;url=https:\/\/radiorevelacionfm.cl\/?p=13025' aria-hidden='false' data-av_icon='\ue8f1' data-av_iconfont='entypo-fontello' title='' data-avia-related-tooltip='Compartir en Twitter' rel=\"noopener\"><span class='avia_hidden_link_text'>Compartir en Twitter<\/span><\/a><\/li><li class='av-share-link av-social-link-whatsapp' ><a target=\"_blank\" aria-label=\"Compartir en Whatsapp\" href='https:\/\/api.whatsapp.com\/send?text=https:\/\/radiorevelacionfm.cl\/?p=13025' aria-hidden='false' data-av_icon='\uf232' data-av_iconfont='entypo-fontello' title='' data-avia-related-tooltip='Compartir en Whatsapp' rel=\"noopener\"><span class='avia_hidden_link_text'>Compartir en Whatsapp<\/span><\/a><\/li><li class='av-share-link av-social-link-linkedin' ><a target=\"_blank\" aria-label=\"Compartir en LinkedIn\" href='https:\/\/linkedin.com\/shareArticle?mini=true&#038;title=C%C3%A1mara%20aprob%C3%B3%20iniciativa%20impulsada%20por%20Alinco%20para%20recurrir%20al%20Tribunal%20Constitucional%20por%20licitaci%C3%B3n%20del%20litio&#038;url=https:\/\/radiorevelacionfm.cl\/?p=13025' aria-hidden='false' data-av_icon='\ue8fc' data-av_iconfont='entypo-fontello' title='' data-avia-related-tooltip='Compartir en LinkedIn' rel=\"noopener\"><span class='avia_hidden_link_text'>Compartir en LinkedIn<\/span><\/a><\/li><li class='av-share-link av-social-link-mail' ><a  aria-label=\"Compartir por correo\" href='mailto:?subject=C%C3%A1mara%20aprob%C3%B3%20iniciativa%20impulsada%20por%20Alinco%20para%20recurrir%20al%20Tribunal%20Constitucional%20por%20licitaci%C3%B3n%20del%20litio&#038;body=https:\/\/radiorevelacionfm.cl\/?p=13025' aria-hidden='false' data-av_icon='\ue805' data-av_iconfont='entypo-fontello' title='' data-avia-related-tooltip='Compartir por correo'><span class='avia_hidden_link_text'>Compartir por correo<\/span><\/a><\/li><\/ul><\/div><\/div>\n<div  style='height:50px' class='hr hr-invisible   avia-builder-el-8  el_after_av_social_share  el_before_av_comments_list '><span class='hr-inner ' ><span class='hr-inner-style'><\/span><\/span><\/div>\n<div  class='av-buildercomment  av-blog-meta-html-info-disabled av-blog-meta-tag-disabled  '><\/div>\n","protected":false},"excerpt":{"rendered":"","protected":false},"author":1,"featured_media":13026,"comment_status":"open","ping_status":"open","sticky":false,"template":"","format":"standard","meta":{"footnotes":""},"categories":[35],"tags":[],"class_list":["post-13025","post","type-post","status-publish","format-standard","has-post-thumbnail","hentry","category-politica"],"jetpack_featured_media_url":"https:\/\/radiorevelacionfm.cl\/wp-content\/uploads\/2022\/01\/foto-litio-1-1.jpeg","_links":{"self":[{"href":"https:\/\/radiorevelacionfm.cl\/index.php?rest_route=\/wp\/v2\/posts\/13025","targetHints":{"allow":["GET"]}}],"collection":[{"href":"https:\/\/radiorevelacionfm.cl\/index.php?rest_route=\/wp\/v2\/posts"}],"about":[{"href":"https:\/\/radiorevelacionfm.cl\/index.php?rest_route=\/wp\/v2\/types\/post"}],"author":[{"embeddable":true,"href":"https:\/\/radiorevelacionfm.cl\/index.php?rest_route=\/wp\/v2\/users\/1"}],"replies":[{"embeddable":true,"href":"https:\/\/radiorevelacionfm.cl\/index.php?rest_route=%2Fwp%2Fv2%2Fcomments&post=13025"}],"version-history":[{"count":2,"href":"https:\/\/radiorevelacionfm.cl\/index.php?rest_route=\/wp\/v2\/posts\/13025\/revisions"}],"predecessor-version":[{"id":13028,"href":"https:\/\/radiorevelacionfm.cl\/index.php?rest_route=\/wp\/v2\/posts\/13025\/revisions\/13028"}],"wp:featuredmedia":[{"embeddable":true,"href":"https:\/\/radiorevelacionfm.cl\/index.php?rest_route=\/wp\/v2\/media\/13026"}],"wp:attachment":[{"href":"https:\/\/radiorevelacionfm.cl\/index.php?rest_route=%2Fwp%2Fv2%2Fmedia&parent=13025"}],"wp:term":[{"taxonomy":"category","embeddable":true,"href":"https:\/\/radiorevelacionfm.cl\/index.php?rest_route=%2Fwp%2Fv2%2Fcategories&post=13025"},{"taxonomy":"post_tag","embeddable":true,"href":"https:\/\/radiorevelacionfm.cl\/index.php?rest_route=%2Fwp%2Fv2%2Ftags&post=13025"}],"curies":[{"name":"wp","href":"https:\/\/api.w.org\/{rel}","templated":true}]}}