{"id":13022,"date":"2022-01-19T17:13:37","date_gmt":"2022-01-19T20:13:37","guid":{"rendered":"https:\/\/radiorevelacionfm.cl\/?p=13022"},"modified":"2022-01-19T17:13:37","modified_gmt":"2022-01-19T20:13:37","slug":"participantes-realizan-exitosa-evaluacion-de-las-terceras-jornadas-musicales-de-verano-en-aysen","status":"publish","type":"post","link":"https:\/\/radiorevelacionfm.cl\/?p=13022","title":{"rendered":"Participantes realizan exitosa evaluaci\u00f3n de las terceras jornadas musicales de verano en Ays\u00e9n"},"content":{"rendered":"<div class=\"flex_column av_one_full  flex_column_div av-zero-column-padding first  avia-builder-el-0  el_before_av_one_full  avia-builder-el-first  \" style='border-radius:0px; '><div  class='avia-image-container  av-styling-    avia-builder-el-1  avia-builder-el-no-sibling  avia-align-center '  itemprop=\"image\" itemscope=\"itemscope\" itemtype=\"https:\/\/schema.org\/ImageObject\"  ><div class='avia-image-container-inner'><div class='avia-image-overlay-wrap'><img decoding=\"async\" class='wp-image-13023 avia-img-lazy-loading-not-13023 avia_image' src=\"https:\/\/radiorevelacionfm.cl\/wp-content\/uploads\/2022\/01\/Jornadas-Musicales-1-1.jpg\" alt='' title='Jornadas Musicales (1) (1)' height=\"600\" width=\"800\"  itemprop=\"thumbnailUrl\" srcset=\"https:\/\/radiorevelacionfm.cl\/wp-content\/uploads\/2022\/01\/Jornadas-Musicales-1-1.jpg 800w, https:\/\/radiorevelacionfm.cl\/wp-content\/uploads\/2022\/01\/Jornadas-Musicales-1-1-300x225.jpg 300w, https:\/\/radiorevelacionfm.cl\/wp-content\/uploads\/2022\/01\/Jornadas-Musicales-1-1-768x576.jpg 768w, https:\/\/radiorevelacionfm.cl\/wp-content\/uploads\/2022\/01\/Jornadas-Musicales-1-1-705x529.jpg 705w, https:\/\/radiorevelacionfm.cl\/wp-content\/uploads\/2022\/01\/Jornadas-Musicales-1-1-600x450.jpg 600w\" sizes=\"(max-width: 800px) 100vw, 800px\" \/><\/div><\/div><\/div><\/div><div class=\"flex_column av_one_full  flex_column_div av-zero-column-padding first  avia-builder-el-2  el_after_av_one_full  el_before_av_one_full  column-top-margin\" style='border-radius:0px; '><section class=\"av_textblock_section \"  itemscope=\"itemscope\" itemtype=\"https:\/\/schema.org\/BlogPosting\" itemprop=\"blogPost\" ><div class='avia_textblock  '   itemprop=\"text\" ><p style=\"text-align: center;\"><span style=\"font-size: 18pt;\"><strong>Participantes realizan exitosa evaluaci\u00f3n de las terceras jornadas musicales de verano en Ays\u00e9n<\/strong><\/span><\/p>\n<div id=\"gtx-trans\" style=\"position: absolute; left: -50px; top: 4.31534px;\">\n<div class=\"gtx-trans-icon\"><\/div>\n<\/div>\n<\/div><\/section><\/div><div class=\"flex_column av_one_full  flex_column_div av-zero-column-padding first  avia-builder-el-4  el_after_av_one_full  el_before_av_hr  column-top-margin\" style='border-radius:0px; '><section class=\"av_textblock_section \"  itemscope=\"itemscope\" itemtype=\"https:\/\/schema.org\/BlogPosting\" itemprop=\"blogPost\" ><div class='avia_textblock  '   itemprop=\"text\" ><p style=\"text-align: justify;\">Felices se encuentran todos quienes integran la Orquesta Escolar Comunal que, tras tres semanas intensas, este viernes culmina las Jornadas Musicales Veraniegas de Ays\u00e9n, en su tercera temporada.<\/p>\n<p style=\"text-align: justify;\">Talleres de viola, viol\u00edn y violonchelo -a cargo de los profesores de m\u00fasica Valeska Herrera, M\u00f3nica Rojas y Walter Rathgeb, respectivamente-, se llevaron a cabo durante el mes de enero, dirigidos especialmente a los alumnos de la Orquesta, con el objetivo de entregar alguna alternativa de recreaci\u00f3n a quienes no pudieron salir de vacaciones, asimismo, potenciar y perfeccionar las habilidades musicales de los integrantes del cuadro musical, procedentes de Puerto Ays\u00e9n, Villa Ma\u00f1ihuales y Puerto Chacabuco.<\/p>\n<p style=\"text-align: justify;\">La instancia se desarroll\u00f3 en dependencias de la escuela B\u00e1sica Ribera Sur en la capital comunal, en la que participaron cerca de 50 ni\u00f1os y j\u00f3venes de los diversos establecimientos educacionales municipalizados, algunos de ellos por primera vez, otros en tanto, ya habiendo participado de las anteriores versiones.<\/p>\n<p style=\"text-align: justify;\">\u201cMe siento muy emocionada la verdad, creo que hemos hecho un s\u00faper buen trabajo, tenemos un s\u00faper buen equipo, hemos estado con los ni\u00f1os, mucho aprendizaje, muchas horas, mucho entusiasmo de parte de ellos, as\u00ed que s\u00faper felices de poder compartir con ellos nuestros conocimientos. Esto ha sido tambi\u00e9n, y esperamos que sea as\u00ed, un descanso para los pap\u00e1s, entregarles una opci\u00f3n durante el verano. Los chicos ya se van, pero con muchas ganas de seguir, y continuar durante el mes de marzo\u201d, manifest\u00f3 la profesora M\u00f3nica Rojas.<\/p>\n<p style=\"text-align: justify;\">Por su parte, la tambi\u00e9n profesora de m\u00fasica, a cargo de las clases de viola, catalog\u00f3 eta experiencia como enriquecedora, agradeciendo el apoyo del municipio a trav\u00e9s del DEM y, principalmente, de los padres y apoderados que se han comprometido por desarrollar el talento de sus hijos mediante esta posibilidad veraniega. \u201cMe siento con el coraz\u00f3n llenito, s\u00faper satisfecha con el trabajo que hicimos. Los chicos se portaron incre\u00edble, tuvimos un gran desempe\u00f1o de todos, que hemos ido viendo a concierto a concierto, estoy super agradecida de esta posibilidad, sobre todo de nuestros ni\u00f1os que siempre respondieron de la mejor forma a todo lo que se les solicit\u00f3\u201d.<\/p>\n<p style=\"text-align: justify;\">Los ni\u00f1os tambi\u00e9n tuvieron palabras respecto a las jornadas que, a juicio, de Josefa Larenas, estudiante de sexto a\u00f1o de la escuela Litoral Austral, han sido \u201cmuy entretenidas, divertidas e interesantes. Estuve antes participando y me gustan mucho. Me encanta poder aprender a tocar canciones. As\u00ed que ahora continuar\u00e9 mi verano practicando y adem\u00e1s pas\u00e1ndola bien\u201d.<\/p>\n<p style=\"text-align: justify;\">Fernanda Licanqueo, alumna de quinto a\u00f1o b\u00e1sico de la escuela Almirante Simpson, quien viaja diariamente para llegar hasta sus clases de viol\u00edn indic\u00f3 que \u201caqu\u00ed aprendo mucho, puedo adem\u00e1s compartir con otros ni\u00f1os. A veces me daba un poco flojera levantarme, pero en general son m\u00e1s las veces que quiero venir. En febrero vamos a practicar en mi casa con mi hermano, que tambi\u00e9n toca el viol\u00edn, nos gusta mucho tocar este instrumento\u201d.<\/p>\n<p style=\"text-align: justify;\"><strong>Chelo Fest<\/strong><\/p>\n<p style=\"text-align: justify;\">Ansiosos se encuentran los estudiantes que componen el taller de violonchelo, a cargo de Walter Rathgeb, quienes este jueves 20 y hasta el d\u00eda domingo 23 participar\u00e1n del Festival Internacional Patagonia Chelo Fest. Evento que congregar\u00e1 a los m\u00fasicos e instrumentistas m\u00e1s destacados del pa\u00eds y el orbe, reuniendo a exponentes de Chile, Jap\u00f3n, Espa\u00f1a, Alemania y Brasil en un solo punto, y donde los ni\u00f1os de la Orquesta Escolar Comunal se har\u00e1n parte.<\/p>\n<p style=\"text-align: justify;\">\u201cEstamos s\u00faper contentos, los ni\u00f1os est\u00e1n muy entusiasmados, est\u00e1n ansiosos, y aunque les he explicado todo, aun as\u00ed, es algo desconocido para ellos. La gracia de este festival que es que es el \u00fanico certamen de violonchelos que hay en chile, De hecho, no hay un festival de violines o de violas, por tanto, es muy importante\u201d, explic\u00f3 Rathgeb Ampuero, agregando que \u201cla versi\u00f3n del 2019 fue la m\u00e1s destacada, pero luego lleg\u00f3 la pandemia, vinieron las restricciones, entonces no se pudo volver a hacer presencial hasta este a\u00f1o. Ellos se van a poder entremezclar con otros chicos que vienen de todos lados, entonces va a ser una riqueza tremenda la que van a tener durante estos cuatro d\u00edas, mucha interculturalidad. No ser\u00e1n los mismos en su sala de clases con su profesor, sino que van a estar con otros ni\u00f1os, que tienen otras experiencias y conocimientos. El contacto con toda esta amplia gama de niveles y personas les va a hacer muy bien, los va a potenciar y les va a abrir otro mundo\u201d.<\/p>\n<p style=\"text-align: justify;\">Al respecto, la delegaci\u00f3n viajar\u00e1 hasta Coyhaique al evento musical, para tomarse el escenario durante la clausura el d\u00eda domingo, y as\u00ed atesorar este momento tan importante, tanto para los profesores y, especialmente, los ni\u00f1os y sus familias. \u201cEl Chelo Fest me parece entretenido, tenemos muchas ganas de ir y conocer gente, vivir esta oportunidad, Creo que trataremos de no podernos nerviosos al tocar y hacer lo mejor posible\u201d, finaliz\u00f3 el violonchelista de quinto a\u00f1o de la escuela Litoral Austral, Alonso Quel\u00edn, sobre esta invitaci\u00f3n de la organizaci\u00f3n del Certamen Internacional a la Orquesta Escolar Comunal de Ays\u00e9n.<\/p>\n<\/div><\/section><\/div><div  style='height:50px' class='hr hr-invisible   avia-builder-el-6  el_after_av_one_full  el_before_av_social_share '><span class='hr-inner ' ><span class='hr-inner-style'><\/span><\/span><\/div><\/p>\n<div  class='av-social-sharing-box  avia-builder-el-7  el_after_av_hr  el_before_av_hr  '><div class='av-share-box'><h5 class='av-share-link-description av-no-toc '>Compartir esta noticia<\/h5><ul class='av-share-box-list noLightbox'><li class='av-share-link av-social-link-facebook' ><a target=\"_blank\" aria-label=\"Compartir en Facebook\" href='https:\/\/www.facebook.com\/sharer.php?u=https:\/\/radiorevelacionfm.cl\/?p=13022&#038;t=Participantes%20realizan%20exitosa%20evaluaci%C3%B3n%20de%20las%20terceras%20jornadas%20musicales%20de%20verano%20en%20Ays%C3%A9n' aria-hidden='false' data-av_icon='\ue8f3' data-av_iconfont='entypo-fontello' title='' data-avia-related-tooltip='Compartir en Facebook' rel=\"noopener\"><span class='avia_hidden_link_text'>Compartir en Facebook<\/span><\/a><\/li><li class='av-share-link av-social-link-twitter' ><a target=\"_blank\" aria-label=\"Compartir en Twitter\" href='https:\/\/twitter.com\/share?text=Participantes%20realizan%20exitosa%20evaluaci%C3%B3n%20de%20las%20terceras%20jornadas%20musicales%20de%20verano%20en%20Ays%C3%A9n&#038;url=https:\/\/radiorevelacionfm.cl\/?p=13022' aria-hidden='false' data-av_icon='\ue8f1' data-av_iconfont='entypo-fontello' title='' data-avia-related-tooltip='Compartir en Twitter' rel=\"noopener\"><span class='avia_hidden_link_text'>Compartir en Twitter<\/span><\/a><\/li><li class='av-share-link av-social-link-whatsapp' ><a target=\"_blank\" aria-label=\"Compartir en Whatsapp\" href='https:\/\/api.whatsapp.com\/send?text=https:\/\/radiorevelacionfm.cl\/?p=13022' aria-hidden='false' data-av_icon='\uf232' data-av_iconfont='entypo-fontello' title='' data-avia-related-tooltip='Compartir en Whatsapp' rel=\"noopener\"><span class='avia_hidden_link_text'>Compartir en Whatsapp<\/span><\/a><\/li><li class='av-share-link av-social-link-linkedin' ><a target=\"_blank\" aria-label=\"Compartir en LinkedIn\" href='https:\/\/linkedin.com\/shareArticle?mini=true&#038;title=Participantes%20realizan%20exitosa%20evaluaci%C3%B3n%20de%20las%20terceras%20jornadas%20musicales%20de%20verano%20en%20Ays%C3%A9n&#038;url=https:\/\/radiorevelacionfm.cl\/?p=13022' aria-hidden='false' data-av_icon='\ue8fc' data-av_iconfont='entypo-fontello' title='' data-avia-related-tooltip='Compartir en LinkedIn' rel=\"noopener\"><span class='avia_hidden_link_text'>Compartir en LinkedIn<\/span><\/a><\/li><li class='av-share-link av-social-link-mail' ><a  aria-label=\"Compartir por correo\" href='mailto:?subject=Participantes%20realizan%20exitosa%20evaluaci%C3%B3n%20de%20las%20terceras%20jornadas%20musicales%20de%20verano%20en%20Ays%C3%A9n&#038;body=https:\/\/radiorevelacionfm.cl\/?p=13022' aria-hidden='false' data-av_icon='\ue805' data-av_iconfont='entypo-fontello' title='' data-avia-related-tooltip='Compartir por correo'><span class='avia_hidden_link_text'>Compartir por correo<\/span><\/a><\/li><\/ul><\/div><\/div>\n<div  style='height:50px' class='hr hr-invisible   avia-builder-el-8  el_after_av_social_share  el_before_av_comments_list '><span class='hr-inner ' ><span class='hr-inner-style'><\/span><\/span><\/div>\n<div  class='av-buildercomment  av-blog-meta-html-info-disabled av-blog-meta-tag-disabled  '><\/div>\n","protected":false},"excerpt":{"rendered":"","protected":false},"author":1,"featured_media":13023,"comment_status":"open","ping_status":"open","sticky":false,"template":"","format":"standard","meta":{"footnotes":""},"categories":[38],"tags":[],"class_list":["post-13022","post","type-post","status-publish","format-standard","has-post-thumbnail","hentry","category-regional"],"jetpack_featured_media_url":"https:\/\/radiorevelacionfm.cl\/wp-content\/uploads\/2022\/01\/Jornadas-Musicales-1-1.jpg","_links":{"self":[{"href":"https:\/\/radiorevelacionfm.cl\/index.php?rest_route=\/wp\/v2\/posts\/13022","targetHints":{"allow":["GET"]}}],"collection":[{"href":"https:\/\/radiorevelacionfm.cl\/index.php?rest_route=\/wp\/v2\/posts"}],"about":[{"href":"https:\/\/radiorevelacionfm.cl\/index.php?rest_route=\/wp\/v2\/types\/post"}],"author":[{"embeddable":true,"href":"https:\/\/radiorevelacionfm.cl\/index.php?rest_route=\/wp\/v2\/users\/1"}],"replies":[{"embeddable":true,"href":"https:\/\/radiorevelacionfm.cl\/index.php?rest_route=%2Fwp%2Fv2%2Fcomments&post=13022"}],"version-history":[{"count":2,"href":"https:\/\/radiorevelacionfm.cl\/index.php?rest_route=\/wp\/v2\/posts\/13022\/revisions"}],"predecessor-version":[{"id":13042,"href":"https:\/\/radiorevelacionfm.cl\/index.php?rest_route=\/wp\/v2\/posts\/13022\/revisions\/13042"}],"wp:featuredmedia":[{"embeddable":true,"href":"https:\/\/radiorevelacionfm.cl\/index.php?rest_route=\/wp\/v2\/media\/13023"}],"wp:attachment":[{"href":"https:\/\/radiorevelacionfm.cl\/index.php?rest_route=%2Fwp%2Fv2%2Fmedia&parent=13022"}],"wp:term":[{"taxonomy":"category","embeddable":true,"href":"https:\/\/radiorevelacionfm.cl\/index.php?rest_route=%2Fwp%2Fv2%2Fcategories&post=13022"},{"taxonomy":"post_tag","embeddable":true,"href":"https:\/\/radiorevelacionfm.cl\/index.php?rest_route=%2Fwp%2Fv2%2Ftags&post=13022"}],"curies":[{"name":"wp","href":"https:\/\/api.w.org\/{rel}","templated":true}]}}