{"id":13018,"date":"2022-01-19T15:04:07","date_gmt":"2022-01-19T18:04:07","guid":{"rendered":"https:\/\/radiorevelacionfm.cl\/?p=13018"},"modified":"2022-01-19T17:15:16","modified_gmt":"2022-01-19T20:15:16","slug":"gobernadora-hizo-sentir-su-malestar-ante-improvisada-visita-del-presidente-pinera-a-la-region-de-aysen","status":"publish","type":"post","link":"https:\/\/radiorevelacionfm.cl\/?p=13018","title":{"rendered":"Gobernadora hizo sentir su malestar ante improvisada visita del Presidente Pi\u00f1era a la regi\u00f3n de Ays\u00e9n"},"content":{"rendered":"<div class=\"flex_column av_one_full  flex_column_div av-zero-column-padding first  avia-builder-el-0  el_before_av_one_full  avia-builder-el-first  \" style='border-radius:0px; '><div  class='avia-image-container  av-styling-    avia-builder-el-1  avia-builder-el-no-sibling  avia-align-center '  itemprop=\"image\" itemscope=\"itemscope\" itemtype=\"https:\/\/schema.org\/ImageObject\"  ><div class='avia-image-container-inner'><div class='avia-image-overlay-wrap'><img decoding=\"async\" class='wp-image-8388 avia-img-lazy-loading-not-8388 avia_image' src=\"https:\/\/radiorevelacionfm.cl\/wp-content\/uploads\/2021\/09\/gobernadora1-1-1.jpg\" alt='' title='gobernadora1 (1) (1)' height=\"600\" width=\"1017\"  itemprop=\"thumbnailUrl\" srcset=\"https:\/\/radiorevelacionfm.cl\/wp-content\/uploads\/2021\/09\/gobernadora1-1-1.jpg 1017w, https:\/\/radiorevelacionfm.cl\/wp-content\/uploads\/2021\/09\/gobernadora1-1-1-300x177.jpg 300w, https:\/\/radiorevelacionfm.cl\/wp-content\/uploads\/2021\/09\/gobernadora1-1-1-768x453.jpg 768w, https:\/\/radiorevelacionfm.cl\/wp-content\/uploads\/2021\/09\/gobernadora1-1-1-705x416.jpg 705w, https:\/\/radiorevelacionfm.cl\/wp-content\/uploads\/2021\/09\/gobernadora1-1-1-600x354.jpg 600w\" sizes=\"(max-width: 1017px) 100vw, 1017px\" \/><\/div><\/div><\/div><\/div>\n<div class=\"flex_column av_one_full  flex_column_div av-zero-column-padding first  avia-builder-el-2  el_after_av_one_full  el_before_av_one_full  column-top-margin\" style='border-radius:0px; '><section class=\"av_textblock_section \"  itemscope=\"itemscope\" itemtype=\"https:\/\/schema.org\/BlogPosting\" itemprop=\"blogPost\" ><div class='avia_textblock  '   itemprop=\"text\" ><p style=\"text-align: center;\"><strong><span style=\"font-size: 18pt;\">Gobernadora hizo sentir su malestar ante improvisada visita del Presidente Pi\u00f1era a la regi\u00f3n de Ays\u00e9n<\/span><\/strong><\/p>\n<div id=\"gtx-trans\" style=\"position: absolute; left: -50px; top: 4.31534px;\">\n<div class=\"gtx-trans-icon\"><\/div>\n<\/div>\n<\/div><\/section><\/div>\n<div class=\"flex_column av_one_full  flex_column_div av-zero-column-padding first  avia-builder-el-4  el_after_av_one_full  el_before_av_hr  column-top-margin\" style='border-radius:0px; '><section class=\"av_textblock_section \"  itemscope=\"itemscope\" itemtype=\"https:\/\/schema.org\/BlogPosting\" itemprop=\"blogPost\" ><div class='avia_textblock  '   itemprop=\"text\" ><p style=\"text-align: justify;\">La m\u00e1xima autoridad regional, Gobernadora Andrea Mac\u00edas Palma, adem\u00e1s se\u00f1al\u00f3 \u00abM\u00e1s del 87% de las iniciativas del Plan de Gobierno Ays\u00e9n ya estaban programadas y fueron financiadas por nuestra propia regi\u00f3n\u00bb.<\/p>\n<p style=\"text-align: justify;\">\u00abCon la honestidad que me caracteriza, estoy bien molesta. Un Gobierno de salida y que, a mi juicio, ha sido bien ineficiente, sobre todo en materia de salud y en nuestra regi\u00f3n, no puede seguir haciendo as\u00ed las cosas. (&#8230;) Es lamentable que venga el Presidente Sebasti\u00e1n Pi\u00f1era a inaugurar el Hospital de Cochrane y a hacer una cuenta del Plan de Gobierno, avis\u00e1ndonos reci\u00e9n hoy en la ma\u00f1ana\u00bb, manifest\u00f3 la autoridad regional.<\/p>\n<p style=\"text-align: justify;\">Sobre la actividad de inauguraci\u00f3n del Hospital de Cochrane, la Gobernadora agreg\u00f3: \u00abRecuerdo que me toc\u00f3 ir con la Ministra Carmen Castillo, en el Gobierno de la Presidenta Michelle Bachelet, a poner la primera piedra en el a\u00f1o 2017. Hoy d\u00eda ya es un Hospital que se puso en marcha, est\u00e1 funcionando, y se viene a inaugurar, pero es una inversi\u00f3n que ha sido financiada absolutamente por el Gobierno Regional. Hoy d\u00eda para estar ma\u00f1ana un ratito, lo que es una falta de respeto que siendo el Hospital parte de un convenio de programaci\u00f3n que surge de este GORE, es decir, es una inversi\u00f3n que nosotros ya hab\u00edamos resuelto como regi\u00f3n. Aqu\u00ed el nivel central no puso ni un peso, y es bueno aclararlo. Aqu\u00ed el Gobierno s\u00f3lo puso trabas, todo fue financiado con recursos regionales y ahora viene aqu\u00ed a anunciarse aqu\u00ed como una mega iniciativa en un momento que van de salida y que precisamente en salud deja mucho que desear\u00bb, sostuvo la Gobernadora Mac\u00edas.<\/p>\n<p style=\"text-align: justify;\">Sobre el balance de Gobierno y su plan en la regi\u00f3n de Ays\u00e9n, agreg\u00f3: \u00abTambi\u00e9n cabe mencionar que se viene a hacer una cuenta p\u00fablica del Plan de Gobierno Ays\u00e9n, contar que m\u00e1s del 87% de las iniciativas de ese Plan de Gobierno, son iniciativas que ya estaban programadas. El tema es \u00bfCu\u00e1nto efectivamente este Gobierno, que va de salida, puso en esta regi\u00f3n para que nosotros podamos mejorar nuestras condiciones, nuestra infraestructura si el 80% fue con recursos regionales?\u00bb, finaliz\u00f3.<\/p>\n<\/div><\/section><\/div><div  style='height:50px' class='hr hr-invisible   avia-builder-el-6  el_after_av_one_full  el_before_av_social_share '><span class='hr-inner ' ><span class='hr-inner-style'><\/span><\/span><\/div><\/p>\n<div  class='av-social-sharing-box  avia-builder-el-7  el_after_av_hr  el_before_av_hr  '><div class='av-share-box'><h5 class='av-share-link-description av-no-toc '>Compartir esta noticia<\/h5><ul class='av-share-box-list noLightbox'><li class='av-share-link av-social-link-facebook' ><a target=\"_blank\" aria-label=\"Compartir en Facebook\" href='https:\/\/www.facebook.com\/sharer.php?u=https:\/\/radiorevelacionfm.cl\/?p=13018&#038;t=Gobernadora%20hizo%20sentir%20su%20malestar%20ante%20improvisada%20visita%20del%20Presidente%20Pi%C3%B1era%20a%20la%20regi%C3%B3n%20de%20Ays%C3%A9n' aria-hidden='false' data-av_icon='\ue8f3' data-av_iconfont='entypo-fontello' title='' data-avia-related-tooltip='Compartir en Facebook' rel=\"noopener\"><span class='avia_hidden_link_text'>Compartir en Facebook<\/span><\/a><\/li><li class='av-share-link av-social-link-twitter' ><a target=\"_blank\" aria-label=\"Compartir en Twitter\" href='https:\/\/twitter.com\/share?text=Gobernadora%20hizo%20sentir%20su%20malestar%20ante%20improvisada%20visita%20del%20Presidente%20Pi%C3%B1era%20a%20la%20regi%C3%B3n%20de%20Ays%C3%A9n&#038;url=https:\/\/radiorevelacionfm.cl\/?p=13018' aria-hidden='false' data-av_icon='\ue8f1' data-av_iconfont='entypo-fontello' title='' data-avia-related-tooltip='Compartir en Twitter' rel=\"noopener\"><span class='avia_hidden_link_text'>Compartir en Twitter<\/span><\/a><\/li><li class='av-share-link av-social-link-whatsapp' ><a target=\"_blank\" aria-label=\"Compartir en Whatsapp\" href='https:\/\/api.whatsapp.com\/send?text=https:\/\/radiorevelacionfm.cl\/?p=13018' aria-hidden='false' data-av_icon='\uf232' data-av_iconfont='entypo-fontello' title='' data-avia-related-tooltip='Compartir en Whatsapp' rel=\"noopener\"><span class='avia_hidden_link_text'>Compartir en Whatsapp<\/span><\/a><\/li><li class='av-share-link av-social-link-linkedin' ><a target=\"_blank\" aria-label=\"Compartir en LinkedIn\" href='https:\/\/linkedin.com\/shareArticle?mini=true&#038;title=Gobernadora%20hizo%20sentir%20su%20malestar%20ante%20improvisada%20visita%20del%20Presidente%20Pi%C3%B1era%20a%20la%20regi%C3%B3n%20de%20Ays%C3%A9n&#038;url=https:\/\/radiorevelacionfm.cl\/?p=13018' aria-hidden='false' data-av_icon='\ue8fc' data-av_iconfont='entypo-fontello' title='' data-avia-related-tooltip='Compartir en LinkedIn' rel=\"noopener\"><span class='avia_hidden_link_text'>Compartir en LinkedIn<\/span><\/a><\/li><li class='av-share-link av-social-link-mail' ><a  aria-label=\"Compartir por correo\" href='mailto:?subject=Gobernadora%20hizo%20sentir%20su%20malestar%20ante%20improvisada%20visita%20del%20Presidente%20Pi%C3%B1era%20a%20la%20regi%C3%B3n%20de%20Ays%C3%A9n&#038;body=https:\/\/radiorevelacionfm.cl\/?p=13018' aria-hidden='false' data-av_icon='\ue805' data-av_iconfont='entypo-fontello' title='' data-avia-related-tooltip='Compartir por correo'><span class='avia_hidden_link_text'>Compartir por correo<\/span><\/a><\/li><\/ul><\/div><\/div>\n<div  style='height:50px' class='hr hr-invisible   avia-builder-el-8  el_after_av_social_share  el_before_av_comments_list '><span class='hr-inner ' ><span class='hr-inner-style'><\/span><\/span><\/div>\n<div  class='av-buildercomment  av-blog-meta-html-info-disabled av-blog-meta-tag-disabled  '><\/div>\n","protected":false},"excerpt":{"rendered":"","protected":false},"author":1,"featured_media":8388,"comment_status":"open","ping_status":"open","sticky":false,"template":"","format":"standard","meta":{"footnotes":""},"categories":[38],"tags":[],"class_list":["post-13018","post","type-post","status-publish","format-standard","has-post-thumbnail","hentry","category-regional"],"jetpack_featured_media_url":"https:\/\/radiorevelacionfm.cl\/wp-content\/uploads\/2021\/09\/gobernadora1-1-1.jpg","_links":{"self":[{"href":"https:\/\/radiorevelacionfm.cl\/index.php?rest_route=\/wp\/v2\/posts\/13018","targetHints":{"allow":["GET"]}}],"collection":[{"href":"https:\/\/radiorevelacionfm.cl\/index.php?rest_route=\/wp\/v2\/posts"}],"about":[{"href":"https:\/\/radiorevelacionfm.cl\/index.php?rest_route=\/wp\/v2\/types\/post"}],"author":[{"embeddable":true,"href":"https:\/\/radiorevelacionfm.cl\/index.php?rest_route=\/wp\/v2\/users\/1"}],"replies":[{"embeddable":true,"href":"https:\/\/radiorevelacionfm.cl\/index.php?rest_route=%2Fwp%2Fv2%2Fcomments&post=13018"}],"version-history":[{"count":3,"href":"https:\/\/radiorevelacionfm.cl\/index.php?rest_route=\/wp\/v2\/posts\/13018\/revisions"}],"predecessor-version":[{"id":13040,"href":"https:\/\/radiorevelacionfm.cl\/index.php?rest_route=\/wp\/v2\/posts\/13018\/revisions\/13040"}],"wp:featuredmedia":[{"embeddable":true,"href":"https:\/\/radiorevelacionfm.cl\/index.php?rest_route=\/wp\/v2\/media\/8388"}],"wp:attachment":[{"href":"https:\/\/radiorevelacionfm.cl\/index.php?rest_route=%2Fwp%2Fv2%2Fmedia&parent=13018"}],"wp:term":[{"taxonomy":"category","embeddable":true,"href":"https:\/\/radiorevelacionfm.cl\/index.php?rest_route=%2Fwp%2Fv2%2Fcategories&post=13018"},{"taxonomy":"post_tag","embeddable":true,"href":"https:\/\/radiorevelacionfm.cl\/index.php?rest_route=%2Fwp%2Fv2%2Ftags&post=13018"}],"curies":[{"name":"wp","href":"https:\/\/api.w.org\/{rel}","templated":true}]}}