{"id":13014,"date":"2022-01-19T14:41:03","date_gmt":"2022-01-19T17:41:03","guid":{"rendered":"https:\/\/radiorevelacionfm.cl\/?p=13014"},"modified":"2022-01-19T14:41:03","modified_gmt":"2022-01-19T17:41:03","slug":"senda-llama-a-postular-al-programa-trabajar-con-calidad-de-vida-2022","status":"publish","type":"post","link":"https:\/\/radiorevelacionfm.cl\/?p=13014","title":{"rendered":"Senda llama a postular al programa Trabajar con Calidad de Vida 2022"},"content":{"rendered":"<div class=\"flex_column av_one_full  flex_column_div av-zero-column-padding first  avia-builder-el-0  el_before_av_one_full  avia-builder-el-first  \" style='border-radius:0px; '><div  class='avia-image-container  av-styling-    avia-builder-el-1  avia-builder-el-no-sibling  avia-align-center '  itemprop=\"image\" itemscope=\"itemscope\" itemtype=\"https:\/\/schema.org\/ImageObject\"  ><div class='avia-image-container-inner'><div class='avia-image-overlay-wrap'><img decoding=\"async\" class='wp-image-13015 avia-img-lazy-loading-not-13015 avia_image' src=\"https:\/\/radiorevelacionfm.cl\/wp-content\/uploads\/2022\/01\/1-85-1_optimized.jpg\" alt='' title='1-(85)-(1)_optimized' height=\"600\" width=\"1067\"  itemprop=\"thumbnailUrl\" srcset=\"https:\/\/radiorevelacionfm.cl\/wp-content\/uploads\/2022\/01\/1-85-1_optimized.jpg 1067w, https:\/\/radiorevelacionfm.cl\/wp-content\/uploads\/2022\/01\/1-85-1_optimized-300x169.jpg 300w, https:\/\/radiorevelacionfm.cl\/wp-content\/uploads\/2022\/01\/1-85-1_optimized-1030x579.jpg 1030w, https:\/\/radiorevelacionfm.cl\/wp-content\/uploads\/2022\/01\/1-85-1_optimized-768x432.jpg 768w, https:\/\/radiorevelacionfm.cl\/wp-content\/uploads\/2022\/01\/1-85-1_optimized-705x396.jpg 705w, https:\/\/radiorevelacionfm.cl\/wp-content\/uploads\/2022\/01\/1-85-1_optimized-600x337.jpg 600w\" sizes=\"(max-width: 1067px) 100vw, 1067px\" \/><\/div><\/div><\/div><\/div><div class=\"flex_column av_one_full  flex_column_div av-zero-column-padding first  avia-builder-el-2  el_after_av_one_full  el_before_av_one_full  column-top-margin\" style='border-radius:0px; '><section class=\"av_textblock_section \"  itemscope=\"itemscope\" itemtype=\"https:\/\/schema.org\/BlogPosting\" itemprop=\"blogPost\" ><div class='avia_textblock  '   itemprop=\"text\" ><p style=\"text-align: center;\"><span style=\"font-size: 18pt;\"><strong>Senda llama a postular al programa Trabajar con Calidad de Vida 2022<\/strong><\/span><\/p>\n<div id=\"gtx-trans\" style=\"position: absolute; left: -50px; top: 4.31534px;\">\n<div class=\"gtx-trans-icon\"><\/div>\n<\/div>\n<\/div><\/section><\/div><div class=\"flex_column av_one_full  flex_column_div av-zero-column-padding first  avia-builder-el-4  el_after_av_one_full  el_before_av_hr  column-top-margin\" style='border-radius:0px; '><section class=\"av_textblock_section \"  itemscope=\"itemscope\" itemtype=\"https:\/\/schema.org\/BlogPosting\" itemprop=\"blogPost\" ><div class='avia_textblock  '   itemprop=\"text\" ><p style=\"text-align: justify;\">Desde el 4 de Enero al 4 de Marzo, se encuentra disponible el banner de postulaci\u00f3n y acceso directo en p\u00e1gina web institucional, para que se realicen las inscripciones del a\u00f1o 2022 al programa de Prevenci\u00f3n del Consumo de Alcohol y otras Drogas: \u201cTrabajar con Calidad de Vida\u201d del SENDA, que busca instalar una cultura preventiva y as\u00ed mejorar la calidad de vida en espacios laborales en organizaciones p\u00fablicas y empresas privadas.<\/p>\n<p style=\"text-align: justify;\"><strong>\u00bfC\u00f3mo se puede postular?<\/strong><\/p>\n<p style=\"text-align: justify;\">El formulario de postulaci\u00f3n est\u00e1 disponible en la p\u00e1gina web del Servicio Nacional para la Prevenci\u00f3n y Rehabilitaci\u00f3n del Consumo de Drogas y Alcohol (www.senda.gob.cl) y se encontrar\u00e1 disponible durante todo el per\u00edodo.<\/p>\n<p style=\"text-align: justify;\"><strong>\u00bfQui\u00e9nes lo pueden hacer?<\/strong><\/p>\n<p style=\"text-align: justify;\">Instituciones p\u00fablicas que no hayan implementado el Programa Trabajar con Calidad de Vida y que no cuenten con un programa de prevenci\u00f3n vigente y Empresas privadas legalmente constituidas en Chile o la Regi\u00f3n con 50 o m\u00e1s trabajadores, que no cuenten con un programa de prevenci\u00f3n vigente. Estas son las entidades u organizaciones que pueden postular al programa.<\/p>\n<p style=\"text-align: justify;\">El objetivo final tras la implementaci\u00f3n de este programa es la elaboraci\u00f3n de una pol\u00edtica preventiva y un plan de acci\u00f3n que garantice buenos resultados en las diferentes instancias de interacci\u00f3n y gesti\u00f3n en las diferentes instituciones y empresas, con el prop\u00f3sito de garantizar una cultura preventiva frente al consumo de alcohol y otras drogas en forma permanente en las organizaciones; cabe se\u00f1alara que quienes participen del Programa, podr\u00e1n optar a una Certificaci\u00f3n Final de Espacio Laboral Preventivo.<\/p>\n<p style=\"text-align: justify;\">Sobre el particular, la Directora Regional Annie Katherine Hunter Guti\u00e9rrez indic\u00f3: \u201chacemos un amplio llamado a las instituciones que re\u00fanen los requisitos para participar en el programa, a que postulen y se abran a la posibilidad de enriquecer su calidad de vida laboral, al contar con formaci\u00f3n en prevenci\u00f3n del consumo de alcohol y otras drogas, herramienta que permite sin lugar a dudas, instalar pol\u00edticas institucionales que los acompa\u00f1en en forma permanente y a\u00fan luego de concluir el per\u00edodo de trabajo conjunto con SENDA\u201d.<\/p>\n<p style=\"text-align: justify;\"><strong>\u00a0<\/strong><\/p>\n<p style=\"text-align: justify;\"><strong>\u00a0<\/strong><\/p>\n<\/div><\/section><\/div><div  style='height:50px' class='hr hr-invisible   avia-builder-el-6  el_after_av_one_full  el_before_av_social_share '><span class='hr-inner ' ><span class='hr-inner-style'><\/span><\/span><\/div><\/p>\n<div  class='av-social-sharing-box  avia-builder-el-7  el_after_av_hr  el_before_av_hr  '><div class='av-share-box'><h5 class='av-share-link-description av-no-toc '>Compartir esta noticia<\/h5><ul class='av-share-box-list noLightbox'><li class='av-share-link av-social-link-facebook' ><a target=\"_blank\" aria-label=\"Compartir en Facebook\" href='https:\/\/www.facebook.com\/sharer.php?u=https:\/\/radiorevelacionfm.cl\/?p=13014&#038;t=Senda%20llama%20a%20postular%20al%20programa%20Trabajar%20con%20Calidad%20de%20Vida%202022' aria-hidden='false' data-av_icon='\ue8f3' data-av_iconfont='entypo-fontello' title='' data-avia-related-tooltip='Compartir en Facebook' rel=\"noopener\"><span class='avia_hidden_link_text'>Compartir en Facebook<\/span><\/a><\/li><li class='av-share-link av-social-link-twitter' ><a target=\"_blank\" aria-label=\"Compartir en Twitter\" href='https:\/\/twitter.com\/share?text=Senda%20llama%20a%20postular%20al%20programa%20Trabajar%20con%20Calidad%20de%20Vida%202022&#038;url=https:\/\/radiorevelacionfm.cl\/?p=13014' aria-hidden='false' data-av_icon='\ue8f1' data-av_iconfont='entypo-fontello' title='' data-avia-related-tooltip='Compartir en Twitter' rel=\"noopener\"><span class='avia_hidden_link_text'>Compartir en Twitter<\/span><\/a><\/li><li class='av-share-link av-social-link-whatsapp' ><a target=\"_blank\" aria-label=\"Compartir en Whatsapp\" href='https:\/\/api.whatsapp.com\/send?text=https:\/\/radiorevelacionfm.cl\/?p=13014' aria-hidden='false' data-av_icon='\uf232' data-av_iconfont='entypo-fontello' title='' data-avia-related-tooltip='Compartir en Whatsapp' rel=\"noopener\"><span class='avia_hidden_link_text'>Compartir en Whatsapp<\/span><\/a><\/li><li class='av-share-link av-social-link-linkedin' ><a target=\"_blank\" aria-label=\"Compartir en LinkedIn\" href='https:\/\/linkedin.com\/shareArticle?mini=true&#038;title=Senda%20llama%20a%20postular%20al%20programa%20Trabajar%20con%20Calidad%20de%20Vida%202022&#038;url=https:\/\/radiorevelacionfm.cl\/?p=13014' aria-hidden='false' data-av_icon='\ue8fc' data-av_iconfont='entypo-fontello' title='' data-avia-related-tooltip='Compartir en LinkedIn' rel=\"noopener\"><span class='avia_hidden_link_text'>Compartir en LinkedIn<\/span><\/a><\/li><li class='av-share-link av-social-link-mail' ><a  aria-label=\"Compartir por correo\" href='mailto:?subject=Senda%20llama%20a%20postular%20al%20programa%20Trabajar%20con%20Calidad%20de%20Vida%202022&#038;body=https:\/\/radiorevelacionfm.cl\/?p=13014' aria-hidden='false' data-av_icon='\ue805' data-av_iconfont='entypo-fontello' title='' data-avia-related-tooltip='Compartir por correo'><span class='avia_hidden_link_text'>Compartir por correo<\/span><\/a><\/li><\/ul><\/div><\/div>\n<div  style='height:50px' class='hr hr-invisible   avia-builder-el-8  el_after_av_social_share  el_before_av_comments_list '><span class='hr-inner ' ><span class='hr-inner-style'><\/span><\/span><\/div>\n<div  class='av-buildercomment  av-blog-meta-html-info-disabled av-blog-meta-tag-disabled  '><\/div>\n","protected":false},"excerpt":{"rendered":"","protected":false},"author":1,"featured_media":13015,"comment_status":"open","ping_status":"open","sticky":false,"template":"","format":"standard","meta":{"footnotes":""},"categories":[38],"tags":[],"class_list":["post-13014","post","type-post","status-publish","format-standard","has-post-thumbnail","hentry","category-regional"],"jetpack_featured_media_url":"https:\/\/radiorevelacionfm.cl\/wp-content\/uploads\/2022\/01\/1-85-1_optimized.jpg","_links":{"self":[{"href":"https:\/\/radiorevelacionfm.cl\/index.php?rest_route=\/wp\/v2\/posts\/13014","targetHints":{"allow":["GET"]}}],"collection":[{"href":"https:\/\/radiorevelacionfm.cl\/index.php?rest_route=\/wp\/v2\/posts"}],"about":[{"href":"https:\/\/radiorevelacionfm.cl\/index.php?rest_route=\/wp\/v2\/types\/post"}],"author":[{"embeddable":true,"href":"https:\/\/radiorevelacionfm.cl\/index.php?rest_route=\/wp\/v2\/users\/1"}],"replies":[{"embeddable":true,"href":"https:\/\/radiorevelacionfm.cl\/index.php?rest_route=%2Fwp%2Fv2%2Fcomments&post=13014"}],"version-history":[{"count":2,"href":"https:\/\/radiorevelacionfm.cl\/index.php?rest_route=\/wp\/v2\/posts\/13014\/revisions"}],"predecessor-version":[{"id":13021,"href":"https:\/\/radiorevelacionfm.cl\/index.php?rest_route=\/wp\/v2\/posts\/13014\/revisions\/13021"}],"wp:featuredmedia":[{"embeddable":true,"href":"https:\/\/radiorevelacionfm.cl\/index.php?rest_route=\/wp\/v2\/media\/13015"}],"wp:attachment":[{"href":"https:\/\/radiorevelacionfm.cl\/index.php?rest_route=%2Fwp%2Fv2%2Fmedia&parent=13014"}],"wp:term":[{"taxonomy":"category","embeddable":true,"href":"https:\/\/radiorevelacionfm.cl\/index.php?rest_route=%2Fwp%2Fv2%2Fcategories&post=13014"},{"taxonomy":"post_tag","embeddable":true,"href":"https:\/\/radiorevelacionfm.cl\/index.php?rest_route=%2Fwp%2Fv2%2Ftags&post=13014"}],"curies":[{"name":"wp","href":"https:\/\/api.w.org\/{rel}","templated":true}]}}