{"id":13010,"date":"2022-01-19T12:57:30","date_gmt":"2022-01-19T15:57:30","guid":{"rendered":"https:\/\/radiorevelacionfm.cl\/?p=13010"},"modified":"2022-01-19T12:57:30","modified_gmt":"2022-01-19T15:57:30","slug":"exitoso-festival-de-las-artes-de-aysen-se-realizo-en-coyhaique-con-la-inauguracion-de-un-escenario-movil","status":"publish","type":"post","link":"https:\/\/radiorevelacionfm.cl\/?p=13010","title":{"rendered":"Exitoso Festival de las Artes de Ays\u00e9n se realiz\u00f3 en Coyhaique con la inauguraci\u00f3n de un escenario m\u00f3vil"},"content":{"rendered":"<div class=\"flex_column av_one_full  flex_column_div av-zero-column-padding first  avia-builder-el-0  el_before_av_one_full  avia-builder-el-first  \" style='border-radius:0px; '><div  class='avia-image-container  av-styling-    avia-builder-el-1  avia-builder-el-no-sibling  avia-align-center '  itemprop=\"image\" itemscope=\"itemscope\" itemtype=\"https:\/\/schema.org\/ImageObject\"  ><div class='avia-image-container-inner'><div class='avia-image-overlay-wrap'><img decoding=\"async\" class='wp-image-13011 avia-img-lazy-loading-not-13011 avia_image' src=\"https:\/\/radiorevelacionfm.cl\/wp-content\/uploads\/2022\/01\/festival-viii-1_optimized.jpeg\" alt='' title='festival-viii-(1)_optimized' height=\"600\" width=\"900\"  itemprop=\"thumbnailUrl\" srcset=\"https:\/\/radiorevelacionfm.cl\/wp-content\/uploads\/2022\/01\/festival-viii-1_optimized.jpeg 900w, https:\/\/radiorevelacionfm.cl\/wp-content\/uploads\/2022\/01\/festival-viii-1_optimized-300x200.jpeg 300w, https:\/\/radiorevelacionfm.cl\/wp-content\/uploads\/2022\/01\/festival-viii-1_optimized-768x512.jpeg 768w, https:\/\/radiorevelacionfm.cl\/wp-content\/uploads\/2022\/01\/festival-viii-1_optimized-705x470.jpeg 705w, https:\/\/radiorevelacionfm.cl\/wp-content\/uploads\/2022\/01\/festival-viii-1_optimized-600x400.jpeg 600w\" sizes=\"(max-width: 900px) 100vw, 900px\" \/><\/div><\/div><\/div><\/div><div class=\"flex_column av_one_full  flex_column_div av-zero-column-padding first  avia-builder-el-2  el_after_av_one_full  el_before_av_one_full  column-top-margin\" style='border-radius:0px; '><section class=\"av_textblock_section \"  itemscope=\"itemscope\" itemtype=\"https:\/\/schema.org\/BlogPosting\" itemprop=\"blogPost\" ><div class='avia_textblock  '   itemprop=\"text\" ><p style=\"text-align: center;\"><span style=\"font-size: 18pt;\"><strong>Exitoso Festival de las Artes de Ays\u00e9n se realiz\u00f3 en Coyhaique con la inauguraci\u00f3n de un escenario m\u00f3vil<\/strong><\/span><\/p>\n<div id=\"gtx-trans\" style=\"position: absolute; left: -50px; top: 4.31534px;\">\n<div class=\"gtx-trans-icon\"><\/div>\n<\/div>\n<\/div><\/section><\/div><div class=\"flex_column av_one_full  flex_column_div av-zero-column-padding first  avia-builder-el-4  el_after_av_one_full  el_before_av_hr  column-top-margin\" style='border-radius:0px; '><section class=\"av_textblock_section \"  itemscope=\"itemscope\" itemtype=\"https:\/\/schema.org\/BlogPosting\" itemprop=\"blogPost\" ><div class='avia_textblock  '   itemprop=\"text\" ><p style=\"text-align: justify;\">Los d\u00edas 14, 15 y 16 de enero se realiz\u00f3 la iniciativa con m\u00e1s de 100 artistas de la regi\u00f3n de Ays\u00e9n, quienes se presentaron en un escenario m\u00f3vil, dispuesto por la Seremi de la Cultura, las Artes y el Patrimonio. Durante los tres d\u00edas se pudieron apreciar presentaciones de danza, teatro, circo y una variedad de bandas musicales de distintos estilos, entre ellos chamam\u00e9, rock, m\u00fasica tradicional, entre otros.<\/p>\n<p style=\"text-align: justify;\">Este festival aport\u00f3 a la descentralizaci\u00f3n de artistas y colectivos de diversas localidades de la Regi\u00f3n de Ays\u00e9n con el fin de poder ofrecer una programaci\u00f3n diversa y con un fuerte componente identitario.<\/p>\n<p style=\"text-align: justify;\">Al respecto, el director del Campus Patagonia, Alejandro Reyes, mencion\u00f3 que \u201cla oportunidad de poder formar parte de la organizaci\u00f3n de este festival de arte, ha sido un hito muy importante para nosotros, porque una de nuestras intenciones es justamente promover el sello de arte y cultura que caracteriza a la UACh, ya que en el Campus Patagonia est\u00e1bamos un poco al debe en este sentido, pero ha sido una tremenda oportunidad participar de este gran evento junto a la Seremi de las Culturas, las Artes y Patrimonio de la regi\u00f3n. Por otra parte, tenemos la esperanza de que esto contin\u00fae, ya que esperamos que una de las cosas que se destaquen en la regi\u00f3n sea la promoci\u00f3n de las artes y las culturas, y tener la oportunidad de trabajar en conjunto con elencos universitarios de la UACh, tenerlos en Coyhaique ser\u00eda un sue\u00f1o a mediano plazo por cumplir, adem\u00e1s de continuar con esta gran alianza que se ha formado con la Seremi de las Culturas, las Artes y el Patrimonio\u201d.<\/p>\n<p style=\"text-align: justify;\">La inauguraci\u00f3n del \u201cEscenario M\u00f3vil\u201d fue uno de los puntos fuertes de este festival, donde se pudo apreciar un semirremolque totalmente equipado y aut\u00f3nomo, \u00fanico a nivel nacional destinado para la realizaci\u00f3n de diferentes eventos art\u00edsticos culturales, facilitado por la Secretaria Ministerial de las Culturas, las Artes y el Patrimonio, Regi\u00f3n de Ays\u00e9n a la Universidad Austral de Chile, con el fin de promover la cultura y el arte en nuestra regi\u00f3n.<\/p>\n<p style=\"text-align: justify;\">Adem\u00e1s, Ver\u00f3nica D\u00edaz, Seremi de las Culturas, las Artes y el Patrimonio destac\u00f3 que \u201cpara nosotros como Ministerio es muy importante llevar a cabo estas actividades, sobre todo cuando las realizamos en alianzas tan relevantes como lo ha sido la Universidad Austral de Chile y su Campus Patagonia. Esto nos da un soporte importante, al poder vincularnos con el \u00e1rea acad\u00e9mica, porque hacemos part\u00edcipe de esto a toda la comunidad educativa de la instituci\u00f3n. Por otra parte, se fortalece el trabajo mancomunado, ya que hab\u00edamos iniciado conversaciones con el director del Campus, respecto al inter\u00e9s de materializar alguna iniciativa, llegando a concretar estos esfuerzos con el primer Festival de las Artes de Ays\u00e9n, bajo esta alianza colaborativa con la UACh, con quien esperamos mantener este v\u00ednculo y seguir generando actividades para la comunidad\u201d.<\/p>\n<p style=\"text-align: justify;\">Desde la Direcci\u00f3n de Vinculaci\u00f3n con el Medio de la UACh, manifestaron que buscan reforzar el \u00e1rea de arte y cultura en las regiones de Los Lagos y Ays\u00e9n, es por esta raz\u00f3n que desde el 2021 se ha potenciado este eje tan relevante para los v\u00ednculos universitarios y territoriales, y este primer evento marca un hito importante, que da el puntapi\u00e9 inicial para una proyecci\u00f3n de esta iniciativa en los diversos territorios del sur austral del pa\u00eds donde se encuentra presente la UACh.<\/p>\n<p style=\"text-align: justify;\">Esta iniciativa fue organizada por el Campus Patagonia de la Universidad Austral de Chile y financiada por el Ministerio de las Culturas, las Artes y el Patrimonio, Regi\u00f3n de Ays\u00e9n y tuvo por objetivo favorecer la participaci\u00f3n de artistas y colectivos regionales, para visibilizar las obras de m\u00fasicos y artistas esc\u00e9nicos y proveer de programaci\u00f3n art\u00edstica presencial con sello regional en el espacio p\u00fablico de la ciudad de Coyhaique y colaborar con la reactivaci\u00f3n econ\u00f3mica de los y las artistas de la Regi\u00f3n de Ays\u00e9n.<\/p>\n<\/div><\/section><\/div><div  style='height:50px' class='hr hr-invisible   avia-builder-el-6  el_after_av_one_full  el_before_av_social_share '><span class='hr-inner ' ><span class='hr-inner-style'><\/span><\/span><\/div><\/p>\n<div  class='av-social-sharing-box  avia-builder-el-7  el_after_av_hr  el_before_av_hr  '><div class='av-share-box'><h5 class='av-share-link-description av-no-toc '>Compartir esta noticia<\/h5><ul class='av-share-box-list noLightbox'><li class='av-share-link av-social-link-facebook' ><a target=\"_blank\" aria-label=\"Compartir en Facebook\" href='https:\/\/www.facebook.com\/sharer.php?u=https:\/\/radiorevelacionfm.cl\/?p=13010&#038;t=Exitoso%20Festival%20de%20las%20Artes%20de%20Ays%C3%A9n%20se%20realiz%C3%B3%20en%20Coyhaique%20con%20la%20inauguraci%C3%B3n%20de%20un%20escenario%20m%C3%B3vil' aria-hidden='false' data-av_icon='\ue8f3' data-av_iconfont='entypo-fontello' title='' data-avia-related-tooltip='Compartir en Facebook' rel=\"noopener\"><span class='avia_hidden_link_text'>Compartir en Facebook<\/span><\/a><\/li><li class='av-share-link av-social-link-twitter' ><a target=\"_blank\" aria-label=\"Compartir en Twitter\" href='https:\/\/twitter.com\/share?text=Exitoso%20Festival%20de%20las%20Artes%20de%20Ays%C3%A9n%20se%20realiz%C3%B3%20en%20Coyhaique%20con%20la%20inauguraci%C3%B3n%20de%20un%20escenario%20m%C3%B3vil&#038;url=https:\/\/radiorevelacionfm.cl\/?p=13010' aria-hidden='false' data-av_icon='\ue8f1' data-av_iconfont='entypo-fontello' title='' data-avia-related-tooltip='Compartir en Twitter' rel=\"noopener\"><span class='avia_hidden_link_text'>Compartir en Twitter<\/span><\/a><\/li><li class='av-share-link av-social-link-whatsapp' ><a target=\"_blank\" aria-label=\"Compartir en Whatsapp\" href='https:\/\/api.whatsapp.com\/send?text=https:\/\/radiorevelacionfm.cl\/?p=13010' aria-hidden='false' data-av_icon='\uf232' data-av_iconfont='entypo-fontello' title='' data-avia-related-tooltip='Compartir en Whatsapp' rel=\"noopener\"><span class='avia_hidden_link_text'>Compartir en Whatsapp<\/span><\/a><\/li><li class='av-share-link av-social-link-linkedin' ><a target=\"_blank\" aria-label=\"Compartir en LinkedIn\" href='https:\/\/linkedin.com\/shareArticle?mini=true&#038;title=Exitoso%20Festival%20de%20las%20Artes%20de%20Ays%C3%A9n%20se%20realiz%C3%B3%20en%20Coyhaique%20con%20la%20inauguraci%C3%B3n%20de%20un%20escenario%20m%C3%B3vil&#038;url=https:\/\/radiorevelacionfm.cl\/?p=13010' aria-hidden='false' data-av_icon='\ue8fc' data-av_iconfont='entypo-fontello' title='' data-avia-related-tooltip='Compartir en LinkedIn' rel=\"noopener\"><span class='avia_hidden_link_text'>Compartir en LinkedIn<\/span><\/a><\/li><li class='av-share-link av-social-link-mail' ><a  aria-label=\"Compartir por correo\" href='mailto:?subject=Exitoso%20Festival%20de%20las%20Artes%20de%20Ays%C3%A9n%20se%20realiz%C3%B3%20en%20Coyhaique%20con%20la%20inauguraci%C3%B3n%20de%20un%20escenario%20m%C3%B3vil&#038;body=https:\/\/radiorevelacionfm.cl\/?p=13010' aria-hidden='false' data-av_icon='\ue805' data-av_iconfont='entypo-fontello' title='' data-avia-related-tooltip='Compartir por correo'><span class='avia_hidden_link_text'>Compartir por correo<\/span><\/a><\/li><\/ul><\/div><\/div>\n<div  style='height:50px' class='hr hr-invisible   avia-builder-el-8  el_after_av_social_share  el_before_av_comments_list '><span class='hr-inner ' ><span class='hr-inner-style'><\/span><\/span><\/div>\n<div  class='av-buildercomment  av-blog-meta-html-info-disabled av-blog-meta-tag-disabled  '><\/div>\n","protected":false},"excerpt":{"rendered":"","protected":false},"author":1,"featured_media":13011,"comment_status":"open","ping_status":"open","sticky":false,"template":"","format":"standard","meta":{"footnotes":""},"categories":[52],"tags":[],"class_list":["post-13010","post","type-post","status-publish","format-standard","has-post-thumbnail","hentry","category-cultura"],"jetpack_featured_media_url":"https:\/\/radiorevelacionfm.cl\/wp-content\/uploads\/2022\/01\/festival-viii-1_optimized.jpeg","_links":{"self":[{"href":"https:\/\/radiorevelacionfm.cl\/index.php?rest_route=\/wp\/v2\/posts\/13010","targetHints":{"allow":["GET"]}}],"collection":[{"href":"https:\/\/radiorevelacionfm.cl\/index.php?rest_route=\/wp\/v2\/posts"}],"about":[{"href":"https:\/\/radiorevelacionfm.cl\/index.php?rest_route=\/wp\/v2\/types\/post"}],"author":[{"embeddable":true,"href":"https:\/\/radiorevelacionfm.cl\/index.php?rest_route=\/wp\/v2\/users\/1"}],"replies":[{"embeddable":true,"href":"https:\/\/radiorevelacionfm.cl\/index.php?rest_route=%2Fwp%2Fv2%2Fcomments&post=13010"}],"version-history":[{"count":2,"href":"https:\/\/radiorevelacionfm.cl\/index.php?rest_route=\/wp\/v2\/posts\/13010\/revisions"}],"predecessor-version":[{"id":13013,"href":"https:\/\/radiorevelacionfm.cl\/index.php?rest_route=\/wp\/v2\/posts\/13010\/revisions\/13013"}],"wp:featuredmedia":[{"embeddable":true,"href":"https:\/\/radiorevelacionfm.cl\/index.php?rest_route=\/wp\/v2\/media\/13011"}],"wp:attachment":[{"href":"https:\/\/radiorevelacionfm.cl\/index.php?rest_route=%2Fwp%2Fv2%2Fmedia&parent=13010"}],"wp:term":[{"taxonomy":"category","embeddable":true,"href":"https:\/\/radiorevelacionfm.cl\/index.php?rest_route=%2Fwp%2Fv2%2Fcategories&post=13010"},{"taxonomy":"post_tag","embeddable":true,"href":"https:\/\/radiorevelacionfm.cl\/index.php?rest_route=%2Fwp%2Fv2%2Ftags&post=13010"}],"curies":[{"name":"wp","href":"https:\/\/api.w.org\/{rel}","templated":true}]}}