{"id":13006,"date":"2022-01-19T12:36:52","date_gmt":"2022-01-19T15:36:52","guid":{"rendered":"https:\/\/radiorevelacionfm.cl\/?p=13006"},"modified":"2022-01-19T12:36:52","modified_gmt":"2022-01-19T15:36:52","slug":"estudiantes-destacados-de-la-pdt-son-reconocidos-por-la-gobernadora-regional","status":"publish","type":"post","link":"https:\/\/radiorevelacionfm.cl\/?p=13006","title":{"rendered":"Estudiantes destacados de la PDT son reconocidos por la Gobernadora Regional"},"content":{"rendered":"<div class=\"flex_column av_one_full  flex_column_div av-zero-column-padding first  avia-builder-el-0  el_before_av_one_full  avia-builder-el-first  \" style='border-radius:0px; '><div  class='avia-image-container  av-styling-    avia-builder-el-1  avia-builder-el-no-sibling  avia-align-center '  itemprop=\"image\" itemscope=\"itemscope\" itemtype=\"https:\/\/schema.org\/ImageObject\"  ><div class='avia-image-container-inner'><div class='avia-image-overlay-wrap'><img decoding=\"async\" class='wp-image-13007 avia-img-lazy-loading-not-13007 avia_image' src=\"https:\/\/radiorevelacionfm.cl\/wp-content\/uploads\/2022\/01\/Foto-PDT-3-1-1.jpeg\" alt='' title='Foto PDT 3 (1) (1)' height=\"600\" width=\"900\"  itemprop=\"thumbnailUrl\" srcset=\"https:\/\/radiorevelacionfm.cl\/wp-content\/uploads\/2022\/01\/Foto-PDT-3-1-1.jpeg 900w, https:\/\/radiorevelacionfm.cl\/wp-content\/uploads\/2022\/01\/Foto-PDT-3-1-1-300x200.jpeg 300w, https:\/\/radiorevelacionfm.cl\/wp-content\/uploads\/2022\/01\/Foto-PDT-3-1-1-768x512.jpeg 768w, https:\/\/radiorevelacionfm.cl\/wp-content\/uploads\/2022\/01\/Foto-PDT-3-1-1-705x470.jpeg 705w, https:\/\/radiorevelacionfm.cl\/wp-content\/uploads\/2022\/01\/Foto-PDT-3-1-1-600x400.jpeg 600w\" sizes=\"(max-width: 900px) 100vw, 900px\" \/><\/div><\/div><\/div><\/div><div class=\"flex_column av_one_full  flex_column_div av-zero-column-padding first  avia-builder-el-2  el_after_av_one_full  el_before_av_one_full  column-top-margin\" style='border-radius:0px; '><section class=\"av_textblock_section \"  itemscope=\"itemscope\" itemtype=\"https:\/\/schema.org\/BlogPosting\" itemprop=\"blogPost\" ><div class='avia_textblock  '   itemprop=\"text\" ><p style=\"text-align: center;\"><span style=\"font-size: 18pt;\"><b>Estudiantes destacados de la PDT son reconocidos por la Gobernadora Regional<\/b><\/span><\/p>\n<div id=\"gtx-trans\" style=\"position: absolute; left: -50px; top: 4.31534px;\">\n<div class=\"gtx-trans-icon\"><\/div>\n<\/div>\n<\/div><\/section><\/div><div class=\"flex_column av_one_full  flex_column_div av-zero-column-padding first  avia-builder-el-4  el_after_av_one_full  el_before_av_hr  column-top-margin\" style='border-radius:0px; '><section class=\"av_textblock_section \"  itemscope=\"itemscope\" itemtype=\"https:\/\/schema.org\/BlogPosting\" itemprop=\"blogPost\" ><div class='avia_textblock  '   itemprop=\"text\" ><p style=\"text-align: justify;\">\u00abRealmente fue una sorpresa, yo no me lo esperaba porque realmente no me dediqu\u00e9 a esto. Yo no dediqu\u00e9 que toda mi fuerza a la PTU y haber tenido un buen puntaje, significa tambi\u00e9n de mi parte, el esfuerzo de mi ense\u00f1anza porque lenguaje uno no estudia, uno aprende desde peque\u00f1a de muy peque\u00f1a yo he estado con apoyo de mi familia\u00bb, comentaba Magdalena Sep\u00falveda, una de las estudiantes destacadas de la regi\u00f3n en la \u00faltima medici\u00f3n de la Prueba de Transici\u00f3n Universitaria.<\/p>\n<p style=\"text-align: justify;\">La reuni\u00f3n, que permiti\u00f3 homenajear a 3 de los m\u00e1ximos puntajes de la regi\u00f3n, sirvi\u00f3 para compartir visiones respecto a la educaci\u00f3n en la regi\u00f3n junto a los estudiantes y sus familias.<\/p>\n<p style=\"text-align: justify;\">Para Hugo Urrutia, padre de Isabella Urrutia, puntaje destacada en Matem\u00e1ticas, el apoyo familiar en los desaf\u00edos de los estudiantes es vital. \u00abBueno decir que es muy importante el apoyo que nosotros le damos a nuestros hijos, siempre apoyo de contenci\u00f3n, apoyo moral, tambi\u00e9n es importante que nuestros hijos disfruten su adolescencia, ojo con eso, porque muchas veces caemos en el error de exigirle y exigirle a nuestros hijos en realidad de lo que queremos nosotros o el menos que ellos sean felice. Yo tengo dos hijas y siempre me he preocupado de que sean felices en lo que hacen yo creo que eso es muy importante, solo van a ir adquiriendo el h\u00e1bito de estudio que tambi\u00e9n es muy muy clave en este proceso de alcanzar estos hechos logros\u00bb, coment\u00f3.<\/p>\n<p style=\"text-align: justify;\">Para la Gobernadora Regional Andrea Mac\u00edas, quien estuvo acompa\u00f1ada de los consejeros Jorge Abello y Carlos Campos en la oportunidad, la posibilidad de compartir de las autoridades con los j\u00f3venes de la regi\u00f3n es sumamente importante pensando en la visi\u00f3n que ellos mismos presentan para el desarrollo de la regi\u00f3n.<\/p>\n<p style=\"text-align: justify;\">\u00abA trav\u00e9s de ustedes queremos reconocer en general a todos los y las estudiantes que fueron parte de este proceso de transici\u00f3n adem\u00e1s, con un nuevo mecanismo con un nuevo instrumento que va dando cuenta de c\u00f3mo es importante que nuestra educaci\u00f3n en nuestro pa\u00eds el modelo educaci\u00f3n se vaya trabajando y vaya respondiendo tambi\u00e9n a las necesidades que hoy d\u00eda existen. Tenemos tremendos desaf\u00edos en c\u00f3mo fortalecemos la educaci\u00f3n p\u00fablica, tambi\u00e9n la pandemia nos ha afectado en aquello y nosotros como instituciones del Estado debemos hacer parte de estos procesos de mejora continua. La inversi\u00f3n p\u00fablica debe servir para disminuir la brecha que existen en el \u00e1mbito de la educaci\u00f3n, m\u00e1s a\u00fan en territorios como el nuestro donde dentro de la propia regi\u00f3n existen territorios rezagados, cuyos estudiantes tienen mucho menos acceso, ya sea por falta de conectividad digital, por transporte, etc\u00bb, coment\u00f3 la m\u00e1xima autoridad regional.<\/p>\n<p style=\"text-align: justify;\">Sobre el mensaje a los estudiantes que se enfrenten a esta prueba en a\u00f1os venideros, Rodrigo Ot\u00e1rola, les dice: \u00abEs importante estudiar en especial los que van a entrar a primero medio, estudien en primero medio, porque a mi me baj\u00f3 el promedio, eso podr\u00eda decir con consejo v\u00e1lido. Yo creo que volver\u00eda a la regi\u00f3n, es que igual todav\u00eda voy a estudiar ingenier\u00eda, dentro de mis posibilidades creo volver\u00eda a la regi\u00f3n\u00bb.<\/p>\n<\/div><\/section><\/div><div  style='height:50px' class='hr hr-invisible   avia-builder-el-6  el_after_av_one_full  el_before_av_social_share '><span class='hr-inner ' ><span class='hr-inner-style'><\/span><\/span><\/div><\/p>\n<div  class='av-social-sharing-box  avia-builder-el-7  el_after_av_hr  el_before_av_hr  '><div class='av-share-box'><h5 class='av-share-link-description av-no-toc '>Compartir esta noticia<\/h5><ul class='av-share-box-list noLightbox'><li class='av-share-link av-social-link-facebook' ><a target=\"_blank\" aria-label=\"Compartir en Facebook\" href='https:\/\/www.facebook.com\/sharer.php?u=https:\/\/radiorevelacionfm.cl\/?p=13006&#038;t=Estudiantes%20destacados%20de%20la%20PDT%20son%20reconocidos%20por%20la%20Gobernadora%20Regional' aria-hidden='false' data-av_icon='\ue8f3' data-av_iconfont='entypo-fontello' title='' data-avia-related-tooltip='Compartir en Facebook' rel=\"noopener\"><span class='avia_hidden_link_text'>Compartir en Facebook<\/span><\/a><\/li><li class='av-share-link av-social-link-twitter' ><a target=\"_blank\" aria-label=\"Compartir en Twitter\" href='https:\/\/twitter.com\/share?text=Estudiantes%20destacados%20de%20la%20PDT%20son%20reconocidos%20por%20la%20Gobernadora%20Regional&#038;url=https:\/\/radiorevelacionfm.cl\/?p=13006' aria-hidden='false' data-av_icon='\ue8f1' data-av_iconfont='entypo-fontello' title='' data-avia-related-tooltip='Compartir en Twitter' rel=\"noopener\"><span class='avia_hidden_link_text'>Compartir en Twitter<\/span><\/a><\/li><li class='av-share-link av-social-link-whatsapp' ><a target=\"_blank\" aria-label=\"Compartir en Whatsapp\" href='https:\/\/api.whatsapp.com\/send?text=https:\/\/radiorevelacionfm.cl\/?p=13006' aria-hidden='false' data-av_icon='\uf232' data-av_iconfont='entypo-fontello' title='' data-avia-related-tooltip='Compartir en Whatsapp' rel=\"noopener\"><span class='avia_hidden_link_text'>Compartir en Whatsapp<\/span><\/a><\/li><li class='av-share-link av-social-link-linkedin' ><a target=\"_blank\" aria-label=\"Compartir en LinkedIn\" href='https:\/\/linkedin.com\/shareArticle?mini=true&#038;title=Estudiantes%20destacados%20de%20la%20PDT%20son%20reconocidos%20por%20la%20Gobernadora%20Regional&#038;url=https:\/\/radiorevelacionfm.cl\/?p=13006' aria-hidden='false' data-av_icon='\ue8fc' data-av_iconfont='entypo-fontello' title='' data-avia-related-tooltip='Compartir en LinkedIn' rel=\"noopener\"><span class='avia_hidden_link_text'>Compartir en LinkedIn<\/span><\/a><\/li><li class='av-share-link av-social-link-mail' ><a  aria-label=\"Compartir por correo\" href='mailto:?subject=Estudiantes%20destacados%20de%20la%20PDT%20son%20reconocidos%20por%20la%20Gobernadora%20Regional&#038;body=https:\/\/radiorevelacionfm.cl\/?p=13006' aria-hidden='false' data-av_icon='\ue805' data-av_iconfont='entypo-fontello' title='' data-avia-related-tooltip='Compartir por correo'><span class='avia_hidden_link_text'>Compartir por correo<\/span><\/a><\/li><\/ul><\/div><\/div>\n<div  style='height:50px' class='hr hr-invisible   avia-builder-el-8  el_after_av_social_share  el_before_av_comments_list '><span class='hr-inner ' ><span class='hr-inner-style'><\/span><\/span><\/div>\n<div  class='av-buildercomment  av-blog-meta-html-info-disabled av-blog-meta-tag-disabled  '><\/div>\n","protected":false},"excerpt":{"rendered":"","protected":false},"author":1,"featured_media":13007,"comment_status":"open","ping_status":"open","sticky":false,"template":"","format":"standard","meta":{"footnotes":""},"categories":[38],"tags":[],"class_list":["post-13006","post","type-post","status-publish","format-standard","has-post-thumbnail","hentry","category-regional"],"jetpack_featured_media_url":"https:\/\/radiorevelacionfm.cl\/wp-content\/uploads\/2022\/01\/Foto-PDT-3-1-1.jpeg","_links":{"self":[{"href":"https:\/\/radiorevelacionfm.cl\/index.php?rest_route=\/wp\/v2\/posts\/13006","targetHints":{"allow":["GET"]}}],"collection":[{"href":"https:\/\/radiorevelacionfm.cl\/index.php?rest_route=\/wp\/v2\/posts"}],"about":[{"href":"https:\/\/radiorevelacionfm.cl\/index.php?rest_route=\/wp\/v2\/types\/post"}],"author":[{"embeddable":true,"href":"https:\/\/radiorevelacionfm.cl\/index.php?rest_route=\/wp\/v2\/users\/1"}],"replies":[{"embeddable":true,"href":"https:\/\/radiorevelacionfm.cl\/index.php?rest_route=%2Fwp%2Fv2%2Fcomments&post=13006"}],"version-history":[{"count":2,"href":"https:\/\/radiorevelacionfm.cl\/index.php?rest_route=\/wp\/v2\/posts\/13006\/revisions"}],"predecessor-version":[{"id":13009,"href":"https:\/\/radiorevelacionfm.cl\/index.php?rest_route=\/wp\/v2\/posts\/13006\/revisions\/13009"}],"wp:featuredmedia":[{"embeddable":true,"href":"https:\/\/radiorevelacionfm.cl\/index.php?rest_route=\/wp\/v2\/media\/13007"}],"wp:attachment":[{"href":"https:\/\/radiorevelacionfm.cl\/index.php?rest_route=%2Fwp%2Fv2%2Fmedia&parent=13006"}],"wp:term":[{"taxonomy":"category","embeddable":true,"href":"https:\/\/radiorevelacionfm.cl\/index.php?rest_route=%2Fwp%2Fv2%2Fcategories&post=13006"},{"taxonomy":"post_tag","embeddable":true,"href":"https:\/\/radiorevelacionfm.cl\/index.php?rest_route=%2Fwp%2Fv2%2Ftags&post=13006"}],"curies":[{"name":"wp","href":"https:\/\/api.w.org\/{rel}","templated":true}]}}