{"id":12996,"date":"2022-01-18T22:50:08","date_gmt":"2022-01-19T01:50:08","guid":{"rendered":"https:\/\/radiorevelacionfm.cl\/?p=12996"},"modified":"2022-01-18T22:50:08","modified_gmt":"2022-01-19T01:50:08","slug":"carabineros-detuvo-a-tres-sujetos-y-frustra-robo-a-local-comercial-en-coyhaique","status":"publish","type":"post","link":"https:\/\/radiorevelacionfm.cl\/?p=12996","title":{"rendered":"Carabineros detuvo a tres sujetos y frustra robo a local comercial en Coyhaique"},"content":{"rendered":"<div class=\"flex_column av_one_full  flex_column_div av-zero-column-padding first  avia-builder-el-0  el_before_av_one_full  avia-builder-el-first  \" style='border-radius:0px; '><div  class='avia-image-container  av-styling-    avia-builder-el-1  avia-builder-el-no-sibling  avia-align-center '  itemprop=\"image\" itemscope=\"itemscope\" itemtype=\"https:\/\/schema.org\/ImageObject\"  ><div class='avia-image-container-inner'><div class='avia-image-overlay-wrap'><img decoding=\"async\" class='wp-image-12997 avia-img-lazy-loading-not-12997 avia_image' src=\"https:\/\/radiorevelacionfm.cl\/wp-content\/uploads\/2022\/01\/archivo-1-1.jpg\" alt='' title='archivo (1) (1)' height=\"600\" width=\"841\"  itemprop=\"thumbnailUrl\" srcset=\"https:\/\/radiorevelacionfm.cl\/wp-content\/uploads\/2022\/01\/archivo-1-1.jpg 841w, https:\/\/radiorevelacionfm.cl\/wp-content\/uploads\/2022\/01\/archivo-1-1-300x214.jpg 300w, https:\/\/radiorevelacionfm.cl\/wp-content\/uploads\/2022\/01\/archivo-1-1-768x548.jpg 768w, https:\/\/radiorevelacionfm.cl\/wp-content\/uploads\/2022\/01\/archivo-1-1-260x185.jpg 260w, https:\/\/radiorevelacionfm.cl\/wp-content\/uploads\/2022\/01\/archivo-1-1-705x503.jpg 705w, https:\/\/radiorevelacionfm.cl\/wp-content\/uploads\/2022\/01\/archivo-1-1-600x428.jpg 600w\" sizes=\"(max-width: 841px) 100vw, 841px\" \/><\/div><\/div><\/div><\/div><div class=\"flex_column av_one_full  flex_column_div av-zero-column-padding first  avia-builder-el-2  el_after_av_one_full  el_before_av_one_full  column-top-margin\" style='border-radius:0px; '><section class=\"av_textblock_section \"  itemscope=\"itemscope\" itemtype=\"https:\/\/schema.org\/BlogPosting\" itemprop=\"blogPost\" ><div class='avia_textblock  '   itemprop=\"text\" ><p style=\"text-align: center;\"><span style=\"font-size: 18pt;\"><b>Carabineros detuvo a tres sujetos y frustra robo a local comercial en Coyhaique<\/b><\/span><\/p>\n<div id=\"gtx-trans\" style=\"position: absolute; left: -50px; top: 4.31534px;\">\n<div class=\"gtx-trans-icon\"><\/div>\n<\/div>\n<\/div><\/section><\/div><div class=\"flex_column av_one_full  flex_column_div av-zero-column-padding first  avia-builder-el-4  el_after_av_one_full  el_before_av_hr  column-top-margin\" style='border-radius:0px; '><section class=\"av_textblock_section \"  itemscope=\"itemscope\" itemtype=\"https:\/\/schema.org\/BlogPosting\" itemprop=\"blogPost\" ><div class='avia_textblock  '   itemprop=\"text\" ><p class=\"v1MsoNormal\" style=\"text-align: justify;\">Tras una r\u00e1pida respuesta Carabineros de la Primera Comisar\u00eda de Coyhaique frustr\u00f3 un robo al local la Casa de la Carcasa ubicada en la intersecci\u00f3n de las calles Dussen con Arturo Prat, logrando la detenci\u00f3n de tres personas, entre ellos dos menores de edad por este hecho.<\/p>\n<p class=\"v1MsoNormal\" style=\"text-align: justify;\">Poco antes de las 01:00 horas de hoy, el personal fue requerido por un delito que estaba afectando al local ubicado en pleno centro de esta ciudad.<\/p>\n<p class=\"v1MsoNormal\" style=\"text-align: justify;\">\u00abDelincuentes se acercaron al lugar, cortaron la luz de los cuatro medidores existentes, cortaron los candados del local y comenzaron a forzar las rejas exteriores. En esos instantes se da el aviso de las c\u00e1maras de seguridad a la Central de Comunicaciones (Cenco) sobre la presencia de estos individuos que estaban tratando de ingresar al local para sustraer especies. R\u00e1pidamente Carabineros llega al lugar y realiza una acci\u00f3n en que los delincuentes se ven encerrados (&#8230;), independiente de esa acci\u00f3n, igual intentaron darse a la fuga siendo perseguidos por el personal, logrando darles alcance, siendo detenidos a pocos metros del lugar y lograr frustrar este robo\u00bb, relat\u00f3 el Subprefecto de los Servicios de la Prefectura de Carabineros Ays\u00e9n, Teniente Coronel Cristian Morgenstern.<\/p>\n<p style=\"text-align: justify;\">Los antecedentes del procedimiento al igual que los aprehendidos de 15,16 y 19 a\u00f1os de edad, fueron puestos en conocimiento de la Fiscal\u00eda, siendo dispuesta la concurrencia del Laboratorio de Criminal\u00edstica de Carabineros (Labocar) para el trabajo de fijaci\u00f3n, b\u00fasqueda y levantamiento de indicios de inter\u00e9s criminal\u00edstico, sumado a la concurrencia de la Secci\u00f3n de Investigaci\u00f3n Policial (S.I.P) para el desarrollo de diligencias propias de su especialidad.<\/p>\n<\/div><\/section><\/div><div  style='height:50px' class='hr hr-invisible   avia-builder-el-6  el_after_av_one_full  el_before_av_social_share '><span class='hr-inner ' ><span class='hr-inner-style'><\/span><\/span><\/div><\/p>\n<div  class='av-social-sharing-box  avia-builder-el-7  el_after_av_hr  el_before_av_hr  '><div class='av-share-box'><h5 class='av-share-link-description av-no-toc '>Compartir esta noticia<\/h5><ul class='av-share-box-list noLightbox'><li class='av-share-link av-social-link-facebook' ><a target=\"_blank\" aria-label=\"Compartir en Facebook\" href='https:\/\/www.facebook.com\/sharer.php?u=https:\/\/radiorevelacionfm.cl\/?p=12996&#038;t=Carabineros%20detuvo%20a%20tres%20sujetos%20y%20frustra%20robo%20a%20local%20comercial%20en%20Coyhaique' aria-hidden='false' data-av_icon='\ue8f3' data-av_iconfont='entypo-fontello' title='' data-avia-related-tooltip='Compartir en Facebook' rel=\"noopener\"><span class='avia_hidden_link_text'>Compartir en Facebook<\/span><\/a><\/li><li class='av-share-link av-social-link-twitter' ><a target=\"_blank\" aria-label=\"Compartir en Twitter\" href='https:\/\/twitter.com\/share?text=Carabineros%20detuvo%20a%20tres%20sujetos%20y%20frustra%20robo%20a%20local%20comercial%20en%20Coyhaique&#038;url=https:\/\/radiorevelacionfm.cl\/?p=12996' aria-hidden='false' data-av_icon='\ue8f1' data-av_iconfont='entypo-fontello' title='' data-avia-related-tooltip='Compartir en Twitter' rel=\"noopener\"><span class='avia_hidden_link_text'>Compartir en Twitter<\/span><\/a><\/li><li class='av-share-link av-social-link-whatsapp' ><a target=\"_blank\" aria-label=\"Compartir en Whatsapp\" href='https:\/\/api.whatsapp.com\/send?text=https:\/\/radiorevelacionfm.cl\/?p=12996' aria-hidden='false' data-av_icon='\uf232' data-av_iconfont='entypo-fontello' title='' data-avia-related-tooltip='Compartir en Whatsapp' rel=\"noopener\"><span class='avia_hidden_link_text'>Compartir en Whatsapp<\/span><\/a><\/li><li class='av-share-link av-social-link-linkedin' ><a target=\"_blank\" aria-label=\"Compartir en LinkedIn\" href='https:\/\/linkedin.com\/shareArticle?mini=true&#038;title=Carabineros%20detuvo%20a%20tres%20sujetos%20y%20frustra%20robo%20a%20local%20comercial%20en%20Coyhaique&#038;url=https:\/\/radiorevelacionfm.cl\/?p=12996' aria-hidden='false' data-av_icon='\ue8fc' data-av_iconfont='entypo-fontello' title='' data-avia-related-tooltip='Compartir en LinkedIn' rel=\"noopener\"><span class='avia_hidden_link_text'>Compartir en LinkedIn<\/span><\/a><\/li><li class='av-share-link av-social-link-mail' ><a  aria-label=\"Compartir por correo\" href='mailto:?subject=Carabineros%20detuvo%20a%20tres%20sujetos%20y%20frustra%20robo%20a%20local%20comercial%20en%20Coyhaique&#038;body=https:\/\/radiorevelacionfm.cl\/?p=12996' aria-hidden='false' data-av_icon='\ue805' data-av_iconfont='entypo-fontello' title='' data-avia-related-tooltip='Compartir por correo'><span class='avia_hidden_link_text'>Compartir por correo<\/span><\/a><\/li><\/ul><\/div><\/div>\n<div  style='height:50px' class='hr hr-invisible   avia-builder-el-8  el_after_av_social_share  el_before_av_comments_list '><span class='hr-inner ' ><span class='hr-inner-style'><\/span><\/span><\/div>\n<div  class='av-buildercomment  av-blog-meta-html-info-disabled av-blog-meta-tag-disabled  '><\/div>\n","protected":false},"excerpt":{"rendered":"","protected":false},"author":1,"featured_media":12997,"comment_status":"open","ping_status":"open","sticky":false,"template":"","format":"standard","meta":{"footnotes":""},"categories":[36],"tags":[],"class_list":["post-12996","post","type-post","status-publish","format-standard","has-post-thumbnail","hentry","category-policial"],"jetpack_featured_media_url":"https:\/\/radiorevelacionfm.cl\/wp-content\/uploads\/2022\/01\/archivo-1-1.jpg","_links":{"self":[{"href":"https:\/\/radiorevelacionfm.cl\/index.php?rest_route=\/wp\/v2\/posts\/12996","targetHints":{"allow":["GET"]}}],"collection":[{"href":"https:\/\/radiorevelacionfm.cl\/index.php?rest_route=\/wp\/v2\/posts"}],"about":[{"href":"https:\/\/radiorevelacionfm.cl\/index.php?rest_route=\/wp\/v2\/types\/post"}],"author":[{"embeddable":true,"href":"https:\/\/radiorevelacionfm.cl\/index.php?rest_route=\/wp\/v2\/users\/1"}],"replies":[{"embeddable":true,"href":"https:\/\/radiorevelacionfm.cl\/index.php?rest_route=%2Fwp%2Fv2%2Fcomments&post=12996"}],"version-history":[{"count":2,"href":"https:\/\/radiorevelacionfm.cl\/index.php?rest_route=\/wp\/v2\/posts\/12996\/revisions"}],"predecessor-version":[{"id":12999,"href":"https:\/\/radiorevelacionfm.cl\/index.php?rest_route=\/wp\/v2\/posts\/12996\/revisions\/12999"}],"wp:featuredmedia":[{"embeddable":true,"href":"https:\/\/radiorevelacionfm.cl\/index.php?rest_route=\/wp\/v2\/media\/12997"}],"wp:attachment":[{"href":"https:\/\/radiorevelacionfm.cl\/index.php?rest_route=%2Fwp%2Fv2%2Fmedia&parent=12996"}],"wp:term":[{"taxonomy":"category","embeddable":true,"href":"https:\/\/radiorevelacionfm.cl\/index.php?rest_route=%2Fwp%2Fv2%2Fcategories&post=12996"},{"taxonomy":"post_tag","embeddable":true,"href":"https:\/\/radiorevelacionfm.cl\/index.php?rest_route=%2Fwp%2Fv2%2Ftags&post=12996"}],"curies":[{"name":"wp","href":"https:\/\/api.w.org\/{rel}","templated":true}]}}