{"id":12983,"date":"2022-01-18T16:18:25","date_gmt":"2022-01-18T19:18:25","guid":{"rendered":"https:\/\/radiorevelacionfm.cl\/?p=12983"},"modified":"2022-01-18T16:18:25","modified_gmt":"2022-01-18T19:18:25","slug":"calisto-pide-a-futuro-gobierno-avanzar-en-conectividad-terrestre-de-aysen-con-el-norte-de-chile","status":"publish","type":"post","link":"https:\/\/radiorevelacionfm.cl\/?p=12983","title":{"rendered":"Calisto pide a futuro Gobierno avanzar en conectividad terrestre de Ays\u00e9n con el norte de Chile"},"content":{"rendered":"<div class=\"flex_column av_one_full  flex_column_div av-zero-column-padding first  avia-builder-el-0  el_before_av_one_full  avia-builder-el-first  \" style='border-radius:0px; '><div  class='avia-image-container  av-styling-    avia-builder-el-1  avia-builder-el-no-sibling  avia-align-center '  itemprop=\"image\" itemscope=\"itemscope\" itemtype=\"https:\/\/schema.org\/ImageObject\"  ><div class='avia-image-container-inner'><div class='avia-image-overlay-wrap'><img decoding=\"async\" class='wp-image-3867 avia-img-lazy-loading-not-3867 avia_image' src=\"https:\/\/radiorevelacionfm.cl\/wp-content\/uploads\/2021\/05\/Calisto31.jpg\" alt='' title='Calisto(3)1' height=\"600\" width=\"899\"  itemprop=\"thumbnailUrl\" srcset=\"https:\/\/radiorevelacionfm.cl\/wp-content\/uploads\/2021\/05\/Calisto31.jpg 899w, https:\/\/radiorevelacionfm.cl\/wp-content\/uploads\/2021\/05\/Calisto31-300x200.jpg 300w, https:\/\/radiorevelacionfm.cl\/wp-content\/uploads\/2021\/05\/Calisto31-768x513.jpg 768w, https:\/\/radiorevelacionfm.cl\/wp-content\/uploads\/2021\/05\/Calisto31-705x471.jpg 705w, https:\/\/radiorevelacionfm.cl\/wp-content\/uploads\/2021\/05\/Calisto31-600x400.jpg 600w\" sizes=\"(max-width: 899px) 100vw, 899px\" \/><\/div><\/div><\/div><\/div><div class=\"flex_column av_one_full  flex_column_div av-zero-column-padding first  avia-builder-el-2  el_after_av_one_full  el_before_av_one_full  column-top-margin\" style='border-radius:0px; '><section class=\"av_textblock_section \"  itemscope=\"itemscope\" itemtype=\"https:\/\/schema.org\/BlogPosting\" itemprop=\"blogPost\" ><div class='avia_textblock  '   itemprop=\"text\" ><p style=\"text-align: center;\"><span style=\"font-size: 18pt;\"><b><span lang=\"ES\">Calisto pide a futuro Gobierno avanzar en conectividad terrestre de Ays\u00e9n con el norte de Chile<\/span><\/b><\/span><\/p>\n<div id=\"gtx-trans\" style=\"position: absolute; left: -50px; top: 4.31534px;\">\n<div class=\"gtx-trans-icon\"><\/div>\n<\/div>\n<\/div><\/section><\/div><div class=\"flex_column av_one_full  flex_column_div av-zero-column-padding first  avia-builder-el-4  el_after_av_one_full  el_before_av_hr  column-top-margin\" style='border-radius:0px; '><section class=\"av_textblock_section \"  itemscope=\"itemscope\" itemtype=\"https:\/\/schema.org\/BlogPosting\" itemprop=\"blogPost\" ><div class='avia_textblock  '   itemprop=\"text\" ><p style=\"font-weight: 400; text-align: justify;\">El diputado Miguel \u00c1ngel Calisto hizo un llamado al nuevo Gobierno para concretar la anhelada ruta terrestre que permita unir a la regi\u00f3n de Ays\u00e9n con el resto de Chile, esto luego que cientos de personas tuvieran que esperar en Hornopir\u00e9n hasta por tres d\u00edas para poder subirse a la barcaza que une esta localidad con Chait\u00e9n, y que adem\u00e1s permite la conectividad bimodal con la regi\u00f3n de Ays\u00e9n.<\/p>\n<p style=\"font-weight: 400; text-align: justify;\">Seg\u00fan el legislador, quien se refiri\u00f3 a este tema en la sala de la C\u00e1mara de Diputados, \u201chace algunos d\u00edas fuimos testigos de una situaci\u00f3n lamentable en la Carretera Austral, cientos de personas, autos y camiones estuvieron hasta tres d\u00edas esperando para poder subir a la barcaza que une Hornopir\u00e9n con Chait\u00e9n, esto debido a la falla de una de las embarcaciones y sin ninguna alternativa concreta para que estas personas sigan su viaje. Todo esto en plena temporada alta, donde son muchos los turistas que deciden recorrer esta ruta\u201d.<\/p>\n<p style=\"font-weight: 400; text-align: justify;\">Calisto agreg\u00f3 que \u201cla ruta bimodal es la puerta de entrada norte a la regi\u00f3n de Ays\u00e9n, una zona de nuestro pa\u00eds que no tiene conexi\u00f3n terrestre con Chile, y que se mantiene como una especie de isla por la falta de voluntad pol\u00edtica de todos los gobiernos que han pasado\u201d.<\/p>\n<p style=\"font-weight: 400; text-align: justify;\">\u201cQuiero hacer un llamado al futuro Gobierno para conectar Chile por Chile, ya no resiste m\u00e1s la barcaza para conectar a la regi\u00f3n de Ays\u00e9n con el resto del pa\u00eds. Ac\u00e1 se quiere resguardar al Parque Pumal\u00edn, que me parece muy bien y respeto mucho a las organizaciones pro conservaci\u00f3n, pero hay un tema que es superior a cualquier conservaci\u00f3n, que es la conectividad terrestre de la regi\u00f3n de Ays\u00e9n\u201d, indic\u00f3.<\/p>\n<p style=\"font-weight: 400; text-align: justify;\">El parlamentario asegur\u00f3 que \u201cesta situaci\u00f3n tambi\u00e9n es lamentable por el turismo, porque despu\u00e9s de una pandemia que ha afectado profundamente el desarrollo de esta actividad, la imagen de cientos de viajeros esperando d\u00edas para poder continuar recorriendo la ruta bimodal no hace m\u00e1s que aumentar el da\u00f1o a este sector que ya ha sido muy golpeado\u201d.<\/p>\n<p style=\"font-weight: 400; text-align: justify;\">Finalmente, el legislador indic\u00f3 que \u201cle quiero pedir tambi\u00e9n al actual Gobierno que no se vayan de vacaciones, que todav\u00eda no termina su mandato, y garanticen la conectividad en esta zona entre Hornopir\u00e9n y Chait\u00e9n, y as\u00ed permitir que los turistas y los habitantes de la regi\u00f3n de Ays\u00e9n tengan una alternativa real para poder trasladarse\u201d.<\/p>\n<\/div><\/section><\/div><div  style='height:50px' class='hr hr-invisible   avia-builder-el-6  el_after_av_one_full  el_before_av_social_share '><span class='hr-inner ' ><span class='hr-inner-style'><\/span><\/span><\/div><\/p>\n<div  class='av-social-sharing-box  avia-builder-el-7  el_after_av_hr  el_before_av_hr  '><div class='av-share-box'><h5 class='av-share-link-description av-no-toc '>Compartir esta noticia<\/h5><ul class='av-share-box-list noLightbox'><li class='av-share-link av-social-link-facebook' ><a target=\"_blank\" aria-label=\"Compartir en Facebook\" href='https:\/\/www.facebook.com\/sharer.php?u=https:\/\/radiorevelacionfm.cl\/?p=12983&#038;t=Calisto%20pide%20a%20futuro%20Gobierno%20avanzar%20en%20conectividad%20terrestre%20de%20Ays%C3%A9n%20con%20el%20norte%20de%20Chile' aria-hidden='false' data-av_icon='\ue8f3' data-av_iconfont='entypo-fontello' title='' data-avia-related-tooltip='Compartir en Facebook' rel=\"noopener\"><span class='avia_hidden_link_text'>Compartir en Facebook<\/span><\/a><\/li><li class='av-share-link av-social-link-twitter' ><a target=\"_blank\" aria-label=\"Compartir en Twitter\" href='https:\/\/twitter.com\/share?text=Calisto%20pide%20a%20futuro%20Gobierno%20avanzar%20en%20conectividad%20terrestre%20de%20Ays%C3%A9n%20con%20el%20norte%20de%20Chile&#038;url=https:\/\/radiorevelacionfm.cl\/?p=12983' aria-hidden='false' data-av_icon='\ue8f1' data-av_iconfont='entypo-fontello' title='' data-avia-related-tooltip='Compartir en Twitter' rel=\"noopener\"><span class='avia_hidden_link_text'>Compartir en Twitter<\/span><\/a><\/li><li class='av-share-link av-social-link-whatsapp' ><a target=\"_blank\" aria-label=\"Compartir en Whatsapp\" href='https:\/\/api.whatsapp.com\/send?text=https:\/\/radiorevelacionfm.cl\/?p=12983' aria-hidden='false' data-av_icon='\uf232' data-av_iconfont='entypo-fontello' title='' data-avia-related-tooltip='Compartir en Whatsapp' rel=\"noopener\"><span class='avia_hidden_link_text'>Compartir en Whatsapp<\/span><\/a><\/li><li class='av-share-link av-social-link-linkedin' ><a target=\"_blank\" aria-label=\"Compartir en LinkedIn\" href='https:\/\/linkedin.com\/shareArticle?mini=true&#038;title=Calisto%20pide%20a%20futuro%20Gobierno%20avanzar%20en%20conectividad%20terrestre%20de%20Ays%C3%A9n%20con%20el%20norte%20de%20Chile&#038;url=https:\/\/radiorevelacionfm.cl\/?p=12983' aria-hidden='false' data-av_icon='\ue8fc' data-av_iconfont='entypo-fontello' title='' data-avia-related-tooltip='Compartir en LinkedIn' rel=\"noopener\"><span class='avia_hidden_link_text'>Compartir en LinkedIn<\/span><\/a><\/li><li class='av-share-link av-social-link-mail' ><a  aria-label=\"Compartir por correo\" href='mailto:?subject=Calisto%20pide%20a%20futuro%20Gobierno%20avanzar%20en%20conectividad%20terrestre%20de%20Ays%C3%A9n%20con%20el%20norte%20de%20Chile&#038;body=https:\/\/radiorevelacionfm.cl\/?p=12983' aria-hidden='false' data-av_icon='\ue805' data-av_iconfont='entypo-fontello' title='' data-avia-related-tooltip='Compartir por correo'><span class='avia_hidden_link_text'>Compartir por correo<\/span><\/a><\/li><\/ul><\/div><\/div>\n<div  style='height:50px' class='hr hr-invisible   avia-builder-el-8  el_after_av_social_share  el_before_av_comments_list '><span class='hr-inner ' ><span class='hr-inner-style'><\/span><\/span><\/div>\n<div  class='av-buildercomment  av-blog-meta-html-info-disabled av-blog-meta-tag-disabled  '><\/div>\n","protected":false},"excerpt":{"rendered":"","protected":false},"author":1,"featured_media":3867,"comment_status":"open","ping_status":"open","sticky":false,"template":"","format":"standard","meta":{"footnotes":""},"categories":[35],"tags":[],"class_list":["post-12983","post","type-post","status-publish","format-standard","has-post-thumbnail","hentry","category-politica"],"jetpack_featured_media_url":"https:\/\/radiorevelacionfm.cl\/wp-content\/uploads\/2021\/05\/Calisto31.jpg","_links":{"self":[{"href":"https:\/\/radiorevelacionfm.cl\/index.php?rest_route=\/wp\/v2\/posts\/12983","targetHints":{"allow":["GET"]}}],"collection":[{"href":"https:\/\/radiorevelacionfm.cl\/index.php?rest_route=\/wp\/v2\/posts"}],"about":[{"href":"https:\/\/radiorevelacionfm.cl\/index.php?rest_route=\/wp\/v2\/types\/post"}],"author":[{"embeddable":true,"href":"https:\/\/radiorevelacionfm.cl\/index.php?rest_route=\/wp\/v2\/users\/1"}],"replies":[{"embeddable":true,"href":"https:\/\/radiorevelacionfm.cl\/index.php?rest_route=%2Fwp%2Fv2%2Fcomments&post=12983"}],"version-history":[{"count":2,"href":"https:\/\/radiorevelacionfm.cl\/index.php?rest_route=\/wp\/v2\/posts\/12983\/revisions"}],"predecessor-version":[{"id":12985,"href":"https:\/\/radiorevelacionfm.cl\/index.php?rest_route=\/wp\/v2\/posts\/12983\/revisions\/12985"}],"wp:featuredmedia":[{"embeddable":true,"href":"https:\/\/radiorevelacionfm.cl\/index.php?rest_route=\/wp\/v2\/media\/3867"}],"wp:attachment":[{"href":"https:\/\/radiorevelacionfm.cl\/index.php?rest_route=%2Fwp%2Fv2%2Fmedia&parent=12983"}],"wp:term":[{"taxonomy":"category","embeddable":true,"href":"https:\/\/radiorevelacionfm.cl\/index.php?rest_route=%2Fwp%2Fv2%2Fcategories&post=12983"},{"taxonomy":"post_tag","embeddable":true,"href":"https:\/\/radiorevelacionfm.cl\/index.php?rest_route=%2Fwp%2Fv2%2Ftags&post=12983"}],"curies":[{"name":"wp","href":"https:\/\/api.w.org\/{rel}","templated":true}]}}