{"id":12980,"date":"2022-01-18T17:52:25","date_gmt":"2022-01-18T20:52:25","guid":{"rendered":"https:\/\/radiorevelacionfm.cl\/?p=12980"},"modified":"2022-01-18T17:52:25","modified_gmt":"2022-01-18T20:52:25","slug":"gore-financia-capacitacion-inedita-para-arbitros-de-la-anfa-coyhaique","status":"publish","type":"post","link":"https:\/\/radiorevelacionfm.cl\/?p=12980","title":{"rendered":"GORE financia capacitaci\u00f3n in\u00e9dita para \u00e1rbitros de la ANFA Coyhaique"},"content":{"rendered":"<div class=\"flex_column av_one_full  flex_column_div av-zero-column-padding first  avia-builder-el-0  el_before_av_one_full  avia-builder-el-first  \" style='border-radius:0px; '><div  class='avia-image-container  av-styling-    avia-builder-el-1  avia-builder-el-no-sibling  avia-align-center '  itemprop=\"image\" itemscope=\"itemscope\" itemtype=\"https:\/\/schema.org\/ImageObject\"  ><div class='avia-image-container-inner'><div class='avia-image-overlay-wrap'><img decoding=\"async\" class='wp-image-12981 avia-img-lazy-loading-not-12981 avia_image' src=\"https:\/\/radiorevelacionfm.cl\/wp-content\/uploads\/2022\/01\/Foto-1-ANFA-1-1.jpeg\" alt='' title='Foto 1 ANFA (1) (1)' height=\"600\" width=\"901\"  itemprop=\"thumbnailUrl\" srcset=\"https:\/\/radiorevelacionfm.cl\/wp-content\/uploads\/2022\/01\/Foto-1-ANFA-1-1.jpeg 901w, https:\/\/radiorevelacionfm.cl\/wp-content\/uploads\/2022\/01\/Foto-1-ANFA-1-1-300x200.jpeg 300w, https:\/\/radiorevelacionfm.cl\/wp-content\/uploads\/2022\/01\/Foto-1-ANFA-1-1-768x511.jpeg 768w, https:\/\/radiorevelacionfm.cl\/wp-content\/uploads\/2022\/01\/Foto-1-ANFA-1-1-705x469.jpeg 705w, https:\/\/radiorevelacionfm.cl\/wp-content\/uploads\/2022\/01\/Foto-1-ANFA-1-1-600x400.jpeg 600w\" sizes=\"(max-width: 901px) 100vw, 901px\" \/><\/div><\/div><\/div><\/div><div class=\"flex_column av_one_full  flex_column_div av-zero-column-padding first  avia-builder-el-2  el_after_av_one_full  el_before_av_one_full  column-top-margin\" style='border-radius:0px; '><section class=\"av_textblock_section \"  itemscope=\"itemscope\" itemtype=\"https:\/\/schema.org\/BlogPosting\" itemprop=\"blogPost\" ><div class='avia_textblock  '   itemprop=\"text\" ><p style=\"text-align: center;\"><span style=\"font-size: 18pt;\"><b>GORE financia capacitaci\u00f3n in\u00e9dita para \u00e1rbitros de la ANFA Coyhaique<\/b><\/span><\/p>\n<div id=\"gtx-trans\" style=\"position: absolute; left: -50px; top: 4.31534px;\">\n<div class=\"gtx-trans-icon\"><\/div>\n<\/div>\n<\/div><\/section><\/div><div class=\"flex_column av_one_full  flex_column_div av-zero-column-padding first  avia-builder-el-4  el_after_av_one_full  el_before_av_hr  column-top-margin\" style='border-radius:0px; '><section class=\"av_textblock_section \"  itemscope=\"itemscope\" itemtype=\"https:\/\/schema.org\/BlogPosting\" itemprop=\"blogPost\" ><div class='avia_textblock  '   itemprop=\"text\" ><p style=\"text-align: justify;\">\u00abLa verdad para nosotros que somos \u00e1rbitros del f\u00fatbol este financiamiento nos cae de maravilla porque hace tres o cuatro a\u00f1os atr\u00e1s que no tenemos financiamiento alguno de alguna capacitaci\u00f3n, y c\u00f3mo yo dec\u00eda muchas veces nosotros los \u00e1rbitros estamos en la UCI. No hab\u00eda renovaci\u00f3n de \u00e1rbitros, entonces este proyecto nos vino a ayudar en parte lo que es el arbitraje de la regi\u00f3n. Hay mucha pega por hacer, estamos reci\u00e9n empezando y con la ayuda de nuestras autoridades en este caso la de la se\u00f1orita Gobernadora Andrea Mac\u00edas y de algunos Consejeros Regionales, podemos empezar a desarrollar m\u00e1s proyectos de aqu\u00ed en adelante\u00bb, abr\u00eda en las palabras Carlos Barr\u00eda.<\/p>\n<p style=\"text-align: justify;\">La capacitaci\u00f3n, que benefici\u00f3 a socios y participantes de las ligas profesionales de f\u00fatbol regionales, tuvo su ceremonia de certificaci\u00f3n y cierre este fin de semana y cont\u00f3 con la presencia de la Gobernadora Regional, Andrea Mac\u00edas Palma, y el Consejero Gustavo Villarroel, presidente de la Comisi\u00f3n Social del Consejo Regional.<\/p>\n<p style=\"text-align: justify;\">Para la m\u00e1xima autoridad de la regi\u00f3n, este tipo de proyectos emblem\u00e1ticos reafirman el compromiso del Gobierno Regional con las necesidades del territorio, especialmente aquellas que no est\u00e1n siendo abordadas por alguna otra cartera sectorial.<\/p>\n<p style=\"text-align: justify;\">\u00abEste tipo de iniciativas tiene mucho que ver con la visi\u00f3n que uno tiene y yo lo he dicho muchas veces, lo hemos compartido con el Consejo Regional, cuando la voluntad y la visi\u00f3n que uno tiene logra implantarse podemos tener avances que son importantes nosotros. La oportunidad de educarnos en todos los pasos de nuestra vida, de aprender, de capacitarnos. Siempre queremos poner lo mejor de nosotros en lo que hacemos, nuestros talentos a disposici\u00f3n; cuando uno piensa en el arbitraje de manera inmediata uno piensa en un sentido de justicia, en un sentido de igualdad, en un criterio cierto que prevalece frente a mediar en ciertos actos y esas son caracter\u00edsticas que uno quisiera que abundan en nuestra poblaci\u00f3n y, si a eso adem\u00e1s, le podemos poner en valor desde la certificaci\u00f3n pucha que tiene sentido\u00bb, comentaba la Gobernadora Mac\u00edas en la ceremonia.<\/p>\n<p style=\"text-align: justify;\">La educaci\u00f3n, el deporte, la cultura ha transitado en la regi\u00f3n muchos a\u00f1os, pero con poca inversi\u00f3n real en las personas. Por eso, este emblem\u00e1tico programa quiere ser el primero de muchos que proyecte el trabajo del Gobierno Regional directamente a las personas.<\/p>\n<p style=\"text-align: justify;\">\u00abEn nombre de la Federaci\u00f3n de \u00c1rbitros de Chile y en el m\u00edo personal le damos la bienvenida a esta nueva Instituci\u00f3n llamada Asociaci\u00f3n \u00c1rbitros Comunal Coyhaique, ya se lo explicamos a ellos, estuvimos una semana con el taller de capacitaci\u00f3n de hacer los informes de charlas t\u00e9cnicas c\u00f3mo trabajar en los campos de juego. Cr\u00e9anos, para nosotros es un orgullo poder realizar esto que tanto nos apasiona y nos gusta. La Federaci\u00f3n tiene su historia desde Arica a Punta Arenas, 101 a\u00f1os vamos a conmemorar muy luego, el 1\u00b0 de marzo. Es un orgullo para nosotros, est\u00e1n todos con el ex\u00e1men para la titulaci\u00f3n de \u00e1rbitros oficiales todos, en especial para Savka, la \u00fanica dama qu\u00e9 particip\u00f3 en este curso. Ya vendr\u00e1n tiempos mejores donde existan m\u00e1s mujeres, la idea es esa\u00bb, coment\u00f3 Luis Vargas, Vicepresidente Nacional de \u00c1rbitros de Chile.<\/p>\n<p style=\"text-align: justify;\">Por su parte, el Consejero Villarroel, destac\u00f3 el enorme v\u00ednculo con las organizaciones que se espera proyectar en el futuro desde el Gobierno Regional. \u00abNos parec\u00eda s\u00faper importante comenzar a pensar en una capacitaci\u00f3n para ello, esta es una de las pocas experiencias que se han desarrollado en la regi\u00f3n en materia de capacitaci\u00f3n para \u00e1rbitros y all\u00ed estuvo dispuesto primero nuestra comisi\u00f3n social y deporte del consejo regional del CORE y por supuesto la voluntad de nuestra Gobernadora Regional para cuando le planteamos este tema inmediatamente nos dieron la respuesta positiva entregando todo su apoyo. Quiero tambi\u00e9n sumarme a los saludos especiales de Savka y Manuel, dos j\u00f3venes valores que ya han finalizado su educaci\u00f3n superior y admirado de que junto a su t\u00edtulo profesional pueden perfectamente profesionalizarse tambi\u00e9n en el tema del arbitraje\u00bb.<\/p>\n<p style=\"text-align: justify;\">Para finalizar, la Gobernadora Regional abord\u00f3 los compromisos que quedan por delante con la instituci\u00f3n. \u00abFelicitaciones a todos quienes hicieron un gran esfuerzo para participar de esta jornada, fueron ocho d\u00edas con actividades te\u00f3ricas y con pr\u00e1ctico en el estadio regional, aprovechamos tambi\u00e9n de agradecer el apoyo que nos dio el director regional del IND para facilitar las dependencias. Creo que estos trabajos y estos proyectos complementarios tienen mucho m\u00e1s valor cuando son distintas las entidades que participan\u00bb.<\/p>\n<\/div><\/section><\/div><div  style='height:50px' class='hr hr-invisible   avia-builder-el-6  el_after_av_one_full  el_before_av_social_share '><span class='hr-inner ' ><span class='hr-inner-style'><\/span><\/span><\/div><\/p>\n<div  class='av-social-sharing-box  avia-builder-el-7  el_after_av_hr  el_before_av_hr  '><div class='av-share-box'><h5 class='av-share-link-description av-no-toc '>Compartir esta noticia<\/h5><ul class='av-share-box-list noLightbox'><li class='av-share-link av-social-link-facebook' ><a target=\"_blank\" aria-label=\"Compartir en Facebook\" href='https:\/\/www.facebook.com\/sharer.php?u=https:\/\/radiorevelacionfm.cl\/?p=12980&#038;t=GORE%20financia%20capacitaci%C3%B3n%20in%C3%A9dita%20para%20%C3%A1rbitros%20de%20la%20ANFA%20Coyhaique' aria-hidden='false' data-av_icon='\ue8f3' data-av_iconfont='entypo-fontello' title='' data-avia-related-tooltip='Compartir en Facebook' rel=\"noopener\"><span class='avia_hidden_link_text'>Compartir en Facebook<\/span><\/a><\/li><li class='av-share-link av-social-link-twitter' ><a target=\"_blank\" aria-label=\"Compartir en Twitter\" href='https:\/\/twitter.com\/share?text=GORE%20financia%20capacitaci%C3%B3n%20in%C3%A9dita%20para%20%C3%A1rbitros%20de%20la%20ANFA%20Coyhaique&#038;url=https:\/\/radiorevelacionfm.cl\/?p=12980' aria-hidden='false' data-av_icon='\ue8f1' data-av_iconfont='entypo-fontello' title='' data-avia-related-tooltip='Compartir en Twitter' rel=\"noopener\"><span class='avia_hidden_link_text'>Compartir en Twitter<\/span><\/a><\/li><li class='av-share-link av-social-link-whatsapp' ><a target=\"_blank\" aria-label=\"Compartir en Whatsapp\" href='https:\/\/api.whatsapp.com\/send?text=https:\/\/radiorevelacionfm.cl\/?p=12980' aria-hidden='false' data-av_icon='\uf232' data-av_iconfont='entypo-fontello' title='' data-avia-related-tooltip='Compartir en Whatsapp' rel=\"noopener\"><span class='avia_hidden_link_text'>Compartir en Whatsapp<\/span><\/a><\/li><li class='av-share-link av-social-link-linkedin' ><a target=\"_blank\" aria-label=\"Compartir en LinkedIn\" href='https:\/\/linkedin.com\/shareArticle?mini=true&#038;title=GORE%20financia%20capacitaci%C3%B3n%20in%C3%A9dita%20para%20%C3%A1rbitros%20de%20la%20ANFA%20Coyhaique&#038;url=https:\/\/radiorevelacionfm.cl\/?p=12980' aria-hidden='false' data-av_icon='\ue8fc' data-av_iconfont='entypo-fontello' title='' data-avia-related-tooltip='Compartir en LinkedIn' rel=\"noopener\"><span class='avia_hidden_link_text'>Compartir en LinkedIn<\/span><\/a><\/li><li class='av-share-link av-social-link-mail' ><a  aria-label=\"Compartir por correo\" href='mailto:?subject=GORE%20financia%20capacitaci%C3%B3n%20in%C3%A9dita%20para%20%C3%A1rbitros%20de%20la%20ANFA%20Coyhaique&#038;body=https:\/\/radiorevelacionfm.cl\/?p=12980' aria-hidden='false' data-av_icon='\ue805' data-av_iconfont='entypo-fontello' title='' data-avia-related-tooltip='Compartir por correo'><span class='avia_hidden_link_text'>Compartir por correo<\/span><\/a><\/li><\/ul><\/div><\/div>\n<div  style='height:50px' class='hr hr-invisible   avia-builder-el-8  el_after_av_social_share  el_before_av_comments_list '><span class='hr-inner ' ><span class='hr-inner-style'><\/span><\/span><\/div>\n<div  class='av-buildercomment  av-blog-meta-html-info-disabled av-blog-meta-tag-disabled  '><\/div>\n","protected":false},"excerpt":{"rendered":"","protected":false},"author":1,"featured_media":12981,"comment_status":"open","ping_status":"open","sticky":false,"template":"","format":"standard","meta":{"footnotes":""},"categories":[38],"tags":[],"class_list":["post-12980","post","type-post","status-publish","format-standard","has-post-thumbnail","hentry","category-regional"],"jetpack_featured_media_url":"https:\/\/radiorevelacionfm.cl\/wp-content\/uploads\/2022\/01\/Foto-1-ANFA-1-1.jpeg","_links":{"self":[{"href":"https:\/\/radiorevelacionfm.cl\/index.php?rest_route=\/wp\/v2\/posts\/12980","targetHints":{"allow":["GET"]}}],"collection":[{"href":"https:\/\/radiorevelacionfm.cl\/index.php?rest_route=\/wp\/v2\/posts"}],"about":[{"href":"https:\/\/radiorevelacionfm.cl\/index.php?rest_route=\/wp\/v2\/types\/post"}],"author":[{"embeddable":true,"href":"https:\/\/radiorevelacionfm.cl\/index.php?rest_route=\/wp\/v2\/users\/1"}],"replies":[{"embeddable":true,"href":"https:\/\/radiorevelacionfm.cl\/index.php?rest_route=%2Fwp%2Fv2%2Fcomments&post=12980"}],"version-history":[{"count":2,"href":"https:\/\/radiorevelacionfm.cl\/index.php?rest_route=\/wp\/v2\/posts\/12980\/revisions"}],"predecessor-version":[{"id":12991,"href":"https:\/\/radiorevelacionfm.cl\/index.php?rest_route=\/wp\/v2\/posts\/12980\/revisions\/12991"}],"wp:featuredmedia":[{"embeddable":true,"href":"https:\/\/radiorevelacionfm.cl\/index.php?rest_route=\/wp\/v2\/media\/12981"}],"wp:attachment":[{"href":"https:\/\/radiorevelacionfm.cl\/index.php?rest_route=%2Fwp%2Fv2%2Fmedia&parent=12980"}],"wp:term":[{"taxonomy":"category","embeddable":true,"href":"https:\/\/radiorevelacionfm.cl\/index.php?rest_route=%2Fwp%2Fv2%2Fcategories&post=12980"},{"taxonomy":"post_tag","embeddable":true,"href":"https:\/\/radiorevelacionfm.cl\/index.php?rest_route=%2Fwp%2Fv2%2Ftags&post=12980"}],"curies":[{"name":"wp","href":"https:\/\/api.w.org\/{rel}","templated":true}]}}